{"id":37056,"date":"2023-09-08T15:20:39","date_gmt":"2023-09-08T15:20:39","guid":{"rendered":"http:\/\/historiografija.hr\/?p=37056"},"modified":"2023-09-09T13:25:03","modified_gmt":"2023-09-09T13:25:03","slug":"zbornik-radova-casopis-zena-danas-1936-1940-prosvecivanje-za-revoluciju","status":"publish","type":"post","link":"https:\/\/historiografija.hr\/?p=37056","title":{"rendered":"Zbornik radova \u201e\u010casopis \u017dena danas (1936\u20131940): prosve\u0107ivanje za revoluciju\u201c"},"content":{"rendered":"\n<p><strong>Uredila Stanislava Bara\u0107<\/strong><\/p>\n\n\n\n<hr class=\"wp-block-separator\"\/>\n\n\n\n<p>Izdava\u010d:<\/p>\n\n\n\n<p>Institut za knji\u017eevnost i umetnost<\/p>\n\n\n\n<p>Beograd, 2022.<\/p>\n\n\n\n<hr class=\"wp-block-separator\"\/>\n\n\n\n<p><strong>Sa\u017eetak:<\/strong><\/p>\n\n\n\n<p>U priru\u010dniku iz 1984. godine, <em>Srpska knji\u017eevna periodika 1768\u20131941: popis i drugi prilozi<\/em>, tada\u0161nji saradnici projekta za prou\u010davanje periodike popisali su i \u010dasopis <em>\u017dena danas<\/em> kao jedan od onih koje treba obraditi u tada jo\u0161 uvek planiranoj sinteti\u010dkoj <em>Istoriji srpske knji\u017eevne periodike<\/em>. Kako se umesto sinteti\u010dkog hronolo\u0161kog enciklopedijskog pregleda svih \u010dasopisa od 90-ih godina 20. veka uspostavio model detaljne i problemske obrade pojedina\u010dnog \u010dasopisa ili grupe \u010dasopisa, tako je u istoimenoj ediciji i za <em>\u017denu danas<\/em> (1936\u20131940) izra\u0111ena <a href=\"http:\/\/dirikum.org.rs\/112\/\">bibliografija<\/a>, a na osnovu nau\u010dnog skupa nacionalnog zna\u010daja <em>\u010casopis \u017dena danas (1936\u20131940)<\/em>, odr\u017eanog jo\u0161 u decembru 2015. godine, ure\u0111en je zbornik <em>\u010casopis \u017dena danas (1936\u20131940): prosve\u0107ivanje za revoluciju<\/em>, koji je objavljen krajem 2022. godine, a \u010dije <a href=\"https:\/\/www.ikum.org.rs\/images\/izdanja\/zdsadrzaj.pdf\">uvodne stranice<\/a> (Sadr\u017eaj, Moto i Uvodnu re\u010d) mo\u017eete tako\u0111e preuzeti.<\/p>\n\n\n\n<p>Cilj ovog kolektivnog istra\u017eiva\u010dkog poduhvata bio je da se prva serija \u010dasopisa <em>\u017dena danas<\/em> postavi u vi\u0161estruke kontekste kojima pripada, a ni\u0161ta manje da se pomo\u0107u razli\u010ditih metodologija pa\u017eljivo pro\u010ditaju i protuma\u010de njegovi knji\u017eevni prilozi (kratke pri\u010de, prevodna knji\u017eevnost, putopisi), kriti\u010darski \u010dlanci (knji\u017eevna, likovna i filmska kritika) i drugi specifi\u010dno periodi\u010dki \u017eanrovi (pisma \u010ditateljki, reporta\u017ee, feljtoni, fotokola\u017e, fotomonta\u017ea, modna rubrika). Osnovni okviri za prou\u010davanje prve serije \u010dasopisa <em>\u017dena danas<\/em> bile su globalna istorija antifa\u0161izma, Narodnog fronta, Komunisti\u010dke internacionale, Antifa\u0161isti\u010dkog fronta \u017eena Jugoslavije, istorija Komunisti\u010dke partije Jugoslavije, posebno njene omladine. To su zatim \u2013 budu\u0107i da je komunisti\u010dka omladina svoju ilegalnu aktivnost morala da prikrije drugim legalnim aktivnostima, a u ovom slu\u010daju je to \u010dinila uspe\u0161nim i uverenim uklju\u010divanjem u postoje\u0107i feministi\u010dki pokret \u2013 i istorija \u017eena te istorija jugoslovenskog feminizma.<\/p>\n\n\n\n<p>Odnosno, kako je kroz svojevrsni ukr\u0161taj narodnofrontovske strategije i feministi\u010dkih pacifisti\u010dkih snaga, <em>\u017dena danas<\/em> bila deo jednog autonomnog internacionalnog \u017eenskog pokreta koji po\u010dinje osnivanjem Svetskog komiteta \u017eena protiv rata i fa\u0161izma (1934), a nastavlja se kroz postratni rad Me\u0111unarodne \u017eenske demokratske federacije, <em>\u017denu danas<\/em> posmatrana je unutar mre\u017ee koju \u010dine levi feministi\u010dki narodnofrontovski \u010dasopisi <em>Les femmes dans l\u2019action mondiale: Organe mensuel du Comite Mondial des Femmes<\/em> (1934\u20131939 Francuska), <em>Jeunes filles de France<\/em> (1936\u20131938, Francuska), <em>Mujeres Libres<\/em> (1936\u20131938, \u0160panija), <em>La Mujer Nueva<\/em> (1935\u20131941, \u010cile), <em>Woman Today<\/em> (Velika Britanija) i (istoimeni) <em>Woman Today<\/em> (1936\u20131937, SAD).<\/p>\n\n\n\n<p>Ostvaruju\u0107i svoje dru\u0161tvene i politi\u010dke ciljeve pomo\u0107u knji\u017eevnosti, ali i drugih umetnosti, a me\u0111u njima pre svega likovne umetnosti i uop\u0161te vizuelne kulture, <em>\u017dena danas<\/em> va\u017ena je, dakle, kao predmet istorije knji\u017eevnosti i istorije (vizuelnih) umetnosti. Kao i uvek kada se posle vi\u0161e godina vra\u0107amo odre\u0111enom \u010dasopisu kao posebnom predmetu istra\u017eivanja ispostavlja se da njegovo pa\u017eljivo \u010ditanje bitno pro\u0161iruje korpus srpske i jugoslovenske knji\u017eevnosti, u smislu da iznova otkriva pojedina\u010dne tekstove, autorke i autore ili \u010ditave knji\u017eevne tokove koji su u me\u0111uvremenu bili zaboravljeni ili potisnuti iz akademskih istra\u017eivanja.<\/p>\n\n\n\n<p><strong>Klju\u010dne re\u010di:<\/strong><\/p>\n\n\n\n<p>istorija srpske knji\u017eevne periodike, \u017eenska periodika, omladinska periodika, ilustrovani magazini, \u017eenski pokret, feminizam, Komunisti\u010dka partija Jugoslavije, Narodni front, antifa\u0161izam, Antifa\u0161isti\u010dki front \u017eena Jugoslavije, Mitra Mitrovi\u0107, Olga Timotijevi\u0107, pokret socijalne literature, anga\u017eovana \u017eenska proza<\/p>\n\n\n\n<hr class=\"wp-block-separator\"\/>\n\n\n\n<p><strong>Izvor:<\/strong><\/p>\n\n\n\n<p><a href=\"https:\/\/www.ikum.org.rs\/lat\/editions.php?id=170\">https:\/\/www.ikum.org.rs\/lat\/editions.php?id=170<\/a><\/p>\n\n\n\n<hr class=\"wp-block-separator\"\/>\n\n\n\n<p><strong>Iz medija\/odjeci:<\/strong><\/p>\n\n\n\n<p><a href=\"https:\/\/www.rts.rs\/lat\/radio\/radio-beograd-2\/5137769\/prosvecivanje-za-revoluciju-zbornik-o-casopisu-zena-danas-19361940-.html\">https:\/\/www.rts.rs\/lat\/radio\/radio-beograd-2\/5137769\/prosvecivanje-za-revoluciju-zbornik-o-casopisu-zena-danas-19361940-.html<\/a><\/p>\n\n\n\n<p><a href=\"https:\/\/slavic.columbia.edu\/events\/woman-today-zena-danas-1936-1940-and-popular-front-strategy\">https:\/\/slavic.columbia.edu\/events\/woman-today-zena-danas-1936-1940-and-popular-front-strategy<\/a><\/p>\n\n\n\n<hr class=\"wp-block-separator\"\/>\n\n\n\n<p><\/p>\n","protected":false},"excerpt":{"rendered":"","protected":false},"author":2,"featured_media":37059,"comment_status":"open","ping_status":"open","sticky":false,"template":"","format":"standard","meta":{"_acf_changed":false,"jetpack_post_was_ever_published":false,"_jetpack_newsletter_access":"","_jetpack_dont_email_post_to_subs":false,"_jetpack_newsletter_tier_id":0,"_jetpack_memberships_contains_paywalled_content":false,"_jetpack_memberships_contains_paid_content":false,"footnotes":"","jetpack_publicize_message":"","jetpack_publicize_feature_enabled":true,"jetpack_social_post_already_shared":true,"jetpack_social_options":{"image_generator_settings":{"template":"highway","default_image_id":0,"font":"","enabled":false},"version":2}},"categories":[8,3],"tags":[],"class_list":["post-37056","post","type-post","status-publish","format-standard","has-post-thumbnail","hentry","category-knjige","category-novosti"],"acf":{"facebook_opis":""},"jetpack_publicize_connections":[],"jetpack_featured_media_url":"https:\/\/i0.wp.com\/historiografija.hr\/wp-content\/uploads\/2023\/09\/zena_danas_zbornik.jpg?fit=223%2C301&ssl=1","jetpack_sharing_enabled":true,"jetpack-related-posts":[],"_links":{"self":[{"href":"https:\/\/historiografija.hr\/index.php?rest_route=\/wp\/v2\/posts\/37056","targetHints":{"allow":["GET"]}}],"collection":[{"href":"https:\/\/historiografija.hr\/index.php?rest_route=\/wp\/v2\/posts"}],"about":[{"href":"https:\/\/historiografija.hr\/index.php?rest_route=\/wp\/v2\/types\/post"}],"author":[{"embeddable":true,"href":"https:\/\/historiografija.hr\/index.php?rest_route=\/wp\/v2\/users\/2"}],"replies":[{"embeddable":true,"href":"https:\/\/historiografija.hr\/index.php?rest_route=%2Fwp%2Fv2%2Fcomments&post=37056"}],"version-history":[{"count":2,"href":"https:\/\/historiografija.hr\/index.php?rest_route=\/wp\/v2\/posts\/37056\/revisions"}],"predecessor-version":[{"id":37063,"href":"https:\/\/historiografija.hr\/index.php?rest_route=\/wp\/v2\/posts\/37056\/revisions\/37063"}],"wp:featuredmedia":[{"embeddable":true,"href":"https:\/\/historiografija.hr\/index.php?rest_route=\/wp\/v2\/media\/37059"}],"wp:attachment":[{"href":"https:\/\/historiografija.hr\/index.php?rest_route=%2Fwp%2Fv2%2Fmedia&parent=37056"}],"wp:term":[{"taxonomy":"category","embeddable":true,"href":"https:\/\/historiografija.hr\/index.php?rest_route=%2Fwp%2Fv2%2Fcategories&post=37056"},{"taxonomy":"post_tag","embeddable":true,"href":"https:\/\/historiografija.hr\/index.php?rest_route=%2Fwp%2Fv2%2Ftags&post=37056"}],"curies":[{"name":"wp","href":"https:\/\/api.w.org\/{rel}","templated":true}]}}