{"id":37052,"date":"2023-09-08T14:58:54","date_gmt":"2023-09-08T14:58:54","guid":{"rendered":"http:\/\/historiografija.hr\/?p=37052"},"modified":"2023-09-08T15:00:03","modified_gmt":"2023-09-08T15:00:03","slug":"lada-durakovic-andrea-matosevic-ur-antifasizam-zbornik-odabranih-radova-s-petog-medunarodnog-znanstvenog-skupa-socijalizam-na-klupi-pula-30-rujna-2-listopada-2021","status":"publish","type":"post","link":"https:\/\/historiografija.hr\/?p=37052","title":{"rendered":"Lada Durakovi\u0107, Andrea Mato\u0161evi\u0107 (ur.), Antifa\u0161izam. Zbornik odabranih radova s Petog me\u0111unarodnog znanstvenog skupa Socijalizam na klupi, Pula, 30. rujna \u2013 2. listopada 2021."},"content":{"rendered":"\n<p>\u201cZbornik radova o fa\u0161izmu i antifa\u0161izmu predstavlja va\u017ean prilog sagledavanjima i tuma\u010denjima ovih pojmova, kao i praksama njihove suvremene (zlo)upotrebe. Posebna vrijednost, koju donose mnogi prilozi u zborniku, odnosi se na osvjetljavanje ekonomskih dimenzija fa\u0161izma te na vezu koja se i historijski, i u suvremenom kontekstu, javlja izme\u0111u fa\u0161izma i kapitalizma. Otuda se rezultati istra\u017eivanja, izneseni u ovom zborniku, ne odnose samo na mogu\u0107nost boljeg razumijevanja fa\u0161izma i antifa\u0161izma, ve\u0107 i na bolje razumijevanje slo\u017eenih okolnosti vremena i svijeta u kojem danas \u017eivimo.\u201d (Iz recenzije Ildiko Erdei)<\/p>\n\n\n\n<p>\u201cOsobitost pristupa ovog zbornika jest sagledavanje antifa\u0161izma iz razli\u010ditih metodolo\u0161kih perspektiva koje su analiti\u010dki osjetljive prema njegovim razli\u010ditim artikulacijama. Prilozi u zborniku radova \u010dine va\u017eno intelektualno mapiranje antifa\u0161izma koje je neophodno za njegovo slo\u017eenije razumijevanje kao pojma i vrijednosti, razotkrivaju\u0107i kompleksne relacije izme\u0111u povijesnog i suvremenog antifa\u0161izma, te ukazuju\u0107i na to kako je antifa\u0161izam danas slo\u017eeno \u2018polje borbe\u2019.\u201d (Iz recenzije Ma\u0161e Kolanovi\u0107)<\/p>\n\n\n\n<hr class=\"wp-block-separator\"\/>\n\n\n\n<p>Popis tekstova:<\/p>\n\n\n\n<p>Rastko Mo\u010dnik, Antifa\u0161izam danas<\/p>\n\n\n\n<p>Lorena Drakula, Antifa\u0161izam 21. stolje\u0107a: kako se nositi s uspjesima populisti\u010dke radikalne desnice?<\/p>\n\n\n\n<p>Ankica \u010cakardi\u0107, Fa\u0161izam kao simptom krize kapitalizma: tuma\u010denje Clare Zetkin<\/p>\n\n\n\n<p>Paul Stubbs, Promi\u0161ljanje antifa\u0161isti\u010dkih internacionalizama: Bandung, Beograd, Havana<\/p>\n\n\n\n<p>Xavier Bougarel, Prema bratstvu i jedinstvu: rekonstrukcija jugoslavenske zajednice naroda u zapadnoj Bosni (1941-1945)<\/p>\n\n\n\n<p>Branimir Jankovi\u0107, Transformacija pojma antifa\u0161izam i tranzicija povjesni\u010dara u Hrvatskoj<\/p>\n\n\n\n<p>Snje\u017eana Koren, \u201cDostojanstveno i nepristrano\u201d? Hrvatske politike povijesti i obilje\u017eavanje Europskog dana sje\u0107anja na \u017ertve svih totalitarnih i autoritarnih re\u017eima (2006-2022)<\/p>\n\n\n\n<p>Domagoj Ra\u010di\u0107, Antifa\u0161izam kao ideolo\u0161ki signal: od jugoslavenskog socijalizma do hrvatskog klijentelizma<\/p>\n\n\n\n<p>Tanja Petrovi\u0107, Antifa\u0161izam i akteri slovena\u010dke alternativne scene u 1980-im godinama iz perspektive (ne\u0161to) du\u017eeg trajanja<\/p>\n\n\n\n<p>Ana Hofman,&nbsp;<em>Mi ne damo zemlje na\u0161e da gaze fa\u0161isti<\/em>. O politi\u010dkim potencijalima i ograni\u010denjima estetizacije se\u0107anja na NOB<\/p>\n\n\n\n<hr class=\"wp-block-separator\"\/>\n\n\n\n<p>Izvor:<\/p>\n\n\n\n<figure class=\"wp-block-embed-wordpress wp-block-embed is-type-wp-embed is-provider-srednja-europa\"><div class=\"wp-block-embed__wrapper\">\n<blockquote class=\"wp-embedded-content\" data-secret=\"IzCFUN0Rq1\"><a href=\"https:\/\/srednja-europa.hr\/proizvod\/antifasizam\/\">Antifa\u0161izam<\/a><\/blockquote><iframe loading=\"lazy\" class=\"wp-embedded-content\" sandbox=\"allow-scripts\" security=\"restricted\" style=\"position: absolute; clip: rect(1px, 1px, 1px, 1px);\" title=\"&#8220;Antifa\u0161izam&#8221; &#8212; Srednja Europa\" src=\"https:\/\/srednja-europa.hr\/proizvod\/antifasizam\/embed\/#?secret=IzCFUN0Rq1\" data-secret=\"IzCFUN0Rq1\" width=\"600\" height=\"338\" frameborder=\"0\" marginwidth=\"0\" marginheight=\"0\" scrolling=\"no\"><\/iframe>\n<\/div><\/figure>\n\n\n\n<hr class=\"wp-block-separator\"\/>\n\n\n\n<p>Obavijest je objavljena i na portalu <strong>Historiografija.ba<\/strong>:<\/p>\n\n\n\n<p><a href=\"https:\/\/historiografija.ba\/article.php?id=1870\">https:\/\/historiografija.ba\/article.php?id=1870<\/a><\/p>\n\n\n\n<hr class=\"wp-block-separator\"\/>\n","protected":false},"excerpt":{"rendered":"","protected":false},"author":2,"featured_media":37053,"comment_status":"open","ping_status":"open","sticky":false,"template":"","format":"standard","meta":{"_acf_changed":false,"jetpack_post_was_ever_published":false,"_jetpack_newsletter_access":"","_jetpack_dont_email_post_to_subs":false,"_jetpack_newsletter_tier_id":0,"_jetpack_memberships_contains_paywalled_content":false,"_jetpack_memberships_contains_paid_content":false,"footnotes":"","jetpack_publicize_message":"","jetpack_publicize_feature_enabled":true,"jetpack_social_post_already_shared":true,"jetpack_social_options":{"image_generator_settings":{"template":"highway","default_image_id":0,"font":"","enabled":false},"version":2}},"categories":[8,3],"tags":[],"class_list":["post-37052","post","type-post","status-publish","format-standard","has-post-thumbnail","hentry","category-knjige","category-novosti"],"acf":{"facebook_opis":""},"jetpack_publicize_connections":[],"jetpack_featured_media_url":"https:\/\/i0.wp.com\/historiografija.hr\/wp-content\/uploads\/2023\/09\/Antifasizam_zbornik.jpg?fit=555%2C555&ssl=1","jetpack_sharing_enabled":true,"jetpack-related-posts":[],"_links":{"self":[{"href":"https:\/\/historiografija.hr\/index.php?rest_route=\/wp\/v2\/posts\/37052","targetHints":{"allow":["GET"]}}],"collection":[{"href":"https:\/\/historiografija.hr\/index.php?rest_route=\/wp\/v2\/posts"}],"about":[{"href":"https:\/\/historiografija.hr\/index.php?rest_route=\/wp\/v2\/types\/post"}],"author":[{"embeddable":true,"href":"https:\/\/historiografija.hr\/index.php?rest_route=\/wp\/v2\/users\/2"}],"replies":[{"embeddable":true,"href":"https:\/\/historiografija.hr\/index.php?rest_route=%2Fwp%2Fv2%2Fcomments&post=37052"}],"version-history":[{"count":2,"href":"https:\/\/historiografija.hr\/index.php?rest_route=\/wp\/v2\/posts\/37052\/revisions"}],"predecessor-version":[{"id":37055,"href":"https:\/\/historiografija.hr\/index.php?rest_route=\/wp\/v2\/posts\/37052\/revisions\/37055"}],"wp:featuredmedia":[{"embeddable":true,"href":"https:\/\/historiografija.hr\/index.php?rest_route=\/wp\/v2\/media\/37053"}],"wp:attachment":[{"href":"https:\/\/historiografija.hr\/index.php?rest_route=%2Fwp%2Fv2%2Fmedia&parent=37052"}],"wp:term":[{"taxonomy":"category","embeddable":true,"href":"https:\/\/historiografija.hr\/index.php?rest_route=%2Fwp%2Fv2%2Fcategories&post=37052"},{"taxonomy":"post_tag","embeddable":true,"href":"https:\/\/historiografija.hr\/index.php?rest_route=%2Fwp%2Fv2%2Ftags&post=37052"}],"curies":[{"name":"wp","href":"https:\/\/api.w.org\/{rel}","templated":true}]}}