{"id":37049,"date":"2023-09-08T14:47:56","date_gmt":"2023-09-08T14:47:56","guid":{"rendered":"http:\/\/historiografija.hr\/?p=37049"},"modified":"2023-09-08T14:47:56","modified_gmt":"2023-09-08T14:47:56","slug":"memorijalni-centar-lipa-pamti-predstavljanje-knjige-strah-od-pamcenja","status":"publish","type":"post","link":"https:\/\/historiografija.hr\/?p=37049","title":{"rendered":"Memorijalni centar Lipa pamti &#8211; predstavljanje knjige \u201eStrah od pam\u0107enja\u201c"},"content":{"rendered":"\n<p>Autorica: Natka Badurina<\/p>\n\n\n\n<p>Izdava\u010d: Disput d.o.o., Zagreb<\/p>\n\n\n\n<p>Organizator: Pomorski i povijesni muzej Hrvatskog primorja Rijeka<\/p>\n\n\n\n<p>Knjiga \u0107e biti predstavljena 12. rujna u 19 sati u Memorijalnom centru Lipa pamti<\/p>\n\n\n\n<p>Natka Badurina, Rije\u010danka zaposlena na Sveu\u010dili\u0161tu u Udinama, vrijedno prikuplja i istra\u017euje materijale vezane uz na\u010dine pam\u0107enja povijesnih doga\u0111aja. U knjizi \u201cStrah od pam\u0107enja\u201d, na gotovo tri stotine stranica, razotkriva razli\u010dite izvore pam\u0107enja doga\u0111aja u prvoj polovici 20. stolje\u0107a na podru\u010dju sjevernog Jadrana (dana\u0161nje Italije, Slovenije i Hrvatske).<\/p>\n\n\n\n<hr class=\"wp-block-separator\"\/>\n\n\n\n<p>Izvor:<\/p>\n\n\n\n<figure class=\"wp-block-embed-wordpress wp-block-embed is-type-wp-embed is-provider-pomorski-i-povijesni-muzej-hrvatskog-primorja\"><div class=\"wp-block-embed__wrapper\">\n<blockquote class=\"wp-embedded-content\" data-secret=\"CycnBBE5Ff\"><a href=\"https:\/\/ppmhp.hr\/predstavljanje-knjige-strah-od-pamcenja\/\">Predstavljanje knjige &#8220;Strah od pam\u0107enja&#8221;<\/a><\/blockquote><iframe loading=\"lazy\" class=\"wp-embedded-content\" sandbox=\"allow-scripts\" security=\"restricted\" style=\"position: absolute; clip: rect(1px, 1px, 1px, 1px);\" title=\"&#8220;Predstavljanje knjige &#8220;Strah od pam\u0107enja&#8221;&#8221; &#8212; Pomorski i povijesni muzej Hrvatskog primorja\" src=\"https:\/\/ppmhp.hr\/predstavljanje-knjige-strah-od-pamcenja\/embed\/#?secret=s79AC5E4YL#?secret=CycnBBE5Ff\" data-secret=\"CycnBBE5Ff\" width=\"600\" height=\"338\" frameborder=\"0\" marginwidth=\"0\" marginheight=\"0\" scrolling=\"no\"><\/iframe>\n<\/div><\/figure>\n\n\n\n<hr class=\"wp-block-separator\"\/>\n","protected":false},"excerpt":{"rendered":"","protected":false},"author":2,"featured_media":37050,"comment_status":"open","ping_status":"open","sticky":false,"template":"","format":"standard","meta":{"_acf_changed":false,"_jetpack_newsletter_access":"","_jetpack_dont_email_post_to_subs":false,"_jetpack_newsletter_tier_id":0,"_jetpack_memberships_contains_paywalled_content":false,"_jetpack_memberships_contains_paid_content":false,"footnotes":"","jetpack_publicize_message":"","jetpack_publicize_feature_enabled":true,"jetpack_social_post_already_shared":true,"jetpack_social_options":{"image_generator_settings":{"template":"highway","default_image_id":0,"font":"","enabled":false},"version":2},"jetpack_post_was_ever_published":false},"categories":[3],"tags":[],"class_list":["post-37049","post","type-post","status-publish","format-standard","has-post-thumbnail","hentry","category-novosti"],"acf":{"facebook_opis":""},"jetpack_publicize_connections":[],"jetpack_featured_media_url":"https:\/\/i0.wp.com\/historiografija.hr\/wp-content\/uploads\/2023\/09\/Predstavljanje_knjige_Badurina.jpg?fit=1819%2C866&ssl=1","jetpack_sharing_enabled":true,"jetpack-related-posts":[{"id":52459,"url":"https:\/\/historiografija.hr\/?p=52459","url_meta":{"origin":37049,"position":0},"title":"Jay Winter: geometrija sje\u0107anja i logika ti\u0161ine \/ Dijalog s povodom 10","author":"Branimir Jankovi\u0107","date":"16. travnja 2026.","format":false,"excerpt":"U izdanju FF Pressa i Centra za inovativne studije Filozofskoga\u00a0fakulteta u Zagrebu potkraj 2025. objavljena je knjiga Jay Winter: geometrija sje\u0107anja i logika ti\u0161ine, koju je priredio Dino Stani\u010di\u0107. Jay Winter: geometrija sje\u0107anja i logika ti\u0161ine \/ Dijalog s povodom 10 Priredio: Dino Stani\u010di\u0107 Razgovor i tekstove s engleskog preveli:\u2026","rel":"","context":"U &quot;Knjige&quot;","block_context":{"text":"Knjige","link":"https:\/\/historiografija.hr\/?cat=8"},"img":{"alt_text":"","src":"https:\/\/i0.wp.com\/historiografija.hr\/wp-content\/uploads\/2026\/04\/Winter.jpg?fit=1166%2C720&ssl=1&resize=350%2C200","width":350,"height":200,"srcset":"https:\/\/i0.wp.com\/historiografija.hr\/wp-content\/uploads\/2026\/04\/Winter.jpg?fit=1166%2C720&ssl=1&resize=350%2C200 1x, https:\/\/i0.wp.com\/historiografija.hr\/wp-content\/uploads\/2026\/04\/Winter.jpg?fit=1166%2C720&ssl=1&resize=525%2C300 1.5x, https:\/\/i0.wp.com\/historiografija.hr\/wp-content\/uploads\/2026\/04\/Winter.jpg?fit=1166%2C720&ssl=1&resize=700%2C400 2x, https:\/\/i0.wp.com\/historiografija.hr\/wp-content\/uploads\/2026\/04\/Winter.jpg?fit=1166%2C720&ssl=1&resize=1050%2C600 3x"},"classes":[]},{"id":54849,"url":"https:\/\/historiografija.hr\/?p=54849","url_meta":{"origin":37049,"position":1},"title":"Glazbeno-scenska ve\u010der i predstavljanje knjige &#8220;OD HRVATSKOGA KRALJEVSTVA DO LIJEPE NA\u0160E&#8221;","author":"Branimir Jankovi\u0107","date":"31. srpnja 2026.","format":false,"excerpt":"Ogranak Matice hrvatske u Trogiru i\u201eRadovan\u201c dru\u0161tvo za za\u0161titu kulturnih dobara Trogira s rado\u0161\u0107u vas pozivaju na glazbeno-scensku ve\u010der i predstavljanje knjige OD HRVATSKOGA KRALJEVSTVA DO LIJEPE NA\u0160E Sudjeluju:Vlatko Belas, baritonBarbara Gari\u0107, sopranprof. Ratko Bartulovi\u0107, glazbenikNik\u0161a Buble, recitatori autori knjige dr. sc. Danka Radi\u0107 i Radovan Slade-\u0160ilovi\u0107 Radujemo se Va\u0161em\u2026","rel":"","context":"U &quot;Novosti&quot;","block_context":{"text":"Novosti","link":"https:\/\/historiografija.hr\/?cat=3"},"img":{"alt_text":"","src":"https:\/\/i0.wp.com\/historiografija.hr\/wp-content\/uploads\/2026\/07\/od_hrvatskog_kraljevstva_do_lijepe_nase.jpg?fit=596%2C467&ssl=1&resize=350%2C200","width":350,"height":200,"srcset":"https:\/\/i0.wp.com\/historiografija.hr\/wp-content\/uploads\/2026\/07\/od_hrvatskog_kraljevstva_do_lijepe_nase.jpg?fit=596%2C467&ssl=1&resize=350%2C200 1x, https:\/\/i0.wp.com\/historiografija.hr\/wp-content\/uploads\/2026\/07\/od_hrvatskog_kraljevstva_do_lijepe_nase.jpg?fit=596%2C467&ssl=1&resize=525%2C300 1.5x"},"classes":[]},{"id":53723,"url":"https:\/\/historiografija.hr\/?p=53723","url_meta":{"origin":37049,"position":2},"title":"Od Krle\u017ee i Galicije do DNK ranih Slavena: Leksikografski zavod suorganizirao slavisti\u010dki kolokvij u Lavovu","author":"Filip \u0160imunjak","date":"26. svibnja 2026.","format":false,"excerpt":"Leksikografski zavod Miroslav Krle\u017ea suorganizator 33. me\u0111unarodnoga slavisti\u010dkoga kolokvija u LavovuZAGREB\/LAVOV, 22. svibnja 2026. \u2013 Leksikografski zavod Miroslav Krle\u017ea jedan je od suorganizatora 33. me\u0111unarodnoga slavisti\u010dkoga kolokvija koji je 21. i 22. svibnja odr\u017ean u organizaciji i doma\u0107instvu Dr\u017eavnog sveu\u010dili\u0161ta Ivana Franka u Lavovu. Zbog ratnih okolnosti u Ukrajini vi\u0161e\u2026","rel":"","context":"U &quot;Novosti&quot;","block_context":{"text":"Novosti","link":"https:\/\/historiografija.hr\/?cat=3"},"img":{"alt_text":"","src":"https:\/\/i0.wp.com\/historiografija.hr\/wp-content\/uploads\/2026\/05\/Od-Krleze-i-Galicije-do-DNK-ranih-Slavena-scaled.jpg?fit=1200%2C771&ssl=1&resize=350%2C200","width":350,"height":200,"srcset":"https:\/\/i0.wp.com\/historiografija.hr\/wp-content\/uploads\/2026\/05\/Od-Krleze-i-Galicije-do-DNK-ranih-Slavena-scaled.jpg?fit=1200%2C771&ssl=1&resize=350%2C200 1x, https:\/\/i0.wp.com\/historiografija.hr\/wp-content\/uploads\/2026\/05\/Od-Krleze-i-Galicije-do-DNK-ranih-Slavena-scaled.jpg?fit=1200%2C771&ssl=1&resize=525%2C300 1.5x, https:\/\/i0.wp.com\/historiografija.hr\/wp-content\/uploads\/2026\/05\/Od-Krleze-i-Galicije-do-DNK-ranih-Slavena-scaled.jpg?fit=1200%2C771&ssl=1&resize=700%2C400 2x, https:\/\/i0.wp.com\/historiografija.hr\/wp-content\/uploads\/2026\/05\/Od-Krleze-i-Galicije-do-DNK-ranih-Slavena-scaled.jpg?fit=1200%2C771&ssl=1&resize=1050%2C600 3x"},"classes":[]},{"id":53567,"url":"https:\/\/historiografija.hr\/?p=53567","url_meta":{"origin":37049,"position":3},"title":"Prikazivanje filma Ivana Salati\u0107a &#8220;Otapanje vladara&#8221;","author":"Branimir Jankovi\u0107","date":"21. svibnja 2026.","format":false,"excerpt":"U \u010detvrtak, 21. 05. 2026, u 19h, u Mikro-kinu MaMa u Zagrebu bit \u0107e prikazan igrani film redatelja Ivana Salati\u0107a Otapanje vladara. Film je nadahnut zavr\u0161nom dionicom \u017eivota Petra II Petrovi\u0107a Njego\u0161a, vladike, dr\u017eavnika i najve\u0107eg pjesnika Crne Gore, koji uz pomo\u0107 vjernog sluge u Italiji tra\u017ei lijek protiv smrtonosne\u2026","rel":"","context":"U &quot;Filmovi i serije&quot;","block_context":{"text":"Filmovi i serije","link":"https:\/\/historiografija.hr\/?cat=13"},"img":{"alt_text":"","src":"https:\/\/i0.wp.com\/historiografija.hr\/wp-content\/uploads\/2026\/05\/Film_Njegos.jpg?fit=1200%2C676&ssl=1&resize=350%2C200","width":350,"height":200,"srcset":"https:\/\/i0.wp.com\/historiografija.hr\/wp-content\/uploads\/2026\/05\/Film_Njegos.jpg?fit=1200%2C676&ssl=1&resize=350%2C200 1x, https:\/\/i0.wp.com\/historiografija.hr\/wp-content\/uploads\/2026\/05\/Film_Njegos.jpg?fit=1200%2C676&ssl=1&resize=525%2C300 1.5x, https:\/\/i0.wp.com\/historiografija.hr\/wp-content\/uploads\/2026\/05\/Film_Njegos.jpg?fit=1200%2C676&ssl=1&resize=700%2C400 2x, https:\/\/i0.wp.com\/historiografija.hr\/wp-content\/uploads\/2026\/05\/Film_Njegos.jpg?fit=1200%2C676&ssl=1&resize=1050%2C600 3x"},"classes":[]},{"id":54770,"url":"https:\/\/historiografija.hr\/?p=54770","url_meta":{"origin":37049,"position":4},"title":"Camille Laurens, \u201eMala \u010detrnaestogodi\u0161nja plesa\u010dica\u201c","author":"Branimir Jankovi\u0107","date":"24. srpnja 2026.","format":false,"excerpt":"Autorica Camille Laurens u knjizi Mala \u010detrnaestogodi\u0161nja plesa\u010dica, koju je s francuskog izvornika na hrvatski jezik prevela Mirna Sindi\u010di\u0107 Sabljo, rekonstruira \u017eivot Degasova maloljetnog modela Marie van Goethem, problematiziraju\u0107i njezinu dru\u0161tvenu marginalizaciju i povijesni zaborav.\u00a0 O knjizi\u00a0 U Maloj \u010detrnaestogodi\u0161njoj plesa\u010dici Camille Laurens secira nesvakida\u0161nji odnos slavnog umjetnika, koji je\u2026","rel":"","context":"U &quot;Knjige&quot;","block_context":{"text":"Knjige","link":"https:\/\/historiografija.hr\/?cat=8"},"img":{"alt_text":"","src":"https:\/\/i0.wp.com\/historiografija.hr\/wp-content\/uploads\/2026\/07\/Mala-cetrnaestogodisnja-plesacica.jpg?fit=489%2C800&ssl=1&resize=350%2C200","width":350,"height":200},"classes":[]},{"id":52733,"url":"https:\/\/historiografija.hr\/?p=52733","url_meta":{"origin":37049,"position":5},"title":"Vlado Raji\u0107 \u201eGranica na kraju stolje\u0107a\u201c","author":"Filip \u0160imunjak","date":"29. travnja 2026.","format":false,"excerpt":"U suizdanju Durieuxa i Beletre objavljena je 2025. godine knjiga Granica na kraju stolje\u0107a autora Vlade Raji\u0107a.\u00a0 O knjizi\u00a0 Romansirana biografija Vladimira Iblera mnogo je vi\u0161e od zanimljive pri\u010de o privatnom \u017eivotu i impresivnoj profesionalnoj karijeri istaknutog stru\u010dnjaka za me\u0111unarodno pravo i dugo\u00adgodi\u0161njeg profesora na zagreba\u010dkom Pravnom fakultetu, akademika, koji\u2026","rel":"","context":"U &quot;Knjige&quot;","block_context":{"text":"Knjige","link":"https:\/\/historiografija.hr\/?cat=8"},"img":{"alt_text":"","src":"https:\/\/i0.wp.com\/historiografija.hr\/wp-content\/uploads\/2026\/04\/VLADO-RAJIC-GRANICA-NA-KRAJU-STOLJECA.jpg?fit=450%2C650&ssl=1&resize=350%2C200","width":350,"height":200},"classes":[]}],"_links":{"self":[{"href":"https:\/\/historiografija.hr\/index.php?rest_route=\/wp\/v2\/posts\/37049","targetHints":{"allow":["GET"]}}],"collection":[{"href":"https:\/\/historiografija.hr\/index.php?rest_route=\/wp\/v2\/posts"}],"about":[{"href":"https:\/\/historiografija.hr\/index.php?rest_route=\/wp\/v2\/types\/post"}],"author":[{"embeddable":true,"href":"https:\/\/historiografija.hr\/index.php?rest_route=\/wp\/v2\/users\/2"}],"replies":[{"embeddable":true,"href":"https:\/\/historiografija.hr\/index.php?rest_route=%2Fwp%2Fv2%2Fcomments&post=37049"}],"version-history":[{"count":1,"href":"https:\/\/historiografija.hr\/index.php?rest_route=\/wp\/v2\/posts\/37049\/revisions"}],"predecessor-version":[{"id":37051,"href":"https:\/\/historiografija.hr\/index.php?rest_route=\/wp\/v2\/posts\/37049\/revisions\/37051"}],"wp:featuredmedia":[{"embeddable":true,"href":"https:\/\/historiografija.hr\/index.php?rest_route=\/wp\/v2\/media\/37050"}],"wp:attachment":[{"href":"https:\/\/historiografija.hr\/index.php?rest_route=%2Fwp%2Fv2%2Fmedia&parent=37049"}],"wp:term":[{"taxonomy":"category","embeddable":true,"href":"https:\/\/historiografija.hr\/index.php?rest_route=%2Fwp%2Fv2%2Fcategories&post=37049"},{"taxonomy":"post_tag","embeddable":true,"href":"https:\/\/historiografija.hr\/index.php?rest_route=%2Fwp%2Fv2%2Ftags&post=37049"}],"curies":[{"name":"wp","href":"https:\/\/api.w.org\/{rel}","templated":true}]}}