{"id":37043,"date":"2023-09-07T15:56:35","date_gmt":"2023-09-07T15:56:35","guid":{"rendered":"http:\/\/historiografija.hr\/?p=37043"},"modified":"2023-09-07T15:56:35","modified_gmt":"2023-09-07T15:56:35","slug":"poziv-za-prijavu-ucesca-na-naucnom-skupu-film-i-knjizevnost-2-0","status":"publish","type":"post","link":"https:\/\/historiografija.hr\/?p=37043","title":{"rendered":"Poziv za prijavu u\u010de\u0161\u0107a na nau\u010dnom skupu \u201eFilm i knji\u017eevnost 2.0\u201c"},"content":{"rendered":"\n<p>Pozivamo Vas da se prijavite za u\u010de\u0161\u0107e na drugom po redu nau\u010dnom skupu na temu odnosa filmske i knji\u017eevne umetnosti, u organizaciji Instituta za knji\u017eevnost i umetnost u Beogradu, koji \u0107e se odr\u017eati od 27. do 29. novembra 2023. godine u prostorijama Instituta u Kralja Milana 2 u Beogradu. Nakon uspe\u0161no odr\u017eanog prethodnog skupa pod nazivom \u201eFilm i knji\u017eevnost\u201c (Beograd, 29\u201330. novembar 2018), kao i me\u0111unarodnog nau\u010dnog zbornika radova <em>Film i knji\u017eevnost<\/em> (2020), koji su uredili dr Marija Gruji\u0107 i dr Kristijan Olah, objavljenog u izdanju Instituta za knji\u017eevnost i umetnost, sa zadovoljstvom Vas pozivamo da nam se pridru\u017eite i uzmete u\u010de\u0161\u0107a na slede\u0107em skupu na kome \u0107e se raspravljati o uzajamnim vezama filma i knji\u017eevnosti, imaju\u0107i u vidu da su te veze od klju\u010dnog zna\u010daja za razumevanje savremenih osnova knji\u017eevne, jezi\u010dke, vizuelne i muzi\u010dke kulture, odnosno kulture ekrana, kao i virtuelne kulture.<\/p>\n\n\n\n<p>Najavljeni nau\u010dni skup pod nazivom \u201eFilm i knji\u017eevnost 2.0: Knji\u017eevno i filmsko \u2013 u pro\u0161losti, sada\u0161njosti i budu\u0107nosti kulture\u201c, ba\u0161tini\u0107e teme, koncepte, diskusije i zaklju\u010dke sa prethodno odr\u017eanog skupa, na kome je bilo izlo\u017eeno skoro \u010detrdeset radova sa \u0161irokim dijapazonom tema, u kojima se odnos filma i knji\u017eevnosti razmatrao iz perspektive najrazli\u010ditijih nau\u010dnih i kulturnih polja, kao \u0161to su istoriografija, antropologija, etnologija, sociologija, filozofija, istorija umetnosti, religiologija, naratologija, lingvistika, filmska teorija, rodne teorije, feministi\u010dke studije, kvir studije, i mnoge druge. Na prethodnom skupu, kao i u istoimenom zborniku, izlo\u017eene su analize i istra\u017eivanja iz oblasti odnosa filma i knji\u017eevnosti iz raznovrsnih domena: u drevnim tradicijama, u epskom stvarala\u0161tvu, u sukobu modernog i tradicionalnog, u avangardnom stvarala\u0161tvu, u evropskim i vanevropskim kulturnim tradicijama, u holivudskoj kinematografiji, u filmskim adaptacijama knji\u017eevnih dela i obrnuto, u multidisciplinarnim stvarala\u010dkim opusima velikih umetnica i umetnika, u dokumentarnim filmovima, pozori\u0161noj i radijskoj umetnosti, komi\u010dkoj i melodramatskoj tradiciji i mnogim drugim umetni\u010dkim i istra\u017eiva\u010dkim izrazima.<\/p>\n\n\n\n<p>Prevashodni razlog odr\u017eavanja narednog skupa na koji Vas pozivamo je da se, zadr\u017eavaju\u0107i \u0161irinu, multidisciplinarnost, istorijsku i geografsku polifoniju tema i pristupa iz dosada\u0161nje platforme rada, pro\u0161iri konceptualni okvir razumevanja razvoja, doprinosa i zna\u010daja uzajamnih veza filmske i knji\u017eevne umetnosti na njihovo prou\u010davanje u oblasti \u0161irih horizonata kulturnih tvorevina, kako u istorijskoj perspektivi, tako i u sada\u0161njem vremenu i aktuelnom okru\u017eenju, ali i u projekcijama i planiranju budu\u0107ih stilova \u017eivota. Stoga \u0107emo ovom prilikom pozvati istra\u017eiva\u010de, predava\u010de, intelektualne i kulturne delatnike da nam predlo\u017ee teme svojih radova i istra\u017eivanja iz naj\u0161ireg raspona kako tradicionalnog, tako i najsavremenijeg razumevanja \u017eivotnih stilova i produkata kulture, tehnologije, nauke, stvarala\u0161tva, dizajna, pisane re\u010di, internetske i ekranske kulture, razli\u010ditih do\u017eivljaja realnosti i domena komunikacije. Jedna od osnovnih tendencija ovog nau\u010dnog okupljanja jeste da se uspostavi i osna\u017ei konceptualno razumevanje kvaliteta \u201efilmi\u010dnosti\u201c i \u201eliterarnosti\u201c i njihovih uzajamnih veza i saodnosa kao konstitutivnih za stvaranje i razumevanje sadr\u017eajnog i umetni\u010dkog razvoja mnogih savremenih \u017eanrova iz raznorodnih medijskih domena. Tako \u0107emo po\u017eeleti dobrodo\u0161licu radovima koji bi pokrenuli razli\u010dite vidove diskusije i promi\u0161ljanja na teme, kao \u0161to su, primera radi, slede\u0107e:<\/p>\n\n\n\n<ul class=\"wp-block-list\"><li>otkrivanje novih uglova posmatranja istorijskih veza filmskog i knji\u017eevnog stvarala\u0161tva, od postanka filmske umetnosti, i na\u010dina na koji je filmska umetnost\/industrija prevodila literarni izraz u druge medije, kao i puteva kojima je literatura ostvarivala komunikaciju sa medijem filma;<\/li><li>uspostavljanje novih interpretativnih okvira za razumevanje geneze kreiranja i prou\u010davanja filmskih i knji\u017eevnih lajtmotiva, u razli\u010ditim istorijskim i geografskim kontekstima;<\/li><li>novi teorijski okviri za unapre\u0111ivanje literarne analize na osnovu razumevanja semanti\u010dkih slojeva filmske i drugih vidova umetnosti;<\/li><li>odnosi koncepata, motiva i ko-relacija prosvetiteljstva, romantizma, realizma, modernizma, avangarde, egzistencijalizma, feminizma, neo-avangarde, psihoanalize, postmodernizma, dekonstrukcije, i drugih tradicija teorijske misli, pro\u017eetih sa istorijom mnogostrukih dru\u0161tvenih pokreta i pravaca, na me\u0111usobno povezanim primerima filma i knji\u017eevnosti;<\/li><li>nove teorijske aparature i metode za prou\u010davanja filmskih i knji\u017eevnih adaptacija, preplitanja filmske i knji\u017eevne fikcije, uklanjanja granica izme\u0111u \u017eanrova i medija;<\/li><li>razvoj inovativnih pristupa teorijskom razumevanju odnosa filma kao umetni\u010dke vrste i razli\u010ditih knji\u017eevnih rodova; razvoj teorijskih i metodolo\u0161kih pristupa komparativnog izu\u010davanja teorije filma kao \u017eanra, i \u017eanrovskih karakteristika romana, pripovetke, drame, lirske i epske pesme;<\/li><li>uticaj filmske i knji\u017eevne umetnosti na razvoj \u017eanrova nau\u010dne fantastike;<\/li><li>prisustvo odnosa filma i knji\u017eevnosti u nau\u010dno-dokumentaristi\u010dkoj materijalnoj kulturi: muzeolo\u0161kim artefaktima, nau\u010dno-istra\u017eiva\u010dkom i obrazovnom diskursu, antropolo\u0161kom i filozofskom dokumentarnom filmu, i sli\u010dno;<\/li><li>povezanost filma i knji\u017eevnosti sa razli\u010ditim muzi\u010dkim izrazima, od klasi\u010dnih muzi\u010dkih \u017eanrova do popularne muzike;<\/li><li>uticaj kvaliteta filmi\u010dnosti i literarnosti na razvoj novih tehnologija i novih audio-vizuelnih medija poput TV i veb-serija, dru\u0161tvenih mre\u017ea, video-igara, stripa, animiranih video radova, \u0161tampanih i raznovrsnih kratkih vizuelnih i literarnih formi i drugog;<\/li><li>istra\u017eivanje mogu\u0107ih pravaca uspostavljanja korelacija filma i knji\u017eevnosti sa perspektivama ve\u0161ta\u010dke inteligencije, o\u010dekivanja, mogu\u0107nosti i ograni\u010denja.<\/li><\/ul>\n\n\n\n<p>Zamolili bismo Vas da nam do 25. septembra 2023. godine dostavite prijavu teme i apstrakt du\u017eine do 250 re\u010di u word formatu, kao i kratku biografiju. O rezultatima selekcije predloga radova za izlaganje bi\u0107ete obave\u0161teni do 30. septembra 2023. godine. Prijave teme, apstrakte i kratke biografije mo\u017eete poslati na elektronsku adresu: film.knjizevnost2@gmail.com<\/p>\n\n\n\n<p>Radove je mogu\u0107e izlagati na srpskom, engleskom i svim ju\u017enoslovenskim jezicima.<br>Predvi\u0111eno je da u\u010desnici izla\u017eu referate u\u017eivo, a u slu\u010daju nemogu\u0107nosti fizi\u010dkog prisustva bi\u0107e omogu\u0107eno onlajn u\u010de\u0161\u0107e preko zum aplikacije, o \u010demu je potrebno obavestiti organizatore trideset dana pre odr\u017eavanja skupa.<br>Rok za dostavljanje radova za objavljivanje u nau\u010dnoj publikaciji, koji \u0107e pro\u0107i selekciju uredni\u0161tva i recenzenata, jeste 15. april 2024. godine.<\/p>\n\n\n\n<p>Urednici skupa:<br>dr Marija Gruji\u0107<br>dr Kristijan Olah<\/p>\n\n\n\n<hr class=\"wp-block-separator\"\/>\n\n\n\n<p>Preuzmite poziv:<\/p>\n\n\n\n<p><a href=\"http:\/\/www.ikum.org.rs\/lat\/news.php?id=354\">http:\/\/www.ikum.org.rs\/lat\/news.php?id=354<\/a><\/p>\n\n\n\n<hr class=\"wp-block-separator\"\/>\n","protected":false},"excerpt":{"rendered":"","protected":false},"author":2,"featured_media":37044,"comment_status":"open","ping_status":"open","sticky":false,"template":"","format":"standard","meta":{"_acf_changed":false,"jetpack_post_was_ever_published":false,"_jetpack_newsletter_access":"","_jetpack_dont_email_post_to_subs":false,"_jetpack_newsletter_tier_id":0,"_jetpack_memberships_contains_paywalled_content":false,"_jetpack_memberships_contains_paid_content":false,"footnotes":"","jetpack_publicize_message":"","jetpack_publicize_feature_enabled":true,"jetpack_social_post_already_shared":true,"jetpack_social_options":{"image_generator_settings":{"template":"highway","default_image_id":0,"font":"","enabled":false},"version":2}},"categories":[13,3,12,9],"tags":[],"class_list":["post-37043","post","type-post","status-publish","format-standard","has-post-thumbnail","hentry","category-filmovi-i-serije","category-novosti","category-knjizevnost","category-skupovi"],"acf":{"facebook_opis":""},"jetpack_publicize_connections":[],"jetpack_featured_media_url":"https:\/\/i0.wp.com\/historiografija.hr\/wp-content\/uploads\/2023\/09\/Logo-blue.png?fit=200%2C200&ssl=1","jetpack_sharing_enabled":true,"jetpack-related-posts":[],"_links":{"self":[{"href":"https:\/\/historiografija.hr\/index.php?rest_route=\/wp\/v2\/posts\/37043","targetHints":{"allow":["GET"]}}],"collection":[{"href":"https:\/\/historiografija.hr\/index.php?rest_route=\/wp\/v2\/posts"}],"about":[{"href":"https:\/\/historiografija.hr\/index.php?rest_route=\/wp\/v2\/types\/post"}],"author":[{"embeddable":true,"href":"https:\/\/historiografija.hr\/index.php?rest_route=\/wp\/v2\/users\/2"}],"replies":[{"embeddable":true,"href":"https:\/\/historiografija.hr\/index.php?rest_route=%2Fwp%2Fv2%2Fcomments&post=37043"}],"version-history":[{"count":1,"href":"https:\/\/historiografija.hr\/index.php?rest_route=\/wp\/v2\/posts\/37043\/revisions"}],"predecessor-version":[{"id":37045,"href":"https:\/\/historiografija.hr\/index.php?rest_route=\/wp\/v2\/posts\/37043\/revisions\/37045"}],"wp:featuredmedia":[{"embeddable":true,"href":"https:\/\/historiografija.hr\/index.php?rest_route=\/wp\/v2\/media\/37044"}],"wp:attachment":[{"href":"https:\/\/historiografija.hr\/index.php?rest_route=%2Fwp%2Fv2%2Fmedia&parent=37043"}],"wp:term":[{"taxonomy":"category","embeddable":true,"href":"https:\/\/historiografija.hr\/index.php?rest_route=%2Fwp%2Fv2%2Fcategories&post=37043"},{"taxonomy":"post_tag","embeddable":true,"href":"https:\/\/historiografija.hr\/index.php?rest_route=%2Fwp%2Fv2%2Ftags&post=37043"}],"curies":[{"name":"wp","href":"https:\/\/api.w.org\/{rel}","templated":true}]}}