{"id":37014,"date":"2023-09-06T08:36:31","date_gmt":"2023-09-06T08:36:31","guid":{"rendered":"http:\/\/historiografija.hr\/?p=37014"},"modified":"2023-09-06T08:36:31","modified_gmt":"2023-09-06T08:36:31","slug":"hildegard-e-keller-kakvima-se-cinimo-roman-o-hannah-arendt","status":"publish","type":"post","link":"https:\/\/historiografija.hr\/?p=37014","title":{"rendered":"Hildegard E. Keller, \u201eKakvima se \u010dinimo. Roman o Hannah Arendt\u201c"},"content":{"rendered":"\n<p>Mlada filozofska zvijezda Hannah Arendt iz nacisti\u010dke Njema\u010dke bje\u017ei u liberarni Pariz, no i odatle mora ute\u0107i pred Hitlerovom \u010dizmom u New York. U novom svijetu, gdje ne zna jezik, s Heinrichom Bl\u00fccherom, ljubavi svog \u017eivota, mora zapo\u010deti sve iznova. U pedesetima, poznaju je u intelektualnim krugovima, priznata je kolumnistica, prijateljuje s velikim umovima tada\u0161njice poput Jaspersa ili Kierkegaarda. Doga\u0111aj koji \u0107e joj promijeniti \u017eivot su\u0111enje je Adolfu Eichmannu u Jeruzalemu, kada postaje najva\u017enija izvjestiteljica s procesa stolje\u0107a. A njezina \u0107e knjiga Eichmann u Jeruzalemu postati najva\u017enija knjiga o zlu. Mnogo poslije, u njezinoj starosti i nakon Heinrichove smrti, upoznajemo je kao \u017eenu koja nikad ne odustaje, \u010dak ni kad je suo\u010dena sa samo\u0107om i tugovanjem. Bez obzira na godine, nikada ne\u0107e izgubiti znati\u017eelju i \u017eivotni \u017ear. Hannah Arendt bila je sloboda u punom smislu te rije\u010di.<\/p>\n\n\n\n<p>Hildegard E. Keller napisala je pametan, duhovit i potresan roman o jednoj od najve\u0107ih \u017eena i ideja dvadesetog stolje\u0107a. Kakvima se \u010dinimo zanimljiva je i uzbudljiva biografija koju mo\u017eemo \u010ditati kao fikciju, puna \u017eivih filozofskih rasprava. Roman ne samo da ponire u bit banalnosti zla ve\u0107 nam i jednu od najhrabrijih \u017eena pro\u0161log stolje\u0107a predstavlja kao najvjerniju prijateljicu, zaljubljenu suprugu i beskompromisnu intelektualku. Kakvima se \u010dinimo roman je o Hannah Arendt koji je odavno trebao biti napisan, i Hildegard E. Keller napisala ga je, maestralno i dostojno tog iznimnog \u017eivota.<\/p>\n\n\n\n<p>\u201cVelika snaga ovoga zabavno napisanoga romana sada nam dopu\u0161ta izbliza pratiti Hannah Arendt dok sumnja, dok shva\u0107a, dok misli.\u201d \u2014 Jens Uthoff, TAZ<\/p>\n\n\n\n<p>\u201cHildegard E. Keller uspjelo je s knjigom Kakvima se \u010dinimo napisati roman o Hannah Arendt koji se lako \u010dita, a da temu ne shva\u0107a olako.\u201d &nbsp;\u2014 Eva Bachmann, Saiten<\/p>\n\n\n\n<p>\u201cKnjiga je egzorbitantna. Tra\u017ei pa\u017enju i daje znanje, poti\u010de na mi\u0161ljenje, na sudjelovanje u neobi\u010dnome \u017eivotu, i \u010ditatelj u nju uranja kao da osobno upoznaje preminulu \u017eenu. Kakva<br>knjiga! Kakvo knji\u017eevno i stilsko dostignu\u0107e, doista sam odu\u0161evljena.\u201d &nbsp;\u2014 Rita Hoffmann, Kultura<\/p>\n\n\n\n<p>\u201c\u010citaju\u0107i, sjedimo za stolom s Hannah Arendt i njezinim sugovornicima koji se mijenjaju te slu\u0161amo njihove razgovore. A kako su ti razgovori jako pametni, a nisu ni bez humora, zaista se isplati \u010ditati.\u201d \u00a0\u2014 Heribert Prantl, SZ Newsletter<\/p>\n\n\n\n<hr class=\"wp-block-separator\"\/>\n\n\n\n<p>Jezik izvornika: njema\u010dki<\/p>\n\n\n\n<p>Broj stranica: 448<\/p>\n\n\n\n<p>Datum izdanja: kolovoz 2023.<\/p>\n\n\n\n<p>Naslov izvornika: Was wir scheinen<\/p>\n\n\n\n<hr class=\"wp-block-separator\"\/>\n\n\n\n<p>Izvor: <a href=\"https:\/\/fraktura.hr\/kakvima-se-cinimo.html\">https:\/\/fraktura.hr\/kakvima-se-cinimo.html<\/a><\/p>\n\n\n\n<hr class=\"wp-block-separator\"\/>\n","protected":false},"excerpt":{"rendered":"","protected":false},"author":2,"featured_media":37015,"comment_status":"open","ping_status":"open","sticky":false,"template":"","format":"standard","meta":{"_acf_changed":false,"jetpack_post_was_ever_published":false,"_jetpack_newsletter_access":"","_jetpack_dont_email_post_to_subs":false,"_jetpack_newsletter_tier_id":0,"_jetpack_memberships_contains_paywalled_content":false,"_jetpack_memberships_contains_paid_content":false,"footnotes":"","jetpack_publicize_message":"","jetpack_publicize_feature_enabled":true,"jetpack_social_post_already_shared":true,"jetpack_social_options":{"image_generator_settings":{"template":"highway","default_image_id":0,"font":"","enabled":false},"version":2}},"categories":[3,12],"tags":[],"class_list":["post-37014","post","type-post","status-publish","format-standard","has-post-thumbnail","hentry","category-novosti","category-knjizevnost"],"acf":{"facebook_opis":""},"jetpack_publicize_connections":[],"jetpack_featured_media_url":"https:\/\/i0.wp.com\/historiografija.hr\/wp-content\/uploads\/2023\/09\/kakvima_se_cinimo.jpg?fit=410%2C610&ssl=1","jetpack_sharing_enabled":true,"jetpack-related-posts":[{"id":52733,"url":"https:\/\/historiografija.hr\/?p=52733","url_meta":{"origin":37014,"position":0},"title":"Vlado Raji\u0107 \u201eGranica na kraju stolje\u0107a\u201c","author":"Filip \u0160imunjak","date":"29. travnja 2026.","format":false,"excerpt":"U suizdanju Durieuxa i Beletre objavljena je 2025. godine knjiga Granica na kraju stolje\u0107a autora Vlade Raji\u0107a.\u00a0 O knjizi\u00a0 Romansirana biografija Vladimira Iblera mnogo je vi\u0161e od zanimljive pri\u010de o privatnom \u017eivotu i impresivnoj profesionalnoj karijeri istaknutog stru\u010dnjaka za me\u0111unarodno pravo i dugo\u00adgodi\u0161njeg profesora na zagreba\u010dkom Pravnom fakultetu, akademika, koji\u2026","rel":"","context":"U &quot;Knjige&quot;","block_context":{"text":"Knjige","link":"https:\/\/historiografija.hr\/?cat=8"},"img":{"alt_text":"","src":"https:\/\/i0.wp.com\/historiografija.hr\/wp-content\/uploads\/2026\/04\/VLADO-RAJIC-GRANICA-NA-KRAJU-STOLJECA.jpg?fit=450%2C650&ssl=1&resize=350%2C200","width":350,"height":200},"classes":[]},{"id":52589,"url":"https:\/\/historiografija.hr\/?p=52589","url_meta":{"origin":37014,"position":1},"title":"Predstavljena knjiga Miomira \u017du\u017eula &#8220;Dayton: Diplomacija &#8211; druga strana rata&#8221;","author":"Branimir Jankovi\u0107","date":"22. travnja 2026.","format":false,"excerpt":"Knjiga Miomira \u017du\u017eula \u201eDayton: Diplomacija \u2013 druga strana rata\u201d predstavljena je u srijedu, 22. travnja 2026. godine u foajeu Hrvatskoga narodnog kazali\u0161ta u Zagrebu. Op\u0161irnije: https:\/\/vijesti.hrt.hr\/hrvatska\/predstavljena-knjiga-miomira-zuzula-dayton-diplomacija-druga-strana-rata-12683259 https:\/\/www.vecernji.ba\/amp\/vijesti\/zuzulova-knjiga-o-daytonu-predstavljena-u-zagrebu-diplomacija-kao-druga-strana-rata-1953700 https:\/\/www.tportal.hr\/vijesti\/clanak\/bivsi-sanaderov-ministar-odrzao-promociju-evo-tko-je-sve-dosao-na-predstavljanje-knjige-miomira-zuzula-foto-20260422 https:\/\/direktno.hr\/zivot\/kultura\/zuzul-otkrio-sve-o-drugoj-strani-rata-za-hrvatsku-se-nije-libio-povuci-nekoga-i-za-kosu-395042 https:\/\/www.24sata.hr\/news\/miomir-zuzul-predstavio-je-knjigu-o-daytonu-diplomacija-je-bila-druga-strana-rata-1123152 https:\/\/www.vecernji.hr\/kultura\/kolinda-grabar-kitarovic-otvoreno-miomir-zuzul-nije-vukao-samo-za-rukav-nego-i-za-kosu-1953722 https:\/\/www.vecernji.hr\/kultura\/i-papa-lav-xiv-eksplicitno-je-daytonski-sporazum-istaknuo-kao-primjer-uspjesna-rjesavanja-sukoba-1952215","rel":"","context":"U &quot;Novosti&quot;","block_context":{"text":"Novosti","link":"https:\/\/historiografija.hr\/?cat=3"},"img":{"alt_text":"","src":"https:\/\/i0.wp.com\/historiografija.hr\/wp-content\/uploads\/2026\/04\/Dayton.jpg?fit=1024%2C683&ssl=1&resize=350%2C200","width":350,"height":200,"srcset":"https:\/\/i0.wp.com\/historiografija.hr\/wp-content\/uploads\/2026\/04\/Dayton.jpg?fit=1024%2C683&ssl=1&resize=350%2C200 1x, https:\/\/i0.wp.com\/historiografija.hr\/wp-content\/uploads\/2026\/04\/Dayton.jpg?fit=1024%2C683&ssl=1&resize=525%2C300 1.5x, https:\/\/i0.wp.com\/historiografija.hr\/wp-content\/uploads\/2026\/04\/Dayton.jpg?fit=1024%2C683&ssl=1&resize=700%2C400 2x"},"classes":[]},{"id":52528,"url":"https:\/\/historiografija.hr\/?p=52528","url_meta":{"origin":37014,"position":2},"title":"[Promocija knjige] Banja Luka u ratu: Etnopolitika i svakodnevica (1990\u20131995) (ActiveLab, YugoLab)","author":"Branimir Jankovi\u0107","date":"17. travnja 2026.","format":false,"excerpt":"Institut za filozofiju i dru\u0161tvenu teoriju i O\u0161tra Nula organizuju promociju knjige Banja Luka u ratu: Etnopolitika i svakodnevica (1990\u20131995) autorke Armine Galija\u0161, koja \u0107e se odr\u017eati 20. aprila 2026. u 12.00 sati u prostorijama Instituta (Kraljice Natalije 45, Beograd). Re\u010d je o prvom nau\u010dno utemeljenom i sistematskom radu koji\u2026","rel":"","context":"U &quot;Novosti&quot;","block_context":{"text":"Novosti","link":"https:\/\/historiografija.hr\/?cat=3"},"img":{"alt_text":"","src":"https:\/\/i0.wp.com\/historiografija.hr\/wp-content\/uploads\/2026\/04\/20-april-RS.jpg?fit=1200%2C675&ssl=1&resize=350%2C200","width":350,"height":200,"srcset":"https:\/\/i0.wp.com\/historiografija.hr\/wp-content\/uploads\/2026\/04\/20-april-RS.jpg?fit=1200%2C675&ssl=1&resize=350%2C200 1x, https:\/\/i0.wp.com\/historiografija.hr\/wp-content\/uploads\/2026\/04\/20-april-RS.jpg?fit=1200%2C675&ssl=1&resize=525%2C300 1.5x, https:\/\/i0.wp.com\/historiografija.hr\/wp-content\/uploads\/2026\/04\/20-april-RS.jpg?fit=1200%2C675&ssl=1&resize=700%2C400 2x, https:\/\/i0.wp.com\/historiografija.hr\/wp-content\/uploads\/2026\/04\/20-april-RS.jpg?fit=1200%2C675&ssl=1&resize=1050%2C600 3x"},"classes":[]},{"id":52666,"url":"https:\/\/historiografija.hr\/?p=52666","url_meta":{"origin":37014,"position":3},"title":"Najava programa Festivala povijesti Kliofest (5-8. V. 2026)","author":"Branimir Jankovi\u0107","date":"24. travnja 2026.","format":false,"excerpt":"Po trinaesti put odr\u017eava se Festival povijesti Kliofest! Do petka \u0107emo odr\u017eati osam okruglih stolova i dva kolokvija te niz predstavljanja knjiga i projekata razli\u010dite tematike, od antike do suvremenosti. Bit \u0107e predstavljeno i nekoliko izlo\u017ebi te odr\u017ean jedan povijesni kviz. Prikazat \u0107emo i jedan film \u2013 o generalu Boroevi\u0107u.\u2026","rel":"","context":"U &quot;Novosti&quot;","block_context":{"text":"Novosti","link":"https:\/\/historiografija.hr\/?cat=3"},"img":{"alt_text":"","src":"https:\/\/i0.wp.com\/historiografija.hr\/wp-content\/uploads\/2026\/04\/Kliofest-2026.jpg?fit=526%2C526&ssl=1&resize=350%2C200","width":350,"height":200,"srcset":"https:\/\/i0.wp.com\/historiografija.hr\/wp-content\/uploads\/2026\/04\/Kliofest-2026.jpg?fit=526%2C526&ssl=1&resize=350%2C200 1x, https:\/\/i0.wp.com\/historiografija.hr\/wp-content\/uploads\/2026\/04\/Kliofest-2026.jpg?fit=526%2C526&ssl=1&resize=525%2C300 1.5x"},"classes":[]},{"id":52704,"url":"https:\/\/historiografija.hr\/?p=52704","url_meta":{"origin":37014,"position":4},"title":"Predstavljanje knjige &#8220;Vladimir Vasiljevi\u0107: Moji do\u017eivljaji. Dnevni\u010dki zapisi iz Prvoga svjetskog rata i poratnoga vremena&#8221;","author":"Filip \u0160imunjak","date":"29. travnja 2026.","format":false,"excerpt":"Doga\u0111anja ovogodi\u0161njega Festivala povijesti Kliofest zapo\u010dinjemo ve\u0107 i prije samoga slu\u017ebenog otvaranja, predstavljanjem knjige \u201eMoji do\u017eivljaji. Dnevni\u010dki zapisi iz Prvoga svjetskog rata i poratnoga vremena\u201d Vladimira Vasiljevi\u0107a, koju su priredili Karlo Rukavina i Damir Agi\u010di\u0107. Pozivamo Vas na predstavljanje koje \u0107e se odr\u017eati u ponedjeljak 4. svibnja, s po\u010detkom u\u2026","rel":"","context":"U &quot;Knjige&quot;","block_context":{"text":"Knjige","link":"https:\/\/historiografija.hr\/?cat=8"},"img":{"alt_text":"","src":"https:\/\/i0.wp.com\/historiografija.hr\/wp-content\/uploads\/2026\/04\/Naslovna-V.-Vasiljevic.webp?fit=1200%2C600&ssl=1&resize=350%2C200","width":350,"height":200,"srcset":"https:\/\/i0.wp.com\/historiografija.hr\/wp-content\/uploads\/2026\/04\/Naslovna-V.-Vasiljevic.webp?fit=1200%2C600&ssl=1&resize=350%2C200 1x, https:\/\/i0.wp.com\/historiografija.hr\/wp-content\/uploads\/2026\/04\/Naslovna-V.-Vasiljevic.webp?fit=1200%2C600&ssl=1&resize=525%2C300 1.5x, https:\/\/i0.wp.com\/historiografija.hr\/wp-content\/uploads\/2026\/04\/Naslovna-V.-Vasiljevic.webp?fit=1200%2C600&ssl=1&resize=700%2C400 2x, https:\/\/i0.wp.com\/historiografija.hr\/wp-content\/uploads\/2026\/04\/Naslovna-V.-Vasiljevic.webp?fit=1200%2C600&ssl=1&resize=1050%2C600 3x"},"classes":[]},{"id":52592,"url":"https:\/\/historiografija.hr\/?p=52592","url_meta":{"origin":37014,"position":5},"title":"Predstavljanje knjige &#8220;Turska ku\u0107a u Rijeci&#8221; u Zagrebu","author":"Branimir Jankovi\u0107","date":"22. travnja 2026.","format":false,"excerpt":"U prostorijama Turskog kulturnog centra Yunus Emre u Zagrebu, u utorak 21. travnja 2026. godine, odr\u017eano je sve\u010dano predstavljanje dopunjenog izdanja knjige Turska ku\u0107a u Rijeci, u organizaciji Hrvatsko-turskog dru\u0161tva Rijeka i partnerstvu sa Skupinom prijateljstva Hrvatska-Turska Hrvatskog sabora, Veleposlanstvom Republike Turske u Republici Hrvatskoj te Turskim kulturnim centrom Yunus\u2026","rel":"","context":"U &quot;Novosti&quot;","block_context":{"text":"Novosti","link":"https:\/\/historiografija.hr\/?cat=3"},"img":{"alt_text":"","src":"https:\/\/i0.wp.com\/historiografija.hr\/wp-content\/uploads\/2026\/04\/Turska-kuca-ZG.jpg?fit=1200%2C800&ssl=1&resize=350%2C200","width":350,"height":200,"srcset":"https:\/\/i0.wp.com\/historiografija.hr\/wp-content\/uploads\/2026\/04\/Turska-kuca-ZG.jpg?fit=1200%2C800&ssl=1&resize=350%2C200 1x, https:\/\/i0.wp.com\/historiografija.hr\/wp-content\/uploads\/2026\/04\/Turska-kuca-ZG.jpg?fit=1200%2C800&ssl=1&resize=525%2C300 1.5x, https:\/\/i0.wp.com\/historiografija.hr\/wp-content\/uploads\/2026\/04\/Turska-kuca-ZG.jpg?fit=1200%2C800&ssl=1&resize=700%2C400 2x, https:\/\/i0.wp.com\/historiografija.hr\/wp-content\/uploads\/2026\/04\/Turska-kuca-ZG.jpg?fit=1200%2C800&ssl=1&resize=1050%2C600 3x"},"classes":[]}],"_links":{"self":[{"href":"https:\/\/historiografija.hr\/index.php?rest_route=\/wp\/v2\/posts\/37014","targetHints":{"allow":["GET"]}}],"collection":[{"href":"https:\/\/historiografija.hr\/index.php?rest_route=\/wp\/v2\/posts"}],"about":[{"href":"https:\/\/historiografija.hr\/index.php?rest_route=\/wp\/v2\/types\/post"}],"author":[{"embeddable":true,"href":"https:\/\/historiografija.hr\/index.php?rest_route=\/wp\/v2\/users\/2"}],"replies":[{"embeddable":true,"href":"https:\/\/historiografija.hr\/index.php?rest_route=%2Fwp%2Fv2%2Fcomments&post=37014"}],"version-history":[{"count":1,"href":"https:\/\/historiografija.hr\/index.php?rest_route=\/wp\/v2\/posts\/37014\/revisions"}],"predecessor-version":[{"id":37016,"href":"https:\/\/historiografija.hr\/index.php?rest_route=\/wp\/v2\/posts\/37014\/revisions\/37016"}],"wp:featuredmedia":[{"embeddable":true,"href":"https:\/\/historiografija.hr\/index.php?rest_route=\/wp\/v2\/media\/37015"}],"wp:attachment":[{"href":"https:\/\/historiografija.hr\/index.php?rest_route=%2Fwp%2Fv2%2Fmedia&parent=37014"}],"wp:term":[{"taxonomy":"category","embeddable":true,"href":"https:\/\/historiografija.hr\/index.php?rest_route=%2Fwp%2Fv2%2Fcategories&post=37014"},{"taxonomy":"post_tag","embeddable":true,"href":"https:\/\/historiografija.hr\/index.php?rest_route=%2Fwp%2Fv2%2Ftags&post=37014"}],"curies":[{"name":"wp","href":"https:\/\/api.w.org\/{rel}","templated":true}]}}