{"id":37008,"date":"2023-09-06T08:16:26","date_gmt":"2023-09-06T08:16:26","guid":{"rendered":"http:\/\/historiografija.hr\/?p=37008"},"modified":"2023-09-06T08:16:26","modified_gmt":"2023-09-06T08:16:26","slug":"edith-bruck-izgubljeni-kruh","status":"publish","type":"post","link":"https:\/\/historiografija.hr\/?p=37008","title":{"rendered":"Edith Bruck, \u201eIzgubljeni kruh\u201c"},"content":{"rendered":"\n<p>Kada trinaestogodi\u0161nju djevoj\u010dicu Ditke i njezinu obitelj u jednu travanjsku zoru 1944. istjeraju iz njihove seoske ku\u0107e u Ma\u0111arskoj da bi ih odveli u geto, a potom u Auschwitz, Europu je ve\u0107 zahvatio plamen rata. Otada o\u010dima djevoj\u010dice koja u jednom trenu pomi\u0161lja kako se samo \u017eeli vratiti u mamin trbuh i nikada se vi\u0161e ne roditi pratimo prisilnu deportaciju u logor, strah, gubitak obitelji, gladovanje, nasilje, nezamislivu bol i o\u010daj, ali i poku\u0161aj da se odr\u017ei bilo kakva nada u najgorem mogu\u0107em mraku.<\/p>\n\n\n\n<p>U emotivno razaraju\u0107em romanu <em>Izgubljeni kruh<\/em> Edith Bruck jednostavnim i preciznim jezikom pi\u0161e o svom najpotresnijem iskustvu, ali i onome \u0161to je do\u0161lo nakon njega: o osje\u0107aju otu\u0111enosti od onih koji nisu pro\u017eivjeli logore, o tra\u017eenju vlastite vrijednosti i identiteta nakon takve prevelike tuge, o borbi da njezin \u017eivot ne bude definiran tom tragedijom.<\/p>\n\n\n\n<p>Edith Bruck do zadnje stranice bez zadr\u0161ke iznosi ne samo pri\u010du vlastitog \u017eivota ve\u0107 i podsjetnik na poraz ljudskosti tijekom Holokausta koji nikada ne bismo smjeli zaboraviti. <em>Izgubljeni kruh<\/em> knjiga je koja nas podsje\u0107a i opominje za\u0161to je va\u017eno neprestano pripovijedati o mraku dvadesetog stolje\u0107a.<\/p>\n\n\n\n<hr class=\"wp-block-separator\"\/>\n\n\n\n<p><strong>Edith Bruck<\/strong> ro\u0111ena je 1931. u Ma\u0111arskoj, u siroma\u0161noj i brojnoj \u017eidovskoj obitelji. Kao djevoj\u010dicu je 1944. njezino prvo putovanje u \u017eivotu vodi u geto u glavnome gradu, a odande u Auschwitz, Dachau, Bergen-Belsen. Nakon \u0161to je pre\u017eivjela deportaciju, nakon godina lutanja kona\u010dno dolazi u Italiju i talijanski postaje njezin jezik. <\/p>\n\n\n\n<p>Prva joj knjiga izlazi 1959., autobiografija <em>Chi ti ama cosi<\/em> (<em>Tko te tako voli<\/em>) o djetinjstvu na obalama Tise i o logorima u Njema\u010dkoj. Zbirku pri\u010da <em>Andremo in citta <\/em>(<em>Oti\u0107i \u0107emo u grad<\/em>) objavila je 1962., a njezin suprug Nelo Risi po njoj je snimio istoimeni film. Pisala je i poeziju i romane: <em>Le sacre nozze<\/em> (<em>Sveti brak<\/em>, 1969.), <em>Lettera alla madre <\/em>(<em>Pismo majci<\/em>, 1988.), <em>Nuda<\/em> <em>proprieta <\/em>(<em>Stanarsko pravo<\/em>, 1993.), <em>Quanta stella c&#8217;e nel cielo <\/em>(<em>Koliko<\/em> <em>zvijezda na nebu<\/em>), 2009., prema kojem je Roberto Faenza snimio film <em>Anita B.<\/em>, <em>La donna dal cappotto verde <\/em>(<em>\u017dena u zelenom<\/em> <em>kaputu<\/em>, 2012.), <em>La rondine sul termosifone <\/em>(<em>Lastavica na<\/em> <em>radijatoru<\/em>, 2017.), <em>Ti lascio dormire <\/em>(<em>Samo ti spavaj<\/em>, 2019.).<\/p>\n\n\n\n<p>U svojim je djelima svjedo\u010dila o najcrnjem dijelu povijesti 20. stolje\u0107a. U svojoj je dugoj karijeri primila brojne knji\u017eevne nagrade i djela su joj prevedena na mnogo jezika. Prevela je djela Attile Jozsefa i Miklosa Radnotija. Potpisuje scenarij i re\u017eiju triju filmova, a bavila se i kazali\u0161tem, televizijom i novinarstvom.<\/p>\n\n\n\n<hr class=\"wp-block-separator\"\/>\n\n\n\n<p>Jezik izvornika: talijanski<\/p>\n\n\n\n<p>Prijevod: Snje\u017eana Husi\u0107<\/p>\n\n\n\n<p>Broj stranica: 168<\/p>\n\n\n\n<p>Datum izdanja: velja\u010da 2023.<\/p>\n\n\n\n<p>Naslov izvornika: Il pane perduto<\/p>\n\n\n\n<hr class=\"wp-block-separator\"\/>\n\n\n\n<p>Izvor:<\/p>\n\n\n\n<p><a href=\"https:\/\/fraktura.hr\/izgubljeni-kruh.html\">https:\/\/fraktura.hr\/izgubljeni-kruh.html<\/a><\/p>\n\n\n\n<hr class=\"wp-block-separator\"\/>\n","protected":false},"excerpt":{"rendered":"","protected":false},"author":2,"featured_media":37009,"comment_status":"open","ping_status":"open","sticky":false,"template":"","format":"standard","meta":{"_acf_changed":false,"jetpack_post_was_ever_published":false,"_jetpack_newsletter_access":"","_jetpack_dont_email_post_to_subs":false,"_jetpack_newsletter_tier_id":0,"_jetpack_memberships_contains_paywalled_content":false,"_jetpack_memberships_contains_paid_content":false,"footnotes":"","jetpack_publicize_message":"","jetpack_publicize_feature_enabled":true,"jetpack_social_post_already_shared":true,"jetpack_social_options":{"image_generator_settings":{"template":"highway","default_image_id":0,"font":"","enabled":false},"version":2}},"categories":[3,12],"tags":[],"class_list":["post-37008","post","type-post","status-publish","format-standard","has-post-thumbnail","hentry","category-novosti","category-knjizevnost"],"acf":{"facebook_opis":""},"jetpack_publicize_connections":[],"jetpack_featured_media_url":"https:\/\/i0.wp.com\/historiografija.hr\/wp-content\/uploads\/2023\/09\/izgubljeni_kruh.jpg?fit=610%2C610&ssl=1","jetpack_sharing_enabled":true,"jetpack-related-posts":[],"_links":{"self":[{"href":"https:\/\/historiografija.hr\/index.php?rest_route=\/wp\/v2\/posts\/37008","targetHints":{"allow":["GET"]}}],"collection":[{"href":"https:\/\/historiografija.hr\/index.php?rest_route=\/wp\/v2\/posts"}],"about":[{"href":"https:\/\/historiografija.hr\/index.php?rest_route=\/wp\/v2\/types\/post"}],"author":[{"embeddable":true,"href":"https:\/\/historiografija.hr\/index.php?rest_route=\/wp\/v2\/users\/2"}],"replies":[{"embeddable":true,"href":"https:\/\/historiografija.hr\/index.php?rest_route=%2Fwp%2Fv2%2Fcomments&post=37008"}],"version-history":[{"count":1,"href":"https:\/\/historiografija.hr\/index.php?rest_route=\/wp\/v2\/posts\/37008\/revisions"}],"predecessor-version":[{"id":37010,"href":"https:\/\/historiografija.hr\/index.php?rest_route=\/wp\/v2\/posts\/37008\/revisions\/37010"}],"wp:featuredmedia":[{"embeddable":true,"href":"https:\/\/historiografija.hr\/index.php?rest_route=\/wp\/v2\/media\/37009"}],"wp:attachment":[{"href":"https:\/\/historiografija.hr\/index.php?rest_route=%2Fwp%2Fv2%2Fmedia&parent=37008"}],"wp:term":[{"taxonomy":"category","embeddable":true,"href":"https:\/\/historiografija.hr\/index.php?rest_route=%2Fwp%2Fv2%2Fcategories&post=37008"},{"taxonomy":"post_tag","embeddable":true,"href":"https:\/\/historiografija.hr\/index.php?rest_route=%2Fwp%2Fv2%2Ftags&post=37008"}],"curies":[{"name":"wp","href":"https:\/\/api.w.org\/{rel}","templated":true}]}}