{"id":37000,"date":"2023-09-05T19:55:44","date_gmt":"2023-09-05T19:55:44","guid":{"rendered":"http:\/\/historiografija.hr\/?p=37000"},"modified":"2023-09-05T19:57:22","modified_gmt":"2023-09-05T19:57:22","slug":"black-wave-to-white-ray-yugoslav-film-of-the-1960s-moma-sep-7-21-2023","status":"publish","type":"post","link":"https:\/\/historiografija.hr\/?p=37000","title":{"rendered":"Black Wave to White Ray: Yugoslav Film of the 1960s (MoMA, Sep 7\u201321, 2023)"},"content":{"rendered":"\n<p>U Muzeju moderne umjetnosti u New Yorku bit \u0107e prikazan od 7. do 21. rujna 2023. tematski ciklus o jugoslavenskom filmu 1960-ih godina.<\/p>\n\n\n\n<hr class=\"wp-block-separator\"\/>\n\n\n\n<p><strong>Black Wave to White Ray<\/strong><\/p>\n\n\n\n<p><strong>Yugoslav Film of the 1960s<\/strong><\/p>\n\n\n\n<p>Sep 7\u201321, 2023<\/p>\n\n\n\n<p>MoMA<\/p>\n\n\n\n<p>When the critic Vladimir Jovi\u010di\u0107 coined the term \u201cBlack Wave\u201d in 1969, he meant it as a dismissive nickname for a Yugoslavian national cinema that had become, in his opinion, unhealthily fixated on the dark side of human experience. Filmmakers such as Du\u0161an Makavejev, Aleksandar Petrovi\u0107, and \u017divojin Pavlovi\u0107 dealt with once-taboo topics like sex, war, and social alienation with a distinctive dark humor and brilliant formal invention. Although many of these films were banned or censored by the country\u2019s socialist government, they attracted enough international attention to achieve a measure of freedom unthinkable in the other Eastern Bloc countries. Unfortunately, many of these films disappeared from distribution when the national government collapsed amid the civil wars of the 1990s. This 15-film program is a preliminary attempt to reclaim some of that lost work, as selected by film historian Mina Radovic with the gracious cooperation of the Yugoslav Cinematheque and Delta Video of Belgrade, the Croatian State Archives &#8211; Croatian Cinematheque, the Slovenian Film Centre, Cinematheque of Bosnia and Herzegovina and the Cinematheque of North Macedonia.<\/p>\n\n\n\n<hr class=\"wp-block-separator\"\/>\n\n\n\n<p><strong>Events<\/strong><\/p>\n\n\n\n<p><a href=\"https:\/\/www.moma.org\/calendar\/film\/5607\">https:\/\/www.moma.org\/calendar\/film\/5607<\/a><\/p>\n\n\n\n<hr class=\"wp-block-separator\"\/>\n\n\n\n<p>Iz medija:<\/p>\n\n\n\n<p><a href=\"https:\/\/www.jutarnji.hr\/kultura\/film-i-televizija\/u-new-yorku-i-film-o-padobrancima-iz-sad-a-zalutalima-u-cetnicko-selo-uvjerili-su-seljane-da-je-draza-mihailovic-saveznik-amerikanaca-15370364\">https:\/\/www.jutarnji.hr\/kultura\/film-i-televizija\/u-new-yorku-i-film-o-padobrancima-iz-sad-a-zalutalima-u-cetnicko-selo-uvjerili-su-seljane-da-je-draza-mihailovic-saveznik-amerikanaca-15370364<\/a><\/p>\n\n\n\n<hr class=\"wp-block-separator\"\/>\n","protected":false},"excerpt":{"rendered":"","protected":false},"author":2,"featured_media":37001,"comment_status":"open","ping_status":"open","sticky":false,"template":"","format":"standard","meta":{"_acf_changed":false,"jetpack_post_was_ever_published":false,"_jetpack_newsletter_access":"","_jetpack_dont_email_post_to_subs":false,"_jetpack_newsletter_tier_id":0,"_jetpack_memberships_contains_paywalled_content":false,"_jetpack_memberships_contains_paid_content":false,"footnotes":"","jetpack_publicize_message":"","jetpack_publicize_feature_enabled":true,"jetpack_social_post_already_shared":true,"jetpack_social_options":{"image_generator_settings":{"template":"highway","default_image_id":0,"font":"","enabled":false},"version":2}},"categories":[13,3],"tags":[],"class_list":["post-37000","post","type-post","status-publish","format-standard","has-post-thumbnail","hentry","category-filmovi-i-serije","category-novosti"],"acf":{"facebook_opis":""},"jetpack_publicize_connections":[],"jetpack_featured_media_url":"https:\/\/i0.wp.com\/historiografija.hr\/wp-content\/uploads\/2023\/09\/Kad_budem_mrtav_i_beo.jpg?fit=1920%2C1080&ssl=1","jetpack_sharing_enabled":true,"jetpack-related-posts":[],"_links":{"self":[{"href":"https:\/\/historiografija.hr\/index.php?rest_route=\/wp\/v2\/posts\/37000","targetHints":{"allow":["GET"]}}],"collection":[{"href":"https:\/\/historiografija.hr\/index.php?rest_route=\/wp\/v2\/posts"}],"about":[{"href":"https:\/\/historiografija.hr\/index.php?rest_route=\/wp\/v2\/types\/post"}],"author":[{"embeddable":true,"href":"https:\/\/historiografija.hr\/index.php?rest_route=\/wp\/v2\/users\/2"}],"replies":[{"embeddable":true,"href":"https:\/\/historiografija.hr\/index.php?rest_route=%2Fwp%2Fv2%2Fcomments&post=37000"}],"version-history":[{"count":2,"href":"https:\/\/historiografija.hr\/index.php?rest_route=\/wp\/v2\/posts\/37000\/revisions"}],"predecessor-version":[{"id":37003,"href":"https:\/\/historiografija.hr\/index.php?rest_route=\/wp\/v2\/posts\/37000\/revisions\/37003"}],"wp:featuredmedia":[{"embeddable":true,"href":"https:\/\/historiografija.hr\/index.php?rest_route=\/wp\/v2\/media\/37001"}],"wp:attachment":[{"href":"https:\/\/historiografija.hr\/index.php?rest_route=%2Fwp%2Fv2%2Fmedia&parent=37000"}],"wp:term":[{"taxonomy":"category","embeddable":true,"href":"https:\/\/historiografija.hr\/index.php?rest_route=%2Fwp%2Fv2%2Fcategories&post=37000"},{"taxonomy":"post_tag","embeddable":true,"href":"https:\/\/historiografija.hr\/index.php?rest_route=%2Fwp%2Fv2%2Ftags&post=37000"}],"curies":[{"name":"wp","href":"https:\/\/api.w.org\/{rel}","templated":true}]}}