{"id":36997,"date":"2023-09-05T18:02:28","date_gmt":"2023-09-05T18:02:28","guid":{"rendered":"http:\/\/historiografija.hr\/?p=36997"},"modified":"2023-09-05T18:02:28","modified_gmt":"2023-09-05T18:02:28","slug":"radionice-racialization-and-the-contested-cultural-politics-of-non-alignment-i-non-alignment-and-new-international-orders-u-zagrebu","status":"publish","type":"post","link":"https:\/\/historiografija.hr\/?p=36997","title":{"rendered":"Radionice \u201eRacialization and the contested cultural politics of non-alignment\u201c i \u201eNon-Alignment and New International Order(s)\u201c u Zagrebu"},"content":{"rendered":"\n<p>Nakon radionice \u201eRacialization and the contested cultural politics of non-alignment\u201c odr\u017eane 4. rujna, na Ekonomskom institutu u Zagrebu odr\u017eat \u0107e se 7. rujna 2023. radionica \u201eNon-Alignment and New International Order(s)\u201c. Obje radionice dio su HRZZ projekta \u201eModeli i prakse globalne i kulturne razmjene i pokret nesvrstanih zemalja: istra\u017eivanja prostorno-vremenske kulturne dinamike\u201c.<\/p>\n\n\n\n<hr class=\"wp-block-separator\"\/>\n\n\n\n<p>Op\u0161irnije na sljede\u0107im poveznicama:<\/p>\n\n\n\n<p><a href=\"https:\/\/eizg.hr\/poziv-na-radionicu-racialization-and-the-contested-cultural-politics-of-non-alignment\/6467\">https:\/\/eizg.hr\/poziv-na-radionicu-racialization-and-the-contested-cultural-politics-of-non-alignment\/6467<\/a><\/p>\n\n\n\n<p><a href=\"https:\/\/eizg.hr\/poziv-na-radionicu-non-alignment-and-new-international-order-s\/6473\">https:\/\/eizg.hr\/poziv-na-radionicu-non-alignment-and-new-international-order-s\/6473<\/a><\/p>\n\n\n\n<p><a href=\"https:\/\/www.ipu.hr\/article\/hr\/1530\/medunarodne-radionice-hrzz-projekta-globe-exchange\">https:\/\/www.ipu.hr\/article\/hr\/1530\/medunarodne-radionice-hrzz-projekta-globe-exchange<\/a><\/p>\n\n\n\n<hr class=\"wp-block-separator\"\/>\n","protected":false},"excerpt":{"rendered":"","protected":false},"author":2,"featured_media":36998,"comment_status":"open","ping_status":"open","sticky":false,"template":"","format":"standard","meta":{"_acf_changed":false,"jetpack_post_was_ever_published":false,"_jetpack_newsletter_access":"","_jetpack_dont_email_post_to_subs":false,"_jetpack_newsletter_tier_id":0,"_jetpack_memberships_contains_paywalled_content":false,"_jetpack_memberships_contains_paid_content":false,"footnotes":"","jetpack_publicize_message":"","jetpack_publicize_feature_enabled":true,"jetpack_social_post_already_shared":true,"jetpack_social_options":{"image_generator_settings":{"template":"highway","default_image_id":0,"font":"","enabled":false},"version":2}},"categories":[3,9],"tags":[],"class_list":["post-36997","post","type-post","status-publish","format-standard","has-post-thumbnail","hentry","category-novosti","category-skupovi"],"acf":{"facebook_opis":""},"jetpack_publicize_connections":[],"jetpack_featured_media_url":"https:\/\/i0.wp.com\/historiografija.hr\/wp-content\/uploads\/2023\/09\/NAM.png?fit=199%2C192&ssl=1","jetpack_sharing_enabled":true,"jetpack-related-posts":[],"_links":{"self":[{"href":"https:\/\/historiografija.hr\/index.php?rest_route=\/wp\/v2\/posts\/36997","targetHints":{"allow":["GET"]}}],"collection":[{"href":"https:\/\/historiografija.hr\/index.php?rest_route=\/wp\/v2\/posts"}],"about":[{"href":"https:\/\/historiografija.hr\/index.php?rest_route=\/wp\/v2\/types\/post"}],"author":[{"embeddable":true,"href":"https:\/\/historiografija.hr\/index.php?rest_route=\/wp\/v2\/users\/2"}],"replies":[{"embeddable":true,"href":"https:\/\/historiografija.hr\/index.php?rest_route=%2Fwp%2Fv2%2Fcomments&post=36997"}],"version-history":[{"count":1,"href":"https:\/\/historiografija.hr\/index.php?rest_route=\/wp\/v2\/posts\/36997\/revisions"}],"predecessor-version":[{"id":36999,"href":"https:\/\/historiografija.hr\/index.php?rest_route=\/wp\/v2\/posts\/36997\/revisions\/36999"}],"wp:featuredmedia":[{"embeddable":true,"href":"https:\/\/historiografija.hr\/index.php?rest_route=\/wp\/v2\/media\/36998"}],"wp:attachment":[{"href":"https:\/\/historiografija.hr\/index.php?rest_route=%2Fwp%2Fv2%2Fmedia&parent=36997"}],"wp:term":[{"taxonomy":"category","embeddable":true,"href":"https:\/\/historiografija.hr\/index.php?rest_route=%2Fwp%2Fv2%2Fcategories&post=36997"},{"taxonomy":"post_tag","embeddable":true,"href":"https:\/\/historiografija.hr\/index.php?rest_route=%2Fwp%2Fv2%2Ftags&post=36997"}],"curies":[{"name":"wp","href":"https:\/\/api.w.org\/{rel}","templated":true}]}}