{"id":36992,"date":"2023-09-05T17:53:05","date_gmt":"2023-09-05T17:53:05","guid":{"rendered":"http:\/\/historiografija.hr\/?p=36992"},"modified":"2023-09-05T17:55:52","modified_gmt":"2023-09-05T17:55:52","slug":"novi-filmovi-i-stripovi-o-el-shattu","status":"publish","type":"post","link":"https:\/\/historiografija.hr\/?p=36992","title":{"rendered":"Novi filmovi i stripovi o El Shattu"},"content":{"rendered":"\n<p>Osim recentnog dokumentarnog filma Ivana Ramljaka &#8220;El Shatt &#8211; nacrt za utopiju&#8221; (o kojem smo ve\u0107 obavje\u0161tavali), snimljen je i kratki dokumentarni film Ane Bilankov &#8220;Dohvatiti sunce: El Shatt&#8221; te objavljen strip Helene Klako\u010dar &#8220;El Shatt &#8211; fragmenti&#8221;.<\/p>\n\n\n\n<hr class=\"wp-block-separator\"\/>\n\n\n\n<p>Op\u0161irnije o filmu Ane Bilankov:<\/p>\n\n\n\n<p><a href=\"https:\/\/havc.hr\/hrvatski-film\/katalog-hrvatskih-filmova\/dohvatiti-sunce-el-shatt\">https:\/\/havc.hr\/hrvatski-film\/katalog-hrvatskih-filmova\/dohvatiti-sunce-el-shatt<\/a><\/p>\n\n\n\n<p><a href=\"https:\/\/www.jutarnji.hr\/kultura\/film-i-televizija\/odrasla-sam-slusajuci-bakine-price-o-satorima-i-pustinji-el-shatta-i-napravila-film-o-zbjegu-15365686\">https:\/\/www.jutarnji.hr\/kultura\/film-i-televizija\/odrasla-sam-slusajuci-bakine-price-o-satorima-i-pustinji-el-shatta-i-napravila-film-o-zbjegu-15365686<\/a><\/p>\n\n\n\n<p><a href=\"https:\/\/www.portalnovosti.com\/ana-bilankov-u-vrijeme-mog-odrastanja-baka-bi-ljeti-na-solti-cesto-pricala-o-el-shattu\">https:\/\/www.portalnovosti.com\/ana-bilankov-u-vrijeme-mog-odrastanja-baka-bi-ljeti-na-solti-cesto-pricala-o-el-shattu<\/a><\/p>\n\n\n\n<hr class=\"wp-block-separator\"\/>\n\n\n\n<p>Op\u0161irnije o stripu Helene Klako\u010dar:<\/p>\n\n\n\n<p><a href=\"https:\/\/www.jutarnji.hr\/kultura\/knjizevnost\/sjajan-strip-o-el-shattu-do-moje-sedme-godine-za-peglanje-smo-koristili-deku-iz-izbjeglistva-pomagala-mi-je-i-zena-koja-se-zove-elsatka-15310474\">https:\/\/www.jutarnji.hr\/kultura\/knjizevnost\/sjajan-strip-o-el-shattu-do-moje-sedme-godine-za-peglanje-smo-koristili-deku-iz-izbjeglistva-pomagala-mi-je-i-zena-koja-se-zove-elsatka-15310474<\/a><\/p>\n\n\n\n<p><a href=\"https:\/\/radio.hrt.hr\/treci-program\/kultura\/helena-klakocar-vuksic-o-svom-grafickom-romanu-el-shatt-fragmenti--10703898\">https:\/\/radio.hrt.hr\/treci-program\/kultura\/helena-klakocar-vuksic-o-svom-grafickom-romanu-el-shatt-fragmenti&#8211;10703898<\/a><\/p>\n\n\n\n<p><a href=\"https:\/\/kulturpunkt.hr\/podcast\/audio\/kulturpunkt-u-eteru-el-shatt\/\">https:\/\/kulturpunkt.hr\/podcast\/audio\/kulturpunkt-u-eteru-el-shatt\/<\/a><\/p>\n\n\n\n<figure class=\"wp-block-embed-wordpress wp-block-embed is-type-wp-embed is-provider-nacional-hr\"><div class=\"wp-block-embed__wrapper\">\n<blockquote class=\"wp-embedded-content\" data-secret=\"hWFr3V86SA\"><a href=\"https:\/\/www.nacional.hr\/helena-klakocar-rat-me-zanima-jer-je-moju-generaciju-skrenuo-s-naseg-puta\/\">HELENA KLAKO\u010cAR: &#8216;Rat me zanima jer je moju generaciju skrenuo s na\u0161eg puta&#8217;<\/a><\/blockquote><iframe loading=\"lazy\" class=\"wp-embedded-content\" sandbox=\"allow-scripts\" security=\"restricted\" style=\"position: absolute; clip: rect(1px, 1px, 1px, 1px);\" title=\"&#8220;HELENA KLAKO\u010cAR: &#8216;Rat me zanima jer je moju generaciju skrenuo s na\u0161eg puta&#8217;&#8221; &#8212; NACIONAL.HR\" src=\"https:\/\/www.nacional.hr\/helena-klakocar-rat-me-zanima-jer-je-moju-generaciju-skrenuo-s-naseg-puta\/embed\/#?secret=hWFr3V86SA\" data-secret=\"hWFr3V86SA\" width=\"600\" height=\"338\" frameborder=\"0\" marginwidth=\"0\" marginheight=\"0\" scrolling=\"no\"><\/iframe>\n<\/div><\/figure>\n\n\n\n<p><a href=\"https:\/\/www.vecernji.hr\/kultura\/izlozba-o-sudbinama-dalmatinskih-izbjeglicaiz-el-shatta-u-splitu-1675621\">https:\/\/www.vecernji.hr\/kultura\/izlozba-o-sudbinama-dalmatinskih-izbjeglicaiz-el-shatta-u-splitu-1675621<\/a><\/p>\n\n\n\n<p><a href=\"https:\/\/www.jergovic.com\/ajfelov-most\/ekran-knjige-46\/\">https:\/\/www.jergovic.com\/ajfelov-most\/ekran-knjige-46\/<\/a><\/p>\n\n\n\n<p><a href=\"https:\/\/www.matica.hr\/vijenac\/761\/izvanredno-svjedocanstvo-34664\/\">https:\/\/www.matica.hr\/vijenac\/761\/izvanredno-svjedocanstvo-34664\/<\/a><\/p>\n\n\n\n<p><a href=\"https:\/\/kritika-hdp.hr\/zbjeg-bez-roka-trajanja\/\">https:\/\/kritika-hdp.hr\/zbjeg-bez-roka-trajanja\/<\/a><\/p>\n\n\n\n<p><a href=\"https:\/\/www.portalnovosti.com\/slike-sjecanja\">https:\/\/www.portalnovosti.com\/slike-sjecanja<\/a><\/p>\n\n\n\n<hr class=\"wp-block-separator\"\/>\n\n\n\n<p>Prethodne obavijesti o filmu Ivana Ramljaka:<\/p>\n\n\n\n<figure class=\"wp-block-embed-wordpress wp-block-embed is-type-wp-embed is-provider-historiografija-hr\"><div class=\"wp-block-embed__wrapper\">\n<blockquote class=\"wp-embedded-content\" data-secret=\"YfPUcmkm2Y\"><a href=\"https:\/\/historiografija.hr\/?p=36198\">Zagreba\u010dke projekcije filma &#8216;El Shatt &#8211; nacrt za utopiju&#8217;<\/a><\/blockquote><iframe loading=\"lazy\" class=\"wp-embedded-content\" sandbox=\"allow-scripts\" security=\"restricted\" style=\"position: absolute; clip: rect(1px, 1px, 1px, 1px);\" title=\"&#8220;Zagreba\u010dke projekcije filma &#8216;El Shatt &#8211; nacrt za utopiju&#8217;&#8221; &#8212; Historiografija.hr\" src=\"https:\/\/historiografija.hr\/?p=36198&#038;embed=true#?secret=YfPUcmkm2Y\" data-secret=\"YfPUcmkm2Y\" width=\"600\" height=\"338\" frameborder=\"0\" marginwidth=\"0\" marginheight=\"0\" scrolling=\"no\"><\/iframe>\n<\/div><\/figure>\n\n\n\n<hr class=\"wp-block-separator\"\/>\n","protected":false},"excerpt":{"rendered":"","protected":false},"author":2,"featured_media":36993,"comment_status":"open","ping_status":"open","sticky":false,"template":"","format":"standard","meta":{"_acf_changed":false,"jetpack_post_was_ever_published":false,"_jetpack_newsletter_access":"","_jetpack_dont_email_post_to_subs":false,"_jetpack_newsletter_tier_id":0,"_jetpack_memberships_contains_paywalled_content":false,"_jetpack_memberships_contains_paid_content":false,"footnotes":"","jetpack_publicize_message":"","jetpack_publicize_feature_enabled":true,"jetpack_social_post_already_shared":true,"jetpack_social_options":{"image_generator_settings":{"template":"highway","default_image_id":0,"font":"","enabled":false},"version":2}},"categories":[13,3,12],"tags":[],"class_list":["post-36992","post","type-post","status-publish","format-standard","has-post-thumbnail","hentry","category-filmovi-i-serije","category-novosti","category-knjizevnost"],"acf":{"facebook_opis":""},"jetpack_publicize_connections":[],"jetpack_featured_media_url":"https:\/\/i0.wp.com\/historiografija.hr\/wp-content\/uploads\/2023\/09\/El_Shatt-scaled.jpg?fit=1853%2C2560&ssl=1","jetpack_sharing_enabled":true,"jetpack-related-posts":[{"id":52556,"url":"https:\/\/historiografija.hr\/?p=52556","url_meta":{"origin":36992,"position":0},"title":"ZagrebDox 2026.","author":"Branimir Jankovi\u0107","date":"20. travnja 2026.","format":false,"excerpt":"Me\u0111unarodni festival dokumentarnog filma 19. - 26. travnja 2026. Kaptol Boutique Cinema, Zagreb Program i dodatne obavijesti: https:\/\/zagrebdox.net\/hr","rel":"","context":"U &quot;Filmovi i serije&quot;","block_context":{"text":"Filmovi i serije","link":"https:\/\/historiografija.hr\/?cat=13"},"img":{"alt_text":"","src":"https:\/\/i0.wp.com\/historiografija.hr\/wp-content\/uploads\/2026\/04\/DOX-logo.jpg?fit=600%2C600&ssl=1&resize=350%2C200","width":350,"height":200,"srcset":"https:\/\/i0.wp.com\/historiografija.hr\/wp-content\/uploads\/2026\/04\/DOX-logo.jpg?fit=600%2C600&ssl=1&resize=350%2C200 1x, https:\/\/i0.wp.com\/historiografija.hr\/wp-content\/uploads\/2026\/04\/DOX-logo.jpg?fit=600%2C600&ssl=1&resize=525%2C300 1.5x"},"classes":[]},{"id":52547,"url":"https:\/\/historiografija.hr\/?p=52547","url_meta":{"origin":36992,"position":1},"title":"ISHA Zagreb \u2013 Filmska ve\u010der: Povratak Martina Guerrea","author":"Branimir Jankovi\u0107","date":"20. travnja 2026.","format":false,"excerpt":"Klub studenata povijesti \u2013 ISHA Zagreb poziva Vas na filmsku ve\u010der na kojoj \u0107e se prikazivati \u201ePovratak Martina Guerrea\u201c, povijesna drama iz 1982. godine s radnjom smje\u0161tenom u 16. stolje\u0107u. Radnja je utemeljena na stvarnoj povijesnoj li\u010dnosti Martina Guerrea koji se nakon mnogo godina izbivanja vra\u0107a u svoje rodno mjesto\u2026","rel":"","context":"U &quot;Filmovi i serije&quot;","block_context":{"text":"Filmovi i serije","link":"https:\/\/historiografija.hr\/?cat=13"},"img":{"alt_text":"","src":"https:\/\/i0.wp.com\/historiografija.hr\/wp-content\/uploads\/2026\/04\/M-Guerre.png?fit=702%2C1006&ssl=1&resize=350%2C200","width":350,"height":200,"srcset":"https:\/\/i0.wp.com\/historiografija.hr\/wp-content\/uploads\/2026\/04\/M-Guerre.png?fit=702%2C1006&ssl=1&resize=350%2C200 1x, https:\/\/i0.wp.com\/historiografija.hr\/wp-content\/uploads\/2026\/04\/M-Guerre.png?fit=702%2C1006&ssl=1&resize=525%2C300 1.5x, https:\/\/i0.wp.com\/historiografija.hr\/wp-content\/uploads\/2026\/04\/M-Guerre.png?fit=702%2C1006&ssl=1&resize=700%2C400 2x"},"classes":[]},{"id":52508,"url":"https:\/\/historiografija.hr\/?p=52508","url_meta":{"origin":36992,"position":2},"title":"Glazbena radionica \u201eDUGMETARA REVISITED\u201c","author":"Branimir Jankovi\u0107","date":"17. travnja 2026.","format":false,"excerpt":"DUGMETARA REVISITED glazbena radionica vodi: Ana Horvat 13., 20. i 27. travnja, od 18 do 20 sati Radiona, Nova cesta 186 Na tri radioni\u010dka susreta uranjamo u naslje\u0111e Dugmetare, biv\u0161e tvornice dugmadi na Savskoj cesti koja je po\u010detkom 2000-ih igrom slu\u010daja postala \u017eivo, jedinstveno mjesto glazbene proizvodnje. Svoje su probe\u2026","rel":"","context":"U &quot;Novosti&quot;","block_context":{"text":"Novosti","link":"https:\/\/historiografija.hr\/?cat=3"},"img":{"alt_text":"","src":"https:\/\/i0.wp.com\/historiografija.hr\/wp-content\/uploads\/2026\/04\/TRESNJA_TRESTI.jpg?fit=380%2C475&ssl=1&resize=350%2C200","width":350,"height":200},"classes":[]},{"id":52666,"url":"https:\/\/historiografija.hr\/?p=52666","url_meta":{"origin":36992,"position":3},"title":"Najava programa Festivala povijesti Kliofest (5-8. V. 2026)","author":"Branimir Jankovi\u0107","date":"24. travnja 2026.","format":false,"excerpt":"Po trinaesti put odr\u017eava se Festival povijesti Kliofest! Do petka \u0107emo odr\u017eati osam okruglih stolova i dva kolokvija te niz predstavljanja knjiga i projekata razli\u010dite tematike, od antike do suvremenosti. Bit \u0107e predstavljeno i nekoliko izlo\u017ebi te odr\u017ean jedan povijesni kviz. Prikazat \u0107emo i jedan film \u2013 o generalu Boroevi\u0107u.\u2026","rel":"","context":"U &quot;Novosti&quot;","block_context":{"text":"Novosti","link":"https:\/\/historiografija.hr\/?cat=3"},"img":{"alt_text":"","src":"https:\/\/i0.wp.com\/historiografija.hr\/wp-content\/uploads\/2026\/04\/Kliofest-2026.jpg?fit=526%2C526&ssl=1&resize=350%2C200","width":350,"height":200,"srcset":"https:\/\/i0.wp.com\/historiografija.hr\/wp-content\/uploads\/2026\/04\/Kliofest-2026.jpg?fit=526%2C526&ssl=1&resize=350%2C200 1x, https:\/\/i0.wp.com\/historiografija.hr\/wp-content\/uploads\/2026\/04\/Kliofest-2026.jpg?fit=526%2C526&ssl=1&resize=525%2C300 1.5x"},"classes":[]}],"_links":{"self":[{"href":"https:\/\/historiografija.hr\/index.php?rest_route=\/wp\/v2\/posts\/36992","targetHints":{"allow":["GET"]}}],"collection":[{"href":"https:\/\/historiografija.hr\/index.php?rest_route=\/wp\/v2\/posts"}],"about":[{"href":"https:\/\/historiografija.hr\/index.php?rest_route=\/wp\/v2\/types\/post"}],"author":[{"embeddable":true,"href":"https:\/\/historiografija.hr\/index.php?rest_route=\/wp\/v2\/users\/2"}],"replies":[{"embeddable":true,"href":"https:\/\/historiografija.hr\/index.php?rest_route=%2Fwp%2Fv2%2Fcomments&post=36992"}],"version-history":[{"count":3,"href":"https:\/\/historiografija.hr\/index.php?rest_route=\/wp\/v2\/posts\/36992\/revisions"}],"predecessor-version":[{"id":36996,"href":"https:\/\/historiografija.hr\/index.php?rest_route=\/wp\/v2\/posts\/36992\/revisions\/36996"}],"wp:featuredmedia":[{"embeddable":true,"href":"https:\/\/historiografija.hr\/index.php?rest_route=\/wp\/v2\/media\/36993"}],"wp:attachment":[{"href":"https:\/\/historiografija.hr\/index.php?rest_route=%2Fwp%2Fv2%2Fmedia&parent=36992"}],"wp:term":[{"taxonomy":"category","embeddable":true,"href":"https:\/\/historiografija.hr\/index.php?rest_route=%2Fwp%2Fv2%2Fcategories&post=36992"},{"taxonomy":"post_tag","embeddable":true,"href":"https:\/\/historiografija.hr\/index.php?rest_route=%2Fwp%2Fv2%2Ftags&post=36992"}],"curies":[{"name":"wp","href":"https:\/\/api.w.org\/{rel}","templated":true}]}}