{"id":36981,"date":"2023-09-04T14:36:39","date_gmt":"2023-09-04T14:36:39","guid":{"rendered":"http:\/\/historiografija.hr\/?p=36981"},"modified":"2023-09-04T14:39:43","modified_gmt":"2023-09-04T14:39:43","slug":"11-festival-svjetske-knjizevnosti","status":"publish","type":"post","link":"https:\/\/historiografija.hr\/?p=36981","title":{"rendered":"11. Festival svjetske knji\u017eevnosti"},"content":{"rendered":"\n<p>11. Festival svjetske knji\u017eevnosti sadr\u017ei bogat program knji\u017eevnih ve\u010deri, predstava i izlo\u017ebi \u2013 s vi\u0161e povijesnih tema &#8211; koji se od 3. do 8. rujna 2023. odvija u prostorima Knji\u017eare Fraktura, Zagreba\u010dkog kazali\u0161ta mladih i Galerije Kranj\u010dar u Zagrebu.<\/p>\n\n\n\n<hr class=\"wp-block-separator\"\/>\n\n\n\n<p>Op\u0161irnije:<\/p>\n\n\n\n<p><a href=\"https:\/\/www.culturenet.hr\/hr\/na-valovima-dobrih-rijeci-blizi-se-11-festival-svjetske-knjizevnosti\/197882\">https:\/\/www.culturenet.hr\/hr\/na-valovima-dobrih-rijeci-blizi-se-11-festival-svjetske-knjizevnosti\/197882<\/a><\/p>\n\n\n\n<p><a href=\"https:\/\/magazin.fraktura.hr\/hr\">https:\/\/magazin.fraktura.hr\/hr<\/a><\/p>\n\n\n\n<hr class=\"wp-block-separator\"\/>\n","protected":false},"excerpt":{"rendered":"","protected":false},"author":2,"featured_media":36982,"comment_status":"open","ping_status":"open","sticky":false,"template":"","format":"standard","meta":{"_acf_changed":false,"jetpack_post_was_ever_published":false,"_jetpack_newsletter_access":"","_jetpack_dont_email_post_to_subs":false,"_jetpack_newsletter_tier_id":0,"_jetpack_memberships_contains_paywalled_content":false,"_jetpack_memberships_contains_paid_content":false,"footnotes":"","jetpack_publicize_message":"","jetpack_publicize_feature_enabled":true,"jetpack_social_post_already_shared":true,"jetpack_social_options":{"image_generator_settings":{"template":"highway","default_image_id":0,"font":"","enabled":false},"version":2}},"categories":[3,12],"tags":[],"class_list":["post-36981","post","type-post","status-publish","format-standard","has-post-thumbnail","hentry","category-novosti","category-knjizevnost"],"acf":{"facebook_opis":""},"jetpack_publicize_connections":[],"jetpack_featured_media_url":"https:\/\/i0.wp.com\/historiografija.hr\/wp-content\/uploads\/2023\/09\/11_FSK.jpg?fit=750%2C500&ssl=1","jetpack_sharing_enabled":true,"jetpack-related-posts":[],"_links":{"self":[{"href":"https:\/\/historiografija.hr\/index.php?rest_route=\/wp\/v2\/posts\/36981","targetHints":{"allow":["GET"]}}],"collection":[{"href":"https:\/\/historiografija.hr\/index.php?rest_route=\/wp\/v2\/posts"}],"about":[{"href":"https:\/\/historiografija.hr\/index.php?rest_route=\/wp\/v2\/types\/post"}],"author":[{"embeddable":true,"href":"https:\/\/historiografija.hr\/index.php?rest_route=\/wp\/v2\/users\/2"}],"replies":[{"embeddable":true,"href":"https:\/\/historiografija.hr\/index.php?rest_route=%2Fwp%2Fv2%2Fcomments&post=36981"}],"version-history":[{"count":3,"href":"https:\/\/historiografija.hr\/index.php?rest_route=\/wp\/v2\/posts\/36981\/revisions"}],"predecessor-version":[{"id":36986,"href":"https:\/\/historiografija.hr\/index.php?rest_route=\/wp\/v2\/posts\/36981\/revisions\/36986"}],"wp:featuredmedia":[{"embeddable":true,"href":"https:\/\/historiografija.hr\/index.php?rest_route=\/wp\/v2\/media\/36982"}],"wp:attachment":[{"href":"https:\/\/historiografija.hr\/index.php?rest_route=%2Fwp%2Fv2%2Fmedia&parent=36981"}],"wp:term":[{"taxonomy":"category","embeddable":true,"href":"https:\/\/historiografija.hr\/index.php?rest_route=%2Fwp%2Fv2%2Fcategories&post=36981"},{"taxonomy":"post_tag","embeddable":true,"href":"https:\/\/historiografija.hr\/index.php?rest_route=%2Fwp%2Fv2%2Ftags&post=36981"}],"curies":[{"name":"wp","href":"https:\/\/api.w.org\/{rel}","templated":true}]}}