{"id":36964,"date":"2023-09-01T22:37:44","date_gmt":"2023-09-01T22:37:44","guid":{"rendered":"http:\/\/historiografija.hr\/?p=36964"},"modified":"2023-09-01T22:38:24","modified_gmt":"2023-09-01T22:38:24","slug":"professional-historians-in-public-old-and-new-roles-revisited","status":"publish","type":"post","link":"https:\/\/historiografija.hr\/?p=36964","title":{"rendered":"Professional Historians in Public: Old and New Roles Revisited"},"content":{"rendered":"\n<p>Edited by Berber Bevernage and Lutz Raphael<\/p>\n\n\n\n<hr class=\"wp-block-separator\"\/>\n\n\n\n<p>The past decades public interest in history is booming. This creates new opportunities but also challenges for professional historians. This book asks how historians deal with changing public demands for history and how these affect their professional practices, values and identities. The volume offers a great variety of detailed studies of cases where historians have applied their expertise outside the academic sphere. With contributions focusing on Latin America, Africa, Asia, the Pacific and Europe the book has a broad geographical scope.<\/p>\n\n\n\n<p>Subdivided in five sections, the book starts with a critical look back on some historians who broke with mainstream academic positions by combining their professional activities with an explicit political partisanship or social engagement. The second section focusses on the challenges historians are confronted with when entering the court room or more generally exposing their expertise to legal frameworks. The third section focuses on the effects of policy driven demands as well as direct political interventions and regulations on the historical profession. A fourth section looks at the challenges and opportunities related to the rise of new digital media. Finally several authors offer their view on normative standards that may help to better respond to new demands and to define role models for publicly engaged historians.<\/p>\n\n\n\n<p>This book aims at historians and other academics interested in public uses of history.<\/p>\n\n\n\n<hr class=\"wp-block-separator\"\/>\n\n\n\n<p><strong>Contents<\/strong><\/p>\n\n\n\n<p>Frontmatter<\/p>\n\n\n\n<p>The Politics of Historical Thinking<\/p>\n\n\n\n<p>Contents<\/p>\n\n\n\n<p><strong>Introduction<\/strong><\/p>\n\n\n\n<p>1 New Roles for Professional Historians and New Public Uses of the Past<\/p>\n\n\n\n<p>Berber Bevernage and Lutz Raphael<\/p>\n\n\n\n<p><strong>Part One: Histoires Engag\u00e9es: A Critical Look Back<\/strong><\/p>\n\n\n\n<p>2 Eric Hobsbawm as a Public Champion of Cosmopolitan Universalism<\/p>\n\n\n\n<p>Stefan Berger<\/p>\n\n\n\n<p>3 Two Sides of Activist Scholarship Within UNESCO\u2019s General History of Africa (1964\u20131998)<\/p>\n\n\n\n<p>Larissa Schulte Nordholt<\/p>\n\n\n\n<p>4 Colonial Historiography, Hindutva, and the Difficulty of Reading the Ancient Indian Historical Traditions<\/p>\n\n\n\n<p>Kanad Sinha<\/p>\n\n\n\n<p><strong>Part Two: Law and Historical Expertise<\/strong><\/p>\n\n\n\n<p>5 Challenges of Historical Expert Witnessing in the International Criminal Tribunal for the Former Yugoslavia and Elsewhere<\/p>\n\n\n\n<p>Vladimir Petrovi\u0107<\/p>\n\n\n\n<p>6 The Waitangi Tribunal and the Public Life of History<\/p>\n\n\n\n<p>Bain Attwood<\/p>\n\n\n\n<p><strong>Part Three: Old and New Public Demands on Professional Historians<\/strong><\/p>\n\n\n\n<p>7 Between Discipline and Profession: Historical Studies and Their Public Relevance in Brazil<\/p>\n\n\n\n<p>Fernando Nicolazzi<\/p>\n\n\n\n<p>8 Policy-Oriented History for the EU: The Rise of a New Type of Professional Practice for Historians?<\/p>\n\n\n\n<p>Marie-Gabrielle Verbergt<\/p>\n\n\n\n<p>9 Indigenous History, Activism, and the Decolonizing University: Challenges, Opportunities, and the Struggle over the Khoisan Past in Post-apartheid South Africa<\/p>\n\n\n\n<p>June Bam and Rafael Verbuyst<\/p>\n\n\n\n<p><strong>Part Four: Public History in New Media<\/strong><\/p>\n\n\n\n<p>10 Russian Public Historians in the New Media (The Case of Telegram)<\/p>\n\n\n\n<p>Alexandra Kolesnik, Boris Stepanov and Irina Savelieva<\/p>\n\n\n\n<p>11 Practices of Popular Science and Digital Curation in Theory of History on the Portuguese Edition of Wikipedia<\/p>\n\n\n\n<p>Fl\u00e1via Florentino Varella and Rodrigo Bragio Bonaldo<\/p>\n\n\n\n<p><strong>Part Five: Perspectives: Moral, Epistemic, and Political<\/strong><\/p>\n\n\n\n<p>12 Historians and Human Rights Advocacy<\/p>\n\n\n\n<p>Antoon De Baets<\/p>\n\n\n\n<p>13 The Politics of Memory and the Task of Historians<\/p>\n\n\n\n<p>Jakob Tanner<\/p>\n\n\n\n<p>14 Languages of Legitimation and the Registers of Legitimate History<\/p>\n\n\n\n<p>Benjamin Zachariah<\/p>\n\n\n\n<p>Biographical Notes<\/p>\n\n\n\n<p>Selected Bibliography on \u2018Public Uses of the Past and the Role of Professional Historians in the Public Sphere\u2019<\/p>\n\n\n\n<p>Index<\/p>\n\n\n\n<hr class=\"wp-block-separator\"\/>\n\n\n\n<p>Publisher: De Gruyter Oldenbourg<\/p>\n\n\n\n<p>Copyright year: 2023<\/p>\n\n\n\n<p><a href=\"https:\/\/www.degruyter.com\/document\/doi\/10.1515\/9783111186047\/html#contents\">https:\/\/www.degruyter.com\/document\/doi\/10.1515\/9783111186047\/html#contents<\/a><\/p>\n\n\n\n<hr class=\"wp-block-separator\"\/>\n","protected":false},"excerpt":{"rendered":"","protected":false},"author":2,"featured_media":36965,"comment_status":"open","ping_status":"open","sticky":false,"template":"","format":"standard","meta":{"_acf_changed":false,"jetpack_post_was_ever_published":false,"_jetpack_newsletter_access":"","_jetpack_dont_email_post_to_subs":false,"_jetpack_newsletter_tier_id":0,"_jetpack_memberships_contains_paywalled_content":false,"_jetpack_memberships_contains_paid_content":false,"footnotes":"","jetpack_publicize_message":"","jetpack_publicize_feature_enabled":true,"jetpack_social_post_already_shared":true,"jetpack_social_options":{"image_generator_settings":{"template":"highway","default_image_id":0,"font":"","enabled":false},"version":2}},"categories":[8,3],"tags":[],"class_list":["post-36964","post","type-post","status-publish","format-standard","has-post-thumbnail","hentry","category-knjige","category-novosti"],"acf":{"facebook_opis":""},"jetpack_publicize_connections":[],"jetpack_featured_media_url":"https:\/\/i0.wp.com\/historiografija.hr\/wp-content\/uploads\/2023\/09\/Historians.jpg?fit=800%2C1183&ssl=1","jetpack_sharing_enabled":true,"jetpack-related-posts":[{"id":52677,"url":"https:\/\/historiografija.hr\/?p=52677","url_meta":{"origin":36964,"position":0},"title":"CfP: NAVIGATING THE PAST, FACING THE PRESENT: CHALLENGES AND OPPORTUNITIES IN RE-PRESENTING CONFLICTS AND VIOLENCE IN MEMORY AND EDUCATION INSTITUTIONS, WARSAW, 22ND\u201324TH OCTOBER 2026 (DEADLINE: 30TH APRIL 2026)","author":"Branimir Jankovi\u0107","date":"27. travnja 2026.","format":false,"excerpt":"The conference and graduate workshop (October 22-24, 2026, Warsaw) addresses the representation of history in public and institutional contexts, with a focus beyond the often-studied field of \u201cmemory culture\u201d. Rather than emphasizing the politicization of memory and cultural institutions, the discussion shifts toward new methods, media, and challenges in historical\u2026","rel":"","context":"U &quot;Novosti&quot;","block_context":{"text":"Novosti","link":"https:\/\/historiografija.hr\/?cat=3"},"img":{"alt_text":"","src":"https:\/\/i0.wp.com\/historiografija.hr\/wp-content\/uploads\/2017\/10\/hsozkult.png?fit=1006%2C241&ssl=1&resize=350%2C200","width":350,"height":200,"srcset":"https:\/\/i0.wp.com\/historiografija.hr\/wp-content\/uploads\/2017\/10\/hsozkult.png?fit=1006%2C241&ssl=1&resize=350%2C200 1x, https:\/\/i0.wp.com\/historiografija.hr\/wp-content\/uploads\/2017\/10\/hsozkult.png?fit=1006%2C241&ssl=1&resize=525%2C300 1.5x, https:\/\/i0.wp.com\/historiografija.hr\/wp-content\/uploads\/2017\/10\/hsozkult.png?fit=1006%2C241&ssl=1&resize=700%2C400 2x"},"classes":[]},{"id":52516,"url":"https:\/\/historiografija.hr\/?p=52516","url_meta":{"origin":36964,"position":1},"title":"Marko Grde\u0161i\u0107, Mislav \u017ditko, \u201eSocialist Economics in Yugoslavia: A Critical History\u201c","author":"Branimir Jankovi\u0107","date":"17. travnja 2026.","format":false,"excerpt":"This book presents a critical history of Yugoslav socialist economics, from its inception in the late 1940s to its dissolution in the late 1980s. After the dramatic break with the Soviet Union in 1948, Yugoslavia found itself in urgent need of a third way: A socialist trajectory which would not\u2026","rel":"","context":"U &quot;Knjige&quot;","block_context":{"text":"Knjige","link":"https:\/\/historiografija.hr\/?cat=8"},"img":{"alt_text":"","src":"https:\/\/i0.wp.com\/historiografija.hr\/wp-content\/uploads\/2026\/04\/Zitko_Grdesic.jpg?fit=350%2C535&ssl=1&resize=350%2C200","width":350,"height":200},"classes":[]},{"id":52622,"url":"https:\/\/historiografija.hr\/?p=52622","url_meta":{"origin":36964,"position":2},"title":"Annual CAPONEU conference: Political Novel in Europe Between Democracy and Authoritarianism","author":"Branimir Jankovi\u0107","date":"23. travnja 2026.","format":false,"excerpt":"Caponeu event 22.04.2026 - 24.04.2026 Location: The Faculty of Polish and Classical Philology AMU (Fredry 10, Pozna\u0144)Organized by: Tomasz Mizerkiewicz, Krystyna Pieni\u0105\u017cek-Markovi\u0107, Anna Gawarecka, Ewa Szperlik, Magda Potok, B\u0142a\u017cej Warkocki, Gerard Ronge (all Adam Mickiewicz University in Pozna\u0144)Contact: gerron@amu.edu.pl The Adam Mickiewicz University team, as part of the international CAPONEU\u2026","rel":"","context":"U &quot;Novosti&quot;","block_context":{"text":"Novosti","link":"https:\/\/historiografija.hr\/?cat=3"},"img":{"alt_text":"","src":"https:\/\/i0.wp.com\/historiografija.hr\/wp-content\/uploads\/2026\/04\/Caponeu-political-novel.jpg?fit=500%2C261&ssl=1&resize=350%2C200","width":350,"height":200},"classes":[]},{"id":52641,"url":"https:\/\/historiografija.hr\/?p=52641","url_meta":{"origin":36964,"position":3},"title":"CfP: WHO OWNS THE PAST? VERNACULAR MEMORY, STATE MEMORY, AND THE POLITICS OF OWNERSHIP","author":"Branimir Jankovi\u0107","date":"24. travnja 2026.","format":false,"excerpt":"VIENNA, 31ST AUGUST\u20133RD SEPTEMBER 2026 (DEADLINE: 24TH APRIL 2026) The Center for Austrian Studies at the European Forum at the Hebrew University and the Austrian Academy of Sciences\/Institute of Culture Studies invite early postdocs, PhD candidates, and advanced Master\u2019s students from the Hebrew University of Jerusalem and universities and academic\u2026","rel":"","context":"U &quot;Novosti&quot;","block_context":{"text":"Novosti","link":"https:\/\/historiografija.hr\/?cat=3"},"img":{"alt_text":"","src":"https:\/\/i0.wp.com\/historiografija.hr\/wp-content\/uploads\/2017\/10\/hsozkult.png?fit=1006%2C241&ssl=1&resize=350%2C200","width":350,"height":200,"srcset":"https:\/\/i0.wp.com\/historiografija.hr\/wp-content\/uploads\/2017\/10\/hsozkult.png?fit=1006%2C241&ssl=1&resize=350%2C200 1x, https:\/\/i0.wp.com\/historiografija.hr\/wp-content\/uploads\/2017\/10\/hsozkult.png?fit=1006%2C241&ssl=1&resize=525%2C300 1.5x, https:\/\/i0.wp.com\/historiografija.hr\/wp-content\/uploads\/2017\/10\/hsozkult.png?fit=1006%2C241&ssl=1&resize=700%2C400 2x"},"classes":[]},{"id":52643,"url":"https:\/\/historiografija.hr\/?p=52643","url_meta":{"origin":36964,"position":4},"title":"BRACEWELL TRAVELLING SCHOLARSHIP\u202fFOR PHD STUDENTS (DEADLINE: 30TH APRIL 2026)","author":"Branimir Jankovi\u0107","date":"24. travnja 2026.","format":false,"excerpt":"The Bracewell Travelling Scholarship\u202fis funded by a gift from SSEES Emeritus Professor of History Wendy Bracewell, whose research examines South Slav history, and travel writing in eastern Europe. The Scholarship honours the long tradition of mutual curiosity between the UK and eastern, central and southeastern Europe by supporting PhD students\u2026","rel":"","context":"U &quot;Novosti&quot;","block_context":{"text":"Novosti","link":"https:\/\/historiografija.hr\/?cat=3"},"img":{"alt_text":"","src":"https:\/\/i0.wp.com\/historiografija.hr\/wp-content\/uploads\/2026\/04\/Bracewell-Travelling-Scholarship-.webp?fit=980%2C700&ssl=1&resize=350%2C200","width":350,"height":200,"srcset":"https:\/\/i0.wp.com\/historiografija.hr\/wp-content\/uploads\/2026\/04\/Bracewell-Travelling-Scholarship-.webp?fit=980%2C700&ssl=1&resize=350%2C200 1x, https:\/\/i0.wp.com\/historiografija.hr\/wp-content\/uploads\/2026\/04\/Bracewell-Travelling-Scholarship-.webp?fit=980%2C700&ssl=1&resize=525%2C300 1.5x, https:\/\/i0.wp.com\/historiografija.hr\/wp-content\/uploads\/2026\/04\/Bracewell-Travelling-Scholarship-.webp?fit=980%2C700&ssl=1&resize=700%2C400 2x"},"classes":[]},{"id":52679,"url":"https:\/\/historiografija.hr\/?p=52679","url_meta":{"origin":36964,"position":5},"title":"CfP: CHOSEN NATION(S): HISTORICAL AND CULTURAL INTERPRETATIONS OF EXCEPTIONALISM, BUDAPEST, 10TH\u201311TH JUNE 2026 (DEADLINE: 1ST MAY 2026)","author":"Branimir Jankovi\u0107","date":"27. travnja 2026.","format":false,"excerpt":"The Ludovika University of Public Service (NKE) and the Jewish Theological Seminary \u2013 University of Jewish Studies (OR-ZSE) are pleased to announce a joint academic conference on \u201cChosen Nation(s): Historical and Cultural Interpretations of Exceptionalism\u201d, to be held in Budapest, Hungary. Chosen Nation(s): Historical and Cultural Interpretations of Exceptionalism Keynote\u2026","rel":"","context":"U &quot;Novosti&quot;","block_context":{"text":"Novosti","link":"https:\/\/historiografija.hr\/?cat=3"},"img":{"alt_text":"","src":"https:\/\/i0.wp.com\/historiografija.hr\/wp-content\/uploads\/2017\/10\/hsozkult.png?fit=1006%2C241&ssl=1&resize=350%2C200","width":350,"height":200,"srcset":"https:\/\/i0.wp.com\/historiografija.hr\/wp-content\/uploads\/2017\/10\/hsozkult.png?fit=1006%2C241&ssl=1&resize=350%2C200 1x, https:\/\/i0.wp.com\/historiografija.hr\/wp-content\/uploads\/2017\/10\/hsozkult.png?fit=1006%2C241&ssl=1&resize=525%2C300 1.5x, https:\/\/i0.wp.com\/historiografija.hr\/wp-content\/uploads\/2017\/10\/hsozkult.png?fit=1006%2C241&ssl=1&resize=700%2C400 2x"},"classes":[]}],"_links":{"self":[{"href":"https:\/\/historiografija.hr\/index.php?rest_route=\/wp\/v2\/posts\/36964","targetHints":{"allow":["GET"]}}],"collection":[{"href":"https:\/\/historiografija.hr\/index.php?rest_route=\/wp\/v2\/posts"}],"about":[{"href":"https:\/\/historiografija.hr\/index.php?rest_route=\/wp\/v2\/types\/post"}],"author":[{"embeddable":true,"href":"https:\/\/historiografija.hr\/index.php?rest_route=\/wp\/v2\/users\/2"}],"replies":[{"embeddable":true,"href":"https:\/\/historiografija.hr\/index.php?rest_route=%2Fwp%2Fv2%2Fcomments&post=36964"}],"version-history":[{"count":2,"href":"https:\/\/historiografija.hr\/index.php?rest_route=\/wp\/v2\/posts\/36964\/revisions"}],"predecessor-version":[{"id":36967,"href":"https:\/\/historiografija.hr\/index.php?rest_route=\/wp\/v2\/posts\/36964\/revisions\/36967"}],"wp:featuredmedia":[{"embeddable":true,"href":"https:\/\/historiografija.hr\/index.php?rest_route=\/wp\/v2\/media\/36965"}],"wp:attachment":[{"href":"https:\/\/historiografija.hr\/index.php?rest_route=%2Fwp%2Fv2%2Fmedia&parent=36964"}],"wp:term":[{"taxonomy":"category","embeddable":true,"href":"https:\/\/historiografija.hr\/index.php?rest_route=%2Fwp%2Fv2%2Fcategories&post=36964"},{"taxonomy":"post_tag","embeddable":true,"href":"https:\/\/historiografija.hr\/index.php?rest_route=%2Fwp%2Fv2%2Ftags&post=36964"}],"curies":[{"name":"wp","href":"https:\/\/api.w.org\/{rel}","templated":true}]}}