{"id":36952,"date":"2023-09-01T21:48:23","date_gmt":"2023-09-01T21:48:23","guid":{"rendered":"http:\/\/historiografija.hr\/?p=36952"},"modified":"2023-09-01T21:48:23","modified_gmt":"2023-09-01T21:48:23","slug":"felix-hinz-andreas-korber-hg-geschichtskultur-public-history-angewandte-geschichte","status":"publish","type":"post","link":"https:\/\/historiografija.hr\/?p=36952","title":{"rendered":"Felix Hinz, Andreas K\u00f6rber (Hg.), \u201eGeschichtskultur \u2013 Public History \u2013 Angewandte Geschichte\u201c"},"content":{"rendered":"\n<p>Geschichte in der Gesellschaft: Medien, Praxen, Funktionen<\/p>\n\n\n\n<hr class=\"wp-block-separator\"\/>\n\n\n\n<p>Mit Geschichte kommt man nicht nur in der Schule oder an der Universit\u00e4t in Ber\u00fchrung. Auch in au\u00dferakademischen Bereichen wird Geschichte produziert, verbreitet und genutzt.<\/p>\n\n\n\n<p>Vertreter*innen aus Wissenschaft und Praxis stellen in gemeinsam verfassten Beitr\u00e4gen verschiedene Formen und Funktionen des Geschichte-Betreibens vor, zeigen \u00c4hnlichkeiten, \u00dcberschneidungen sowie Unterschiede zwischen ihnen auf und er\u00f6rtern ihre Bedeutung f\u00fcr gesellschaftliche Verst\u00e4ndigungs- und (nicht nur schulische) Lernprozesse. So entstand ein systematischer, praxisnaher \u00dcberblick, der sowohl f\u00fcr die Wissenschaft als auch f\u00fcr den Unterricht zahlreiche Anregungen liefert.<\/p>\n\n\n\n<hr class=\"wp-block-separator\"\/>\n\n\n\n<p>Sprache: Deutsch<\/p>\n\n\n\n<p>640 Seiten<\/p>\n\n\n\n<p>UTB, 1. Auflage 2020<\/p>\n\n\n\n<hr class=\"wp-block-separator\"\/>\n\n\n\n<p>Leseprobe:<\/p>\n\n\n\n<p><a href=\"https:\/\/www.vandenhoeck-ruprecht-verlage.com\/themen-entdecken\/geschichte\/zeitgeschichte-ab-1949\/55594\/geschichtskultur-public-history-angewandte-geschichte\">https:\/\/www.vandenhoeck-ruprecht-verlage.com\/themen-entdecken\/geschichte\/zeitgeschichte-ab-1949\/55594\/geschichtskultur-public-history-angewandte-geschichte<\/a><\/p>\n\n\n\n<hr class=\"wp-block-separator\"\/>\n","protected":false},"excerpt":{"rendered":"","protected":false},"author":2,"featured_media":36953,"comment_status":"open","ping_status":"open","sticky":false,"template":"","format":"standard","meta":{"_acf_changed":false,"jetpack_post_was_ever_published":false,"_jetpack_newsletter_access":"","_jetpack_dont_email_post_to_subs":false,"_jetpack_newsletter_tier_id":0,"_jetpack_memberships_contains_paywalled_content":false,"_jetpack_memberships_contains_paid_content":false,"footnotes":"","jetpack_publicize_message":"","jetpack_publicize_feature_enabled":true,"jetpack_social_post_already_shared":true,"jetpack_social_options":{"image_generator_settings":{"template":"highway","default_image_id":0,"font":"","enabled":false},"version":2}},"categories":[8,3],"tags":[],"class_list":["post-36952","post","type-post","status-publish","format-standard","has-post-thumbnail","hentry","category-knjige","category-novosti"],"acf":{"facebook_opis":""},"jetpack_publicize_connections":[],"jetpack_featured_media_url":"https:\/\/i0.wp.com\/historiografija.hr\/wp-content\/uploads\/2023\/09\/utb.jpg?fit=850%2C1200&ssl=1","jetpack_sharing_enabled":true,"jetpack-related-posts":[],"_links":{"self":[{"href":"https:\/\/historiografija.hr\/index.php?rest_route=\/wp\/v2\/posts\/36952","targetHints":{"allow":["GET"]}}],"collection":[{"href":"https:\/\/historiografija.hr\/index.php?rest_route=\/wp\/v2\/posts"}],"about":[{"href":"https:\/\/historiografija.hr\/index.php?rest_route=\/wp\/v2\/types\/post"}],"author":[{"embeddable":true,"href":"https:\/\/historiografija.hr\/index.php?rest_route=\/wp\/v2\/users\/2"}],"replies":[{"embeddable":true,"href":"https:\/\/historiografija.hr\/index.php?rest_route=%2Fwp%2Fv2%2Fcomments&post=36952"}],"version-history":[{"count":1,"href":"https:\/\/historiografija.hr\/index.php?rest_route=\/wp\/v2\/posts\/36952\/revisions"}],"predecessor-version":[{"id":36954,"href":"https:\/\/historiografija.hr\/index.php?rest_route=\/wp\/v2\/posts\/36952\/revisions\/36954"}],"wp:featuredmedia":[{"embeddable":true,"href":"https:\/\/historiografija.hr\/index.php?rest_route=\/wp\/v2\/media\/36953"}],"wp:attachment":[{"href":"https:\/\/historiografija.hr\/index.php?rest_route=%2Fwp%2Fv2%2Fmedia&parent=36952"}],"wp:term":[{"taxonomy":"category","embeddable":true,"href":"https:\/\/historiografija.hr\/index.php?rest_route=%2Fwp%2Fv2%2Fcategories&post=36952"},{"taxonomy":"post_tag","embeddable":true,"href":"https:\/\/historiografija.hr\/index.php?rest_route=%2Fwp%2Fv2%2Ftags&post=36952"}],"curies":[{"name":"wp","href":"https:\/\/api.w.org\/{rel}","templated":true}]}}