{"id":36944,"date":"2023-08-31T07:58:15","date_gmt":"2023-08-31T07:58:15","guid":{"rendered":"http:\/\/historiografija.hr\/?p=36944"},"modified":"2023-09-07T15:02:04","modified_gmt":"2023-09-07T15:02:04","slug":"preminuo-miroslav-bertosa","status":"publish","type":"post","link":"https:\/\/historiografija.hr\/?p=36944","title":{"rendered":"Preminuo Miroslav Berto\u0161a"},"content":{"rendered":"\n<p>Krajem kolovoza u 86. godini preminuo je i pokopan u krugu obitelji u Pazinu povjesni\u010dar i profesor Miroslav Berto\u0161a (1938-2023), koji je povijest Istre u ranom novom vijeku svojim sustavnim pra\u0107enjem i oslanjanjem na neke od najpoticajnijih novih pristupa u me\u0111unarodnoj historiografiji uklju\u010dio u europsku historiografiju, ispisuju\u0107i neka od najboljih djela hrvatske historiografije.<\/p>\n\n\n\n<hr class=\"wp-block-separator\"\/>\n\n\n\n<p>Obavijesti:<\/p>\n\n\n\n<p><a href=\"https:\/\/www.glasistre.hr\/kultura\/2023\/08\/30\/preminuo-prof-dr-sc-miroslav-bertosa-povjesnicar-koji-je-svoj-znanstveni-interes-najvise-usmjeri-881543\">https:\/\/www.glasistre.hr\/kultura\/2023\/08\/30\/preminuo-prof-dr-sc-miroslav-bertosa-povjesnicar-koji-je-svoj-znanstveni-interes-najvise-usmjeri-881543<\/a><\/p>\n\n\n\n<p><a href=\"https:\/\/www.regionalexpress.hr\/site\/more\/preminuo-prof-dr-sc-miroslav-bertosha\">https:\/\/www.regionalexpress.hr\/site\/more\/preminuo-prof-dr-sc-miroslav-bertosha<\/a><\/p>\n\n\n\n<p><a href=\"https:\/\/www.istra24.hr\/kultura\/preminuo-je-miroslav-bertosa-istarsku-je-proslost-istrazivao-na-novi-nacin-a-sadasnjost-opisivao-meditativno-i-poucno\">https:\/\/www.istra24.hr\/kultura\/preminuo-je-miroslav-bertosa-istarsku-je-proslost-istrazivao-na-novi-nacin-a-sadasnjost-opisivao-meditativno-i-poucno<\/a><\/p>\n\n\n\n<p><a href=\"https:\/\/www.hina.hr\/vijest\/11401883\">https:\/\/www.hina.hr\/vijest\/11401883<\/a><\/p>\n\n\n\n<figure class=\"wp-block-embed-wordpress wp-block-embed is-type-wp-embed is-provider-hazu\"><div class=\"wp-block-embed__wrapper\">\n<blockquote class=\"wp-embedded-content\" data-secret=\"v3wf7Ee4qq\"><a href=\"https:\/\/www.info.hazu.hr\/en\/2023\/08\/preminuo-miroslav-bertosa-clan-suradnik-hazu\/\">Preminuo Miroslav Berto\u0161a, \u010dlan suradnik HAZU<\/a><\/blockquote><iframe loading=\"lazy\" class=\"wp-embedded-content\" sandbox=\"allow-scripts\" security=\"restricted\" style=\"position: absolute; clip: rect(1px, 1px, 1px, 1px);\" title=\"&#8220;Preminuo Miroslav Berto\u0161a, \u010dlan suradnik HAZU&#8221; &#8212; HAZU\" src=\"https:\/\/www.info.hazu.hr\/en\/2023\/08\/preminuo-miroslav-bertosa-clan-suradnik-hazu\/embed\/#?secret=v3wf7Ee4qq\" data-secret=\"v3wf7Ee4qq\" width=\"600\" height=\"338\" frameborder=\"0\" marginwidth=\"0\" marginheight=\"0\" scrolling=\"no\"><\/iframe>\n<\/div><\/figure>\n\n\n\n<p><a href=\"https:\/\/www.tportal.hr\/vijesti\/clanak\/preminuo-miroslav-bertosa-20230830\">https:\/\/www.tportal.hr\/vijesti\/clanak\/preminuo-miroslav-bertosa-20230830<\/a><\/p>\n\n\n\n<p><a href=\"https:\/\/www.vecernji.hr\/vijesti\/preminuo-ugledni-povjesnicar-prof-dr-sc-miroslav-bertosa-1705950\">https:\/\/www.vecernji.hr\/vijesti\/preminuo-ugledni-povjesnicar-prof-dr-sc-miroslav-bertosa-1705950<\/a><\/p>\n\n\n\n<figure class=\"wp-block-embed-wordpress wp-block-embed is-type-wp-embed is-provider-nacional-hr\"><div class=\"wp-block-embed__wrapper\">\n<blockquote class=\"wp-embedded-content\" data-secret=\"AxLw8fF1Au\"><a href=\"https:\/\/www.nacional.hr\/preminuo-miroslav-bertosa-ugledni-povjesnicar\/\">Preminuo Miroslav Berto\u0161a, ugledni povjesni\u010dar<\/a><\/blockquote><iframe loading=\"lazy\" class=\"wp-embedded-content\" sandbox=\"allow-scripts\" security=\"restricted\" style=\"position: absolute; clip: rect(1px, 1px, 1px, 1px);\" title=\"&#8220;Preminuo Miroslav Berto\u0161a, ugledni povjesni\u010dar&#8221; &#8212; NACIONAL.HR\" src=\"https:\/\/www.nacional.hr\/preminuo-miroslav-bertosa-ugledni-povjesnicar\/embed\/#?secret=AxLw8fF1Au\" data-secret=\"AxLw8fF1Au\" width=\"600\" height=\"338\" frameborder=\"0\" marginwidth=\"0\" marginheight=\"0\" scrolling=\"no\"><\/iframe>\n<\/div><\/figure>\n\n\n\n<p><a href=\"https:\/\/www.index.hr\/vijesti\/clanak\/preminuo-miroslav-bertosa-istaknuti-hrvatski-povjesnicar\/2491533.aspx\">https:\/\/www.index.hr\/vijesti\/clanak\/preminuo-miroslav-bertosa-istaknuti-hrvatski-povjesnicar\/2491533.aspx<\/a><\/p>\n\n\n\n<p><a href=\"https:\/\/www.telegram.hr\/kultura\/preminuo-miroslav-bertosa-istaknuti-hrvatski-povjesnicar\/\">https:\/\/www.telegram.hr\/kultura\/preminuo-miroslav-bertosa-istaknuti-hrvatski-povjesnicar\/<\/a><\/p>\n\n\n\n<p><a href=\"https:\/\/www.istrapedia.hr\/hr\/natuknice\/1626\/bertosa-miroslav\">https:\/\/www.istrapedia.hr\/hr\/natuknice\/1626\/bertosa-miroslav<\/a><\/p>\n\n\n\n<p><a href=\"https:\/\/ffpu.unipu.hr\/novosti?@=2ffzn#news_107442\">https:\/\/ffpu.unipu.hr\/novosti?@=2ffzn#news_107442<\/a><\/p>\n\n\n\n<p><a href=\"https:\/\/www.hrstud.unizg.hr\/obavijesti?@=21l17#news_112402\">https:\/\/www.hrstud.unizg.hr\/obavijesti?@=21l17#news_112402<\/a><\/p>\n\n\n\n<p><a href=\"https:\/\/www.srednja.hr\/faks\/umro-je-jedan-od-najcjenjenijih-povjesnicara-studenti-su-ga-obozavali-dvorane-su-uvijek-bile-pune\/\">https:\/\/www.srednja.hr\/faks\/umro-je-jedan-od-najcjenjenijih-povjesnicara-studenti-su-ga-obozavali-dvorane-su-uvijek-bile-pune\/<\/a><\/p>\n\n\n\n<p><a href=\"https:\/\/www.telegram.hr\/kultura\/tuzno-je-sto-sira-javnost-tako-malo-zna-o-miroslavu-bertosi-jednom-od-najvecih-povjesnicara-koje-smo-imali\/\">https:\/\/www.telegram.hr\/kultura\/tuzno-je-sto-sira-javnost-tako-malo-zna-o-miroslavu-bertosi-jednom-od-najvecih-povjesnicara-koje-smo-imali\/<\/a><\/p>\n\n\n\n<hr class=\"wp-block-separator\"\/>\n\n\n\n<figure class=\"wp-block-embed-wordpress wp-block-embed is-type-wp-embed is-provider-filozofski-fakultet-osijek\"><div class=\"wp-block-embed__wrapper\">\n<blockquote class=\"wp-embedded-content\" data-secret=\"TH5UG4lvrR\"><a href=\"https:\/\/www.ffos.unios.hr\/in-memoriam-miroslav-bertosa-1938-2023\/\">In memoriam Miroslav Berto\u0161a (1938. \u2013 2023.)<\/a><\/blockquote><iframe loading=\"lazy\" class=\"wp-embedded-content\" sandbox=\"allow-scripts\" security=\"restricted\" style=\"position: absolute; clip: rect(1px, 1px, 1px, 1px);\" title=\"&#8220;In memoriam Miroslav Berto\u0161a (1938. \u2013 2023.)&#8221; &#8212; Filozofski fakultet Osijek\" src=\"https:\/\/www.ffos.unios.hr\/in-memoriam-miroslav-bertosa-1938-2023\/embed\/#?secret=DwwtdUmOqm#?secret=TH5UG4lvrR\" data-secret=\"TH5UG4lvrR\" width=\"600\" height=\"338\" frameborder=\"0\" marginwidth=\"0\" marginheight=\"0\" scrolling=\"no\"><\/iframe>\n<\/div><\/figure>\n\n\n\n<hr class=\"wp-block-separator\"\/>\n\n\n\n<figure class=\"wp-block-embed-wordpress wp-block-embed is-type-wp-embed is-provider-institut-drustvenih-znanosti-ivo-pilar\"><div class=\"wp-block-embed__wrapper\">\n<blockquote class=\"wp-embedded-content\" data-secret=\"HSQHpnTZZG\"><a href=\"https:\/\/www.pilar.hr\/2023\/09\/prof-dr-sc-miroslav-bertosa-1938-2023\/\">Prof. dr. sc. Miroslav Berto\u0161a (1938. \u2013 2023.)<\/a><\/blockquote><iframe loading=\"lazy\" class=\"wp-embedded-content\" sandbox=\"allow-scripts\" security=\"restricted\" style=\"position: absolute; clip: rect(1px, 1px, 1px, 1px);\" title=\"&#8220;Prof. dr. sc. Miroslav Berto\u0161a (1938. \u2013 2023.)&#8221; &#8212; Institut dru\u0161tvenih znanosti Ivo Pilar\" src=\"https:\/\/www.pilar.hr\/2023\/09\/prof-dr-sc-miroslav-bertosa-1938-2023\/embed\/#?secret=9EZj0On9fr#?secret=HSQHpnTZZG\" data-secret=\"HSQHpnTZZG\" width=\"600\" height=\"338\" frameborder=\"0\" marginwidth=\"0\" marginheight=\"0\" scrolling=\"no\"><\/iframe>\n<\/div><\/figure>\n\n\n\n<hr class=\"wp-block-separator\"\/>\n","protected":false},"excerpt":{"rendered":"","protected":false},"author":2,"featured_media":36945,"comment_status":"open","ping_status":"open","sticky":false,"template":"","format":"standard","meta":{"_acf_changed":false,"jetpack_post_was_ever_published":false,"_jetpack_newsletter_access":"","_jetpack_dont_email_post_to_subs":false,"_jetpack_newsletter_tier_id":0,"_jetpack_memberships_contains_paywalled_content":false,"_jetpack_memberships_contains_paid_content":false,"footnotes":"","jetpack_publicize_message":"","jetpack_publicize_feature_enabled":true,"jetpack_social_post_already_shared":true,"jetpack_social_options":{"image_generator_settings":{"template":"highway","default_image_id":0,"font":"","enabled":false},"version":2}},"categories":[3,20],"tags":[],"class_list":["post-36944","post","type-post","status-publish","format-standard","has-post-thumbnail","hentry","category-novosti","category-obavijesti-o-smrti-i-nekrolozi"],"acf":{"facebook_opis":""},"jetpack_publicize_connections":[],"jetpack_featured_media_url":"https:\/\/i0.wp.com\/historiografija.hr\/wp-content\/uploads\/2023\/08\/bertosa_miroslav.jpg?fit=238%2C228&ssl=1","jetpack_sharing_enabled":true,"jetpack-related-posts":[],"_links":{"self":[{"href":"https:\/\/historiografija.hr\/index.php?rest_route=\/wp\/v2\/posts\/36944","targetHints":{"allow":["GET"]}}],"collection":[{"href":"https:\/\/historiografija.hr\/index.php?rest_route=\/wp\/v2\/posts"}],"about":[{"href":"https:\/\/historiografija.hr\/index.php?rest_route=\/wp\/v2\/types\/post"}],"author":[{"embeddable":true,"href":"https:\/\/historiografija.hr\/index.php?rest_route=\/wp\/v2\/users\/2"}],"replies":[{"embeddable":true,"href":"https:\/\/historiografija.hr\/index.php?rest_route=%2Fwp%2Fv2%2Fcomments&post=36944"}],"version-history":[{"count":5,"href":"https:\/\/historiografija.hr\/index.php?rest_route=\/wp\/v2\/posts\/36944\/revisions"}],"predecessor-version":[{"id":37021,"href":"https:\/\/historiografija.hr\/index.php?rest_route=\/wp\/v2\/posts\/36944\/revisions\/37021"}],"wp:featuredmedia":[{"embeddable":true,"href":"https:\/\/historiografija.hr\/index.php?rest_route=\/wp\/v2\/media\/36945"}],"wp:attachment":[{"href":"https:\/\/historiografija.hr\/index.php?rest_route=%2Fwp%2Fv2%2Fmedia&parent=36944"}],"wp:term":[{"taxonomy":"category","embeddable":true,"href":"https:\/\/historiografija.hr\/index.php?rest_route=%2Fwp%2Fv2%2Fcategories&post=36944"},{"taxonomy":"post_tag","embeddable":true,"href":"https:\/\/historiografija.hr\/index.php?rest_route=%2Fwp%2Fv2%2Ftags&post=36944"}],"curies":[{"name":"wp","href":"https:\/\/api.w.org\/{rel}","templated":true}]}}