{"id":36938,"date":"2023-08-31T07:28:36","date_gmt":"2023-08-31T07:28:36","guid":{"rendered":"http:\/\/historiografija.hr\/?p=36938"},"modified":"2023-08-31T07:28:36","modified_gmt":"2023-08-31T07:28:36","slug":"andrzej-bobkowski-zabiljeske-perom-dnevnik-iz-francuske-1940-1944","status":"publish","type":"post","link":"https:\/\/historiografija.hr\/?p=36938","title":{"rendered":"Andrzej Bobkowski, \u201eZabilje\u0161ke perom. Dnevnik iz Francuske 1940-1944.\u201c"},"content":{"rendered":"\n<p>\u010cetiri godine pisanja, tisu\u0107e kilometara proputovanih biciklom, na stotine zabilje\u017eaka. Andrzej Bobkowski (1913-1961) isprva je svoj okupacijski dnevnik u Francuskoj pisao za sebe, te su bilje\u0161ke trebale predstavljati svjedo\u010denje ratnih zbivanja, zapise vlastitih promi\u0161ljanja o doga\u0111anjima koja su potresla onda\u0161nju Europu. S vremenom su se pretvorile u proro\u010dansku zbirku to\u010dnih politi\u010dkih promi\u0161ljanja s dubokim uvidom u promjene koje su zadesile Pariz, Francusku i Europu, svojevrsni portret onoga vremena, pisan iz vizure autora koji kriti\u010dki sagledava doba u kojem \u017eivi, \u010dovje\u010dnost, kulturu i op\u0107i polo\u017eaj europskoga \u010dovjeka.<\/p>\n\n\n\n<p><em>Zabilje\u0161ke perom<\/em> su remek-djelo memoarske proze i stoje uz bok najve\u0107im poljskim imenima na tome podru\u010dju, Witoldu Gombrowiczu i Gustawu Herlingu-Grudzi\u0144skom.<\/p>\n\n\n\n<hr class=\"wp-block-separator\"\/>\n\n\n\n<p>Izdava\u010d: Mizantrop<\/p>\n\n\n\n<p>Godina izdanja: 2022<\/p>\n\n\n\n<p>Broj stranica: 660<\/p>\n\n\n\n<hr class=\"wp-block-separator\"\/>\n\n\n\n<p>Izvor:<\/p>\n\n\n\n<p><a href=\"https:\/\/www.knjigolov.hr\/katalog\/Andrzej-Bobkowski\/Zabilje%C5%A1ke-perom-Dnevnik-iz-Francuske-1940-1944\/45070\">https:\/\/www.knjigolov.hr\/katalog\/Andrzej-Bobkowski\/Zabilje%C5%A1ke-perom-Dnevnik-iz-Francuske-1940-1944\/45070<\/a><\/p>\n\n\n\n<hr class=\"wp-block-separator\"\/>\n\n\n\n<p>Odjeci:<\/p>\n\n\n\n<p><a href=\"https:\/\/express.24sata.hr\/kultura\/andrzej-bobkowski-covjek-koji-je-gorko-zaplakao-na-dan-kad-je-pobijeden-nacizam-26376\">https:\/\/express.24sata.hr\/kultura\/andrzej-bobkowski-covjek-koji-je-gorko-zaplakao-na-dan-kad-je-pobijeden-nacizam-26376<\/a><\/p>\n\n\n\n<hr class=\"wp-block-separator\"\/>\n","protected":false},"excerpt":{"rendered":"","protected":false},"author":2,"featured_media":36939,"comment_status":"open","ping_status":"open","sticky":false,"template":"","format":"standard","meta":{"_acf_changed":false,"jetpack_post_was_ever_published":false,"_jetpack_newsletter_access":"","_jetpack_dont_email_post_to_subs":false,"_jetpack_newsletter_tier_id":0,"_jetpack_memberships_contains_paywalled_content":false,"_jetpack_memberships_contains_paid_content":false,"footnotes":"","jetpack_publicize_message":"","jetpack_publicize_feature_enabled":true,"jetpack_social_post_already_shared":true,"jetpack_social_options":{"image_generator_settings":{"template":"highway","default_image_id":0,"font":"","enabled":false},"version":2}},"categories":[8,3],"tags":[],"class_list":["post-36938","post","type-post","status-publish","format-standard","has-post-thumbnail","hentry","category-knjige","category-novosti"],"acf":{"facebook_opis":""},"jetpack_publicize_connections":[],"jetpack_featured_media_url":"https:\/\/i0.wp.com\/historiografija.hr\/wp-content\/uploads\/2023\/08\/Dnevnik-perom.jpg?fit=230%2C349&ssl=1","jetpack_sharing_enabled":true,"jetpack-related-posts":[],"_links":{"self":[{"href":"https:\/\/historiografija.hr\/index.php?rest_route=\/wp\/v2\/posts\/36938","targetHints":{"allow":["GET"]}}],"collection":[{"href":"https:\/\/historiografija.hr\/index.php?rest_route=\/wp\/v2\/posts"}],"about":[{"href":"https:\/\/historiografija.hr\/index.php?rest_route=\/wp\/v2\/types\/post"}],"author":[{"embeddable":true,"href":"https:\/\/historiografija.hr\/index.php?rest_route=\/wp\/v2\/users\/2"}],"replies":[{"embeddable":true,"href":"https:\/\/historiografija.hr\/index.php?rest_route=%2Fwp%2Fv2%2Fcomments&post=36938"}],"version-history":[{"count":1,"href":"https:\/\/historiografija.hr\/index.php?rest_route=\/wp\/v2\/posts\/36938\/revisions"}],"predecessor-version":[{"id":36940,"href":"https:\/\/historiografija.hr\/index.php?rest_route=\/wp\/v2\/posts\/36938\/revisions\/36940"}],"wp:featuredmedia":[{"embeddable":true,"href":"https:\/\/historiografija.hr\/index.php?rest_route=\/wp\/v2\/media\/36939"}],"wp:attachment":[{"href":"https:\/\/historiografija.hr\/index.php?rest_route=%2Fwp%2Fv2%2Fmedia&parent=36938"}],"wp:term":[{"taxonomy":"category","embeddable":true,"href":"https:\/\/historiografija.hr\/index.php?rest_route=%2Fwp%2Fv2%2Fcategories&post=36938"},{"taxonomy":"post_tag","embeddable":true,"href":"https:\/\/historiografija.hr\/index.php?rest_route=%2Fwp%2Fv2%2Ftags&post=36938"}],"curies":[{"name":"wp","href":"https:\/\/api.w.org\/{rel}","templated":true}]}}