{"id":36935,"date":"2023-08-30T21:20:35","date_gmt":"2023-08-30T21:20:35","guid":{"rendered":"http:\/\/historiografija.hr\/?p=36935"},"modified":"2023-08-30T21:20:49","modified_gmt":"2023-08-30T21:20:49","slug":"cesta-bibertal-zabuna-zivota","status":"publish","type":"post","link":"https:\/\/historiografija.hr\/?p=36935","title":{"rendered":"\u010cesta Bibertal, \u201eZabuna \u017eivota\u201c"},"content":{"rendered":"\n<p>Posredstvom uglednog zagreba\u010dkog advokata do nas je stigao rukopis autobiografskog romana <em>Zabuna \u017eivota <\/em>uz krajnje neuobi\u010dajeni zahtev. Ukoliko odlu\u010dimo da ga objavimo, jedan od uslova vlasnice autorskih prava, autorove udovice, bio je da knjigu izdamo pod pseudonimom. Njena odluka proizi\u0161la je iz \u017eelje da od klevetanja za\u0161titi ime svog supruga, uglednog srpskog intelektualca, ali i sebe od potencijalnih neprijatnosti. Zaintrigirani tim neuobi\u010dajenim zahtevom, pristupili smo \u010ditanju rukopisa i pred nama se otvorila krajnje uzbudljiva hronika dru\u0161tvenog, politi\u010dkog i kulturnog \u017eivota Hrvatske u prethodnih nekoliko decenija. Bespo\u0161tedno govore\u0107i o sebi i drugima, narator stvara istinoljubivu sliku trusnog vremena, obele\u017eenog nepojmljivim surovostima dva rata, ali i me\u0111unacionalnim previranjima i sukobima koji ni do danas nisu utihnuli. Roman <em>Zabuna \u017eivota <\/em>verovatno je najbolje napisana knjiga o polo\u017eaju Srba u Hrvatskoj, posle koje pitanje srpsko-hrvatskih odnosa vidimo u sasvim novom svetlu. Po\u0161tuju\u0107i udovi\u010dinu \u017eelju, predajemo vam u ruke knjigu <em>Zabuna \u017eivota <\/em>veruju\u0107i da vas ne\u0107e ostaviti ravnodu\u0161nim, ba\u0161 kao \u0161to nije ostavila ni nas.<\/p>\n\n\n\n<hr class=\"wp-block-separator\"\/>\n\n\n\n<p><strong>O autoru<\/strong><\/p>\n\n\n\n<p>Autor romana <em>Zabuna \u017eivota <\/em>Srbin je iz Hrvatske. Njegova porodica, poreklom iz kraja u blizini vrela Mre\u017enice, kolonizovana je u okolinu Sombora nakon Drugog svetskog rata, ali se brzo seli u gradi\u0107 u zapadnoj Slavoniji u kojem je nasledila ku\u0107u poginulih ro\u0111aka. Tu autor zavr\u0161ava osnovnu \u0161kolu i gimnaziju, a studije knji\u017eevnosti poha\u0111a na Filozofskom fakultetu u Zagrebu. Radio je u prosveti i u dr\u017eavnim institucijama u zavi\u010daju i u Zagrebu. Objavio je brojne radove o razli\u010ditim temama iz oblasti kulture i o opstanku Srba u Hrvatskoj. Biografske podatke autora dobili smo od nosioca autorskih prava i za njihovu verodostojnost ne mo\u017eemo garantovati.<\/p>\n\n\n\n<hr class=\"wp-block-separator\"\/>\n\n\n\n<p>Godina izdanja: 2023<\/p>\n\n\n\n<p>Pismo: latinica<\/p>\n\n\n\n<p>Broj stranica: 368 str.<\/p>\n\n\n\n<hr class=\"wp-block-separator\"\/>\n\n\n\n<p><strong>Pro\u010ditaj odlomak:<\/strong><\/p>\n\n\n\n<p><a href=\"https:\/\/akademskaknjiga.com\/katalog\/zabuna-zivota\">https:\/\/akademskaknjiga.com\/katalog\/zabuna-zivota<\/a><\/p>\n\n\n\n<hr class=\"wp-block-separator\"\/>\n","protected":false},"excerpt":{"rendered":"","protected":false},"author":2,"featured_media":36936,"comment_status":"open","ping_status":"open","sticky":false,"template":"","format":"standard","meta":{"_acf_changed":false,"jetpack_post_was_ever_published":false,"_jetpack_newsletter_access":"","_jetpack_dont_email_post_to_subs":false,"_jetpack_newsletter_tier_id":0,"_jetpack_memberships_contains_paywalled_content":false,"_jetpack_memberships_contains_paid_content":false,"footnotes":"","jetpack_publicize_message":"","jetpack_publicize_feature_enabled":true,"jetpack_social_post_already_shared":true,"jetpack_social_options":{"image_generator_settings":{"template":"highway","default_image_id":0,"font":"","enabled":false},"version":2}},"categories":[3,12],"tags":[],"class_list":["post-36935","post","type-post","status-publish","format-standard","has-post-thumbnail","hentry","category-novosti","category-knjizevnost"],"acf":{"facebook_opis":""},"jetpack_publicize_connections":[],"jetpack_featured_media_url":"https:\/\/i0.wp.com\/historiografija.hr\/wp-content\/uploads\/2023\/08\/Zabuna.jpg?fit=843%2C843&ssl=1","jetpack_sharing_enabled":true,"jetpack-related-posts":[],"_links":{"self":[{"href":"https:\/\/historiografija.hr\/index.php?rest_route=\/wp\/v2\/posts\/36935","targetHints":{"allow":["GET"]}}],"collection":[{"href":"https:\/\/historiografija.hr\/index.php?rest_route=\/wp\/v2\/posts"}],"about":[{"href":"https:\/\/historiografija.hr\/index.php?rest_route=\/wp\/v2\/types\/post"}],"author":[{"embeddable":true,"href":"https:\/\/historiografija.hr\/index.php?rest_route=\/wp\/v2\/users\/2"}],"replies":[{"embeddable":true,"href":"https:\/\/historiografija.hr\/index.php?rest_route=%2Fwp%2Fv2%2Fcomments&post=36935"}],"version-history":[{"count":1,"href":"https:\/\/historiografija.hr\/index.php?rest_route=\/wp\/v2\/posts\/36935\/revisions"}],"predecessor-version":[{"id":36937,"href":"https:\/\/historiografija.hr\/index.php?rest_route=\/wp\/v2\/posts\/36935\/revisions\/36937"}],"wp:featuredmedia":[{"embeddable":true,"href":"https:\/\/historiografija.hr\/index.php?rest_route=\/wp\/v2\/media\/36936"}],"wp:attachment":[{"href":"https:\/\/historiografija.hr\/index.php?rest_route=%2Fwp%2Fv2%2Fmedia&parent=36935"}],"wp:term":[{"taxonomy":"category","embeddable":true,"href":"https:\/\/historiografija.hr\/index.php?rest_route=%2Fwp%2Fv2%2Fcategories&post=36935"},{"taxonomy":"post_tag","embeddable":true,"href":"https:\/\/historiografija.hr\/index.php?rest_route=%2Fwp%2Fv2%2Ftags&post=36935"}],"curies":[{"name":"wp","href":"https:\/\/api.w.org\/{rel}","templated":true}]}}