{"id":36932,"date":"2023-08-30T21:10:41","date_gmt":"2023-08-30T21:10:41","guid":{"rendered":"http:\/\/historiografija.hr\/?p=36932"},"modified":"2023-08-30T21:10:41","modified_gmt":"2023-08-30T21:10:41","slug":"viktor-ivancic-tocka-na-u-slucaj-sakic-anatomija-jednog-skandala","status":"publish","type":"post","link":"https:\/\/historiografija.hr\/?p=36932","title":{"rendered":"Viktor Ivan\u010di\u0107, \u201eTo\u010dka na u. Slu\u010daj \u0160aki\u0107: anatomija jednog skandala\u201c"},"content":{"rendered":"\n<p>\u201cTema \u2018To\u010dke na U\u2019 je Hrvatska u momentu kada joj se <em>doga\u0111a<\/em> ostarjeli zlo\u010dinac iz pretpro\u0161loga rata, protiv njene volje, protiv njene zagu\u0161ljive monotonije, poput elementarne nepogode koja se iz pro\u0161losti stu\u0161tila u sada\u0161njost, nekontrolirano \u0161ire\u0107i sloj realiteta \u0161to je dotad bio bri\u017eljivo friziran; to\u010dnije, njena tema je <em>nesporazum<\/em>, paradigmatski raskorak izme\u0111u vladaju\u0107e ideologije i vladaju\u0107e politi\u010dke volje, te prijeke obaveze da se pred neuvi\u0111avnim zapadnim krilom me\u0111unarodne zajednice zastupa odgovaraju\u0107i (antifa\u0161isti\u010dki i demokratski) dr\u017eavni imid\u017e.\u201d<\/p>\n\n\n\n<p>Viktor Ivan\u010di\u0107<\/p>\n\n\n\n<hr class=\"wp-block-separator\"\/>\n\n\n\n<p><strong>O autoru:<\/strong><\/p>\n\n\n\n<p>Viktor Ivan\u010di\u0107 ro\u0111en je 1960. godine u Sarajevu. \u017divi u Splitu. Objavio je prozu \u201cBilje\u017enica Robija K.\u201d; studiju \u201cTo\u010dka na U\u201d; zbirke ogleda \u201cLoma\u010da za protuhrvatski blud\u201d i \u201c\u0160amaranje vjetra\u201d. Od 2005. Fabrika knjiga objavila je slede\u0107e Ivan\u010di\u0107eve knjige: \u201cRobi K.\u201d, u dva toma (2006); a onda i \u201cRobi K. Tre\u0107i juri\u0161!\u201d (2011); zbirke ogleda \u201cAnimal Croatica\u201d (2007), \u201cZa\u0161to ne pi\u0161em i drugi eseji\u201d (2010), \u201cJugoslavija \u017eivi vje\u010dno\u201d (2011), \u201cSviranje srednjem kursu\u201d (2015; zajedno sa Pe\u0161\u010danikom) i \u201cZlomovina\u201d (2021; zajedno sa Pe\u0161\u010danikom); romane \u201cVita activa\u201d (2005) i \u201cPlaninski zrak\u201d (2009); te zbirku pri\u010da \u201cRadnici i seljaci\u201d (2014; zajedno sa Pe\u0161\u010danikom). Godine 2018. Fabrika knjiga u pet svezaka objavila je \u201cRobi K. 1984\u20132018\u201d (zajedno sa Pe\u0161\u010danikom i rije\u010dkim Ex librisom), a naredne godine, u jednom tomu, prozne knjige \u201cVita activa\u201d, \u201cPlaninski zrak\u201d i \u201cRadnici i seljaci\u201d (zajedno sa Pe\u0161\u010danikom).<\/p>\n\n\n\n<hr class=\"wp-block-separator\"\/>\n\n\n\n<p>godina: 2023<\/p>\n\n\n\n<p>broj strana: 250<\/p>\n\n\n\n<hr class=\"wp-block-separator\"\/>\n\n\n\n<p>Izvor:<\/p>\n\n\n\n<p><a href=\"https:\/\/www.fabrikaknjiga.co.rs\/tocka-na-u-slucaj-sakic-anatomija-jednog-skandala\/\">https:\/\/www.fabrikaknjiga.co.rs\/tocka-na-u-slucaj-sakic-anatomija-jednog-skandala\/<\/a><\/p>\n\n\n\n<hr class=\"wp-block-separator\"\/>\n\n\n\n<p>Op\u0161irnije:<\/p>\n\n\n\n<p><a href=\"https:\/\/pescanik.net\/tocka-na-u\/\">https:\/\/pescanik.net\/tocka-na-u\/<\/a><\/p>\n\n\n\n<hr class=\"wp-block-separator\"\/>\n","protected":false},"excerpt":{"rendered":"","protected":false},"author":2,"featured_media":36933,"comment_status":"open","ping_status":"open","sticky":false,"template":"","format":"standard","meta":{"_acf_changed":false,"jetpack_post_was_ever_published":false,"_jetpack_newsletter_access":"","_jetpack_dont_email_post_to_subs":false,"_jetpack_newsletter_tier_id":0,"_jetpack_memberships_contains_paywalled_content":false,"_jetpack_memberships_contains_paid_content":false,"footnotes":"","jetpack_publicize_message":"","jetpack_publicize_feature_enabled":true,"jetpack_social_post_already_shared":true,"jetpack_social_options":{"image_generator_settings":{"template":"highway","default_image_id":0,"font":"","enabled":false},"version":2}},"categories":[8,3],"tags":[],"class_list":["post-36932","post","type-post","status-publish","format-standard","has-post-thumbnail","hentry","category-knjige","category-novosti"],"acf":{"facebook_opis":""},"jetpack_publicize_connections":[],"jetpack_featured_media_url":"https:\/\/i0.wp.com\/historiografija.hr\/wp-content\/uploads\/2023\/08\/Ivancic.jpg?fit=698%2C1024&ssl=1","jetpack_sharing_enabled":true,"jetpack-related-posts":[],"_links":{"self":[{"href":"https:\/\/historiografija.hr\/index.php?rest_route=\/wp\/v2\/posts\/36932","targetHints":{"allow":["GET"]}}],"collection":[{"href":"https:\/\/historiografija.hr\/index.php?rest_route=\/wp\/v2\/posts"}],"about":[{"href":"https:\/\/historiografija.hr\/index.php?rest_route=\/wp\/v2\/types\/post"}],"author":[{"embeddable":true,"href":"https:\/\/historiografija.hr\/index.php?rest_route=\/wp\/v2\/users\/2"}],"replies":[{"embeddable":true,"href":"https:\/\/historiografija.hr\/index.php?rest_route=%2Fwp%2Fv2%2Fcomments&post=36932"}],"version-history":[{"count":1,"href":"https:\/\/historiografija.hr\/index.php?rest_route=\/wp\/v2\/posts\/36932\/revisions"}],"predecessor-version":[{"id":36934,"href":"https:\/\/historiografija.hr\/index.php?rest_route=\/wp\/v2\/posts\/36932\/revisions\/36934"}],"wp:featuredmedia":[{"embeddable":true,"href":"https:\/\/historiografija.hr\/index.php?rest_route=\/wp\/v2\/media\/36933"}],"wp:attachment":[{"href":"https:\/\/historiografija.hr\/index.php?rest_route=%2Fwp%2Fv2%2Fmedia&parent=36932"}],"wp:term":[{"taxonomy":"category","embeddable":true,"href":"https:\/\/historiografija.hr\/index.php?rest_route=%2Fwp%2Fv2%2Fcategories&post=36932"},{"taxonomy":"post_tag","embeddable":true,"href":"https:\/\/historiografija.hr\/index.php?rest_route=%2Fwp%2Fv2%2Ftags&post=36932"}],"curies":[{"name":"wp","href":"https:\/\/api.w.org\/{rel}","templated":true}]}}