{"id":36929,"date":"2023-08-30T21:07:25","date_gmt":"2023-08-30T21:07:25","guid":{"rendered":"http:\/\/historiografija.hr\/?p=36929"},"modified":"2023-08-30T21:07:25","modified_gmt":"2023-08-30T21:07:25","slug":"sofija-mandic-u-krugu-negacije-godine-parlamentarnog-nesuocavanja-s-losom-prosloscu-slucaj-srbija","status":"publish","type":"post","link":"https:\/\/historiografija.hr\/?p=36929","title":{"rendered":"Sofija Mandi\u0107, \u201eU krugu negacije. Godine parlamentarnog (ne)suo\u010davanja s lo\u0161om pro\u0161lo\u0161\u0107u \u2013 slu\u010daj Srbija\u201c"},"content":{"rendered":"\n<p>Knjiga \u201cU krugu negacije\u201d jeste hronolo\u0161ko i tematsko predstavljanje diskusija o nedavnoj ratnoj pro\u0161losti Srbije u Narodnoj skup\u0161tini. Diskusije obuhvataju period od 1997. do 2020, kada se navr\u0161ilo 25 godina od zaklju\u010denja Op\u0161teg okvirnog sporazuma za mir u Bosni i Hercegovini (tzv. Dejtonskog mirovnog sporazuma iz 1995). Tematski, diskusije se odnose na oru\u017eane i ratne sukobe koji su se dogodili na teritoriji i tokom raspada Socijalisti\u010dke Federativne Republike Jugoslavije te Savezne Republike Jugoslavije, a o kojima se diskutovalo u Narodnoj skup\u0161tini Republike Srbije i posle nestanka te dve dr\u017eave.<\/p>\n\n\n\n<p><strong>O autorki:<\/strong><\/p>\n\n\n\n<p>Sofija Mandi\u0107 je ro\u0111ena 1986. u Novom Sadu. Diplomirana je pravnica, posrednica u mirnom re\u0161avanju sporova i aktivistkinja za ljudska prava. Radi u Centru za pravosudna istra\u017eivanja (CEPRIS), a prethodno je bila anga\u017eovana u Beogradskom centru za bezbednosnu politiku i Nacionalnom demokratskom institutu. Autorka, koautorka i urednica je brojnih analiza o vladavini prava, stanju ljudskih prava u Srbiji i njihovoj perspektivi.<\/p>\n\n\n\n<hr class=\"wp-block-separator\"\/>\n\n\n\n<p>godina: 2023<\/p>\n\n\n\n<p>broj strana: 276<\/p>\n\n\n\n<hr class=\"wp-block-separator\"\/>\n\n\n\n<p>Izvor:<\/p>\n\n\n\n<p><a href=\"https:\/\/www.fabrikaknjiga.co.rs\/u-krugu-negacije-godine-parlamentarnog-nesuocavanja-s-losom-prosloscu-slucaj-srbija\/\">https:\/\/www.fabrikaknjiga.co.rs\/u-krugu-negacije-godine-parlamentarnog-nesuocavanja-s-losom-prosloscu-slucaj-srbija\/<\/a><\/p>\n\n\n\n<hr class=\"wp-block-separator\"\/>\n\n\n\n<p>Op\u0161irnije:<\/p>\n\n\n\n<p><a href=\"https:\/\/pescanik.net\/dve-deklaracije\/\">https:\/\/pescanik.net\/dve-deklaracije\/<\/a><\/p>\n\n\n\n<hr class=\"wp-block-separator\"\/>\n","protected":false},"excerpt":{"rendered":"","protected":false},"author":2,"featured_media":36930,"comment_status":"open","ping_status":"open","sticky":false,"template":"","format":"standard","meta":{"_acf_changed":false,"jetpack_post_was_ever_published":false,"_jetpack_newsletter_access":"","_jetpack_dont_email_post_to_subs":false,"_jetpack_newsletter_tier_id":0,"_jetpack_memberships_contains_paywalled_content":false,"_jetpack_memberships_contains_paid_content":false,"footnotes":"","jetpack_publicize_message":"","jetpack_publicize_feature_enabled":true,"jetpack_social_post_already_shared":true,"jetpack_social_options":{"image_generator_settings":{"template":"highway","default_image_id":0,"font":"","enabled":false},"version":2}},"categories":[8,3],"tags":[],"class_list":["post-36929","post","type-post","status-publish","format-standard","has-post-thumbnail","hentry","category-knjige","category-novosti"],"acf":{"facebook_opis":""},"jetpack_publicize_connections":[],"jetpack_featured_media_url":"https:\/\/i0.wp.com\/historiografija.hr\/wp-content\/uploads\/2023\/08\/U-krugu-negacije.jpg?fit=713%2C1024&ssl=1","jetpack_sharing_enabled":true,"jetpack-related-posts":[],"_links":{"self":[{"href":"https:\/\/historiografija.hr\/index.php?rest_route=\/wp\/v2\/posts\/36929","targetHints":{"allow":["GET"]}}],"collection":[{"href":"https:\/\/historiografija.hr\/index.php?rest_route=\/wp\/v2\/posts"}],"about":[{"href":"https:\/\/historiografija.hr\/index.php?rest_route=\/wp\/v2\/types\/post"}],"author":[{"embeddable":true,"href":"https:\/\/historiografija.hr\/index.php?rest_route=\/wp\/v2\/users\/2"}],"replies":[{"embeddable":true,"href":"https:\/\/historiografija.hr\/index.php?rest_route=%2Fwp%2Fv2%2Fcomments&post=36929"}],"version-history":[{"count":1,"href":"https:\/\/historiografija.hr\/index.php?rest_route=\/wp\/v2\/posts\/36929\/revisions"}],"predecessor-version":[{"id":36931,"href":"https:\/\/historiografija.hr\/index.php?rest_route=\/wp\/v2\/posts\/36929\/revisions\/36931"}],"wp:featuredmedia":[{"embeddable":true,"href":"https:\/\/historiografija.hr\/index.php?rest_route=\/wp\/v2\/media\/36930"}],"wp:attachment":[{"href":"https:\/\/historiografija.hr\/index.php?rest_route=%2Fwp%2Fv2%2Fmedia&parent=36929"}],"wp:term":[{"taxonomy":"category","embeddable":true,"href":"https:\/\/historiografija.hr\/index.php?rest_route=%2Fwp%2Fv2%2Fcategories&post=36929"},{"taxonomy":"post_tag","embeddable":true,"href":"https:\/\/historiografija.hr\/index.php?rest_route=%2Fwp%2Fv2%2Ftags&post=36929"}],"curies":[{"name":"wp","href":"https:\/\/api.w.org\/{rel}","templated":true}]}}