{"id":36925,"date":"2023-08-29T21:13:02","date_gmt":"2023-08-29T21:13:02","guid":{"rendered":"http:\/\/historiografija.hr\/?p=36925"},"modified":"2023-08-29T21:13:52","modified_gmt":"2023-08-29T21:13:52","slug":"pajtim-statovci-bolla","status":"publish","type":"post","link":"https:\/\/historiografija.hr\/?p=36925","title":{"rendered":"Pajtim Statovci, \u201eBolla\u201c"},"content":{"rendered":"\n<p>Roman Bolla Pajtima Statovcija, finskog pisca porijeklom s Kosova, epska je i istovremeno lirska, u \u201eveliku povijest\u201c uronjena i vrlo intimna pri\u010da o ljubavi. Kao i autorov nasljednom traumom obilje\u017een \u017eivot, ona po\u010dinje na Balkanu, usred jednog od ve\u0107 \u010detvrt i vi\u0161e stolje\u0107a starih ratova \u010dije su rane mjestimice jo\u0161 uvijek svje\u017ee, mije\u0161aju\u0107i kolektivno i politi\u010dko s najdublje osobnim na nerazlu\u010div na\u010din.<\/p>\n\n\n\n<p>Ljubavna pri\u010da u sredi\u0161tu u vlastitom je kontekstu na sve na\u010dine prijestupna: ona nevidljivim lancima koji povremeno grani\u010de s okovima vezuje protagoniste, s nesagledivim posljedicama spajaju\u0107i dvojicu pri\u0161tinskih studenata \u2013 Srbina i Kosovara \u2013 neposredno uo\u010di rata, u njegovu vihoru i poslije, u vrijeme o\u017eiljaka. Ipak, nije rije\u010d o slatkoj sagi o ljubavi koja nadilazi rodne, nacionalne, vjerske i ine granice. Oba lika duboko su uvjetovana vlastitom pro\u0161lo\u0161\u0107u, a nemogu\u0107nost da se toj ljubavi na du\u017ei rok prepuste rezultirat \u0107e dvjema sasvim razli\u010ditim sudbinama, na rubu ili u samom srcu zlo\u010dina.<\/p>\n\n\n\n<p>Bolla \u2013 rije\u010d za \u010dudovi\u0161te iz pri\u010da i dru\u0161tvenog izop\u0107enika \u2013 slika je istovremeno tranzicijskog Kosova i emigrantske egzistencije u ure\u0111enoj dalekoj zemlji, skica za reproduciranje duboko ukorijenjenih stereotipa, i okvirnom bajkom ili fantazmagorijom osvijetljena alegorija onog najljudskijeg u nama: u njegovim najsvjetlijim i jo\u0161 vi\u0161e onim najtamnijim tonalitetima.<\/p>\n\n\n\n<p><strong>O autoru<\/strong><\/p>\n\n\n\n<p>Pajtim Statovci (1990.) jedan je od najva\u017enijih finskih pisaca mla\u0111e generacije. Porijeklom je s Kosova. Studirao je komparativnu knji\u017eevnost na Sveu\u010dili\u0161tu u Helsinkiju, a potom i dramaturgiju (scenaristiku) na Fakultetu za umjetnost, dizajn i arhitekturu Sveu\u010dili\u0161ta Aalto. Svoj prvi roman Moja ma\u010dka Jugoslavija (Kissani Jugoslavia) objavio je 2014. i za njega iste godine dobio nagradu Helsingin Sanomat, najva\u017enije finsko knji\u017eevno priznanje za najbolji debitantski roman. Za drugi roman, Tiranan syd\u00e4n (2016.), dodijeljena mu je knji\u017eevna nagrada Toisinkoinen. Za svoj posljednji roman, Bolla (2019.), dobio je najpresti\u017eniju finsku knji\u017eevnu nagradu Finlandia, postav\u0161i njezin najmla\u0111i dobitnik.<\/p>\n\n\n\n<p><strong>O prevoditelju<\/strong><\/p>\n\n\n\n<p>Boris Vidovi\u0107 ro\u0111en je 1961. u Zagrebu, a gotovo polovicu svojeg \u017eivotnog vijeka proveo je u Finskoj. Diplomirao je komparativnu knji\u017eevnost i filozofiju na Filozofskom fakultetu u Zagrebu te je magistrirao knji\u017eevnost na Sveu\u010dili\u0161tu u Helsinkiju. Prevodio je s engleskoga i talijanskoga, a trenuta\u010dno prevodi uglavnom s finskog jezika.<br>Me\u0111u njegovim su va\u017enijim prijevodima u posljednjih desetak godina: Arto Paasilinna, Dra\u017eesno kolektivno samoubojstvo (Hurmaava joukkoitsemurha, 2007.), Kari Hotakainen, Sr\u010dani udari (Syd\u00e4nkohtauksia, 2008.), Sofi Oksanen, \u010ci\u0161\u0107enje (Puhdistus, 2011.), Kari Hotakainen, Rije\u010d bo\u017eja (Jumalan sana, 2014.) i Sofi Oksanen, Kad su golubice nestale (Kun kyyhkyset katosivat, 2015.).<\/p>\n\n\n\n<hr class=\"wp-block-separator\"\/>\n\n\n\n<p>Prevoditelj: Boris Vidovi\u0107<\/p>\n\n\n\n<p>Izdava\u010d: V.B.Z. d.o.o<\/p>\n\n\n\n<p>Godina izdanja: 2023<\/p>\n\n\n\n<p>Broj stranica: 236<\/p>\n\n\n\n<hr class=\"wp-block-separator\"\/>\n\n\n\n<p>Izvor:<\/p>\n\n\n\n<figure class=\"wp-block-embed-wordpress wp-block-embed is-type-wp-embed is-provider-vbz-online-bookstore\"><div class=\"wp-block-embed__wrapper\">\n<blockquote class=\"wp-embedded-content\" data-secret=\"piT5XKM5Lm\"><a href=\"https:\/\/www.vbz.hr\/book\/bolla\/\">Bolla<\/a><\/blockquote><iframe loading=\"lazy\" class=\"wp-embedded-content\" sandbox=\"allow-scripts\" security=\"restricted\" style=\"position: absolute; clip: rect(1px, 1px, 1px, 1px);\" title=\"&#8220;Bolla&#8221; &#8212; VBZ online bookstore\" src=\"https:\/\/www.vbz.hr\/book\/bolla\/embed\/#?secret=SXy7Sa5BPX#?secret=piT5XKM5Lm\" data-secret=\"piT5XKM5Lm\" width=\"600\" height=\"338\" frameborder=\"0\" marginwidth=\"0\" marginheight=\"0\" scrolling=\"no\"><\/iframe>\n<\/div><\/figure>\n\n\n\n<hr class=\"wp-block-separator\"\/>\n\n\n\n<figure class=\"wp-block-embed-wordpress wp-block-embed is-type-wp-embed is-provider-historiografija-hr\"><div class=\"wp-block-embed__wrapper\">\n<blockquote class=\"wp-embedded-content\" data-secret=\"imFoo9nbiQ\"><a href=\"https:\/\/historiografija.hr\/?p=20365\">Pajtim Statovci, roman \u201cMoja ma\u010dka Jugoslavija\u201d<\/a><\/blockquote><iframe loading=\"lazy\" class=\"wp-embedded-content\" sandbox=\"allow-scripts\" security=\"restricted\" style=\"position: absolute; clip: rect(1px, 1px, 1px, 1px);\" title=\"&#8220;Pajtim Statovci, roman \u201cMoja ma\u010dka Jugoslavija\u201d&#8221; &#8212; Historiografija.hr\" src=\"https:\/\/historiografija.hr\/?p=20365&#038;embed=true#?secret=imFoo9nbiQ\" data-secret=\"imFoo9nbiQ\" width=\"600\" height=\"338\" frameborder=\"0\" marginwidth=\"0\" marginheight=\"0\" scrolling=\"no\"><\/iframe>\n<\/div><\/figure>\n\n\n\n<hr class=\"wp-block-separator\"\/>\n","protected":false},"excerpt":{"rendered":"","protected":false},"author":2,"featured_media":36926,"comment_status":"open","ping_status":"open","sticky":false,"template":"","format":"standard","meta":{"_acf_changed":false,"jetpack_post_was_ever_published":false,"_jetpack_newsletter_access":"","_jetpack_dont_email_post_to_subs":false,"_jetpack_newsletter_tier_id":0,"_jetpack_memberships_contains_paywalled_content":false,"_jetpack_memberships_contains_paid_content":false,"footnotes":"","jetpack_publicize_message":"","jetpack_publicize_feature_enabled":true,"jetpack_social_post_already_shared":true,"jetpack_social_options":{"image_generator_settings":{"template":"highway","default_image_id":0,"font":"","enabled":false},"version":2}},"categories":[3,12],"tags":[],"class_list":["post-36925","post","type-post","status-publish","format-standard","has-post-thumbnail","hentry","category-novosti","category-knjizevnost"],"acf":{"facebook_opis":""},"jetpack_publicize_connections":[],"jetpack_featured_media_url":"https:\/\/i0.wp.com\/historiografija.hr\/wp-content\/uploads\/2023\/08\/bolla_naslovnica.jpg?fit=675%2C1001&ssl=1","jetpack_sharing_enabled":true,"jetpack-related-posts":[],"_links":{"self":[{"href":"https:\/\/historiografija.hr\/index.php?rest_route=\/wp\/v2\/posts\/36925","targetHints":{"allow":["GET"]}}],"collection":[{"href":"https:\/\/historiografija.hr\/index.php?rest_route=\/wp\/v2\/posts"}],"about":[{"href":"https:\/\/historiografija.hr\/index.php?rest_route=\/wp\/v2\/types\/post"}],"author":[{"embeddable":true,"href":"https:\/\/historiografija.hr\/index.php?rest_route=\/wp\/v2\/users\/2"}],"replies":[{"embeddable":true,"href":"https:\/\/historiografija.hr\/index.php?rest_route=%2Fwp%2Fv2%2Fcomments&post=36925"}],"version-history":[{"count":2,"href":"https:\/\/historiografija.hr\/index.php?rest_route=\/wp\/v2\/posts\/36925\/revisions"}],"predecessor-version":[{"id":36928,"href":"https:\/\/historiografija.hr\/index.php?rest_route=\/wp\/v2\/posts\/36925\/revisions\/36928"}],"wp:featuredmedia":[{"embeddable":true,"href":"https:\/\/historiografija.hr\/index.php?rest_route=\/wp\/v2\/media\/36926"}],"wp:attachment":[{"href":"https:\/\/historiografija.hr\/index.php?rest_route=%2Fwp%2Fv2%2Fmedia&parent=36925"}],"wp:term":[{"taxonomy":"category","embeddable":true,"href":"https:\/\/historiografija.hr\/index.php?rest_route=%2Fwp%2Fv2%2Fcategories&post=36925"},{"taxonomy":"post_tag","embeddable":true,"href":"https:\/\/historiografija.hr\/index.php?rest_route=%2Fwp%2Fv2%2Ftags&post=36925"}],"curies":[{"name":"wp","href":"https:\/\/api.w.org\/{rel}","templated":true}]}}