{"id":36919,"date":"2023-08-29T20:56:42","date_gmt":"2023-08-29T20:56:42","guid":{"rendered":"http:\/\/historiografija.hr\/?p=36919"},"modified":"2023-08-29T20:56:42","modified_gmt":"2023-08-29T20:56:42","slug":"nathalie-clayer-o-poreklu-albanskog-nacionalizma-radanje-vecinski-muslimanske-nacije-u-evropi","status":"publish","type":"post","link":"https:\/\/historiografija.hr\/?p=36919","title":{"rendered":"Nathalie Clayer, \u201eO POREKLU ALBANSKOG NACIONALIZMA. Ra\u0111anje ve\u0107inski muslimanske nacije u Evropi\u201c"},"content":{"rendered":"\n<p>Preveo s francuskog: Marko Bo\u017ei\u0107<\/p>\n\n\n\n<hr class=\"wp-block-separator\"\/>\n\n\n\n<p>Monografija Natali Klejer <em>O poreklu albanskog nacionalizma<\/em> posve\u0107ena je nastanku i razvoju albanske nacionalne ideje i albanskog nacionalnog pokreta tokom XIX veka, zaklju\u010dno sa progla\u0161enjem albanske dr\u017eave 1912. godine. Knjiga je nastala na osnovu dugogodi\u0161njeg istra\u017eivanja nove izvorne arhivske gra\u0111e italijanskog, osmanskog, francuskog, austrougarskog i albanskog porekla. Autorka je preciznom i detaljnom analizom dala zaokru\u017eenu i sveobuhvatnu sliku o razvoju albanske nacionalne svesti, o njenim nosiocima, procesu transformacije nacionalne ideje u masovni albanski nacionalni pokret, te njegovim pokreta\u010dima i geostrate\u0161kom okru\u017eenju u kome se razvijao i silama koje su ga podr\u017eavale.<\/p>\n\n\n\n<hr class=\"wp-block-separator\"\/>\n\n\n\n<p>Natali Klejer (Nathalie Clayer) istra\u017eiva\u010d je Centra za turske, osmanske, balkanske i centralnoazijske studije (CETOBAK) pri francuskom CNRS-u. Natali Klejer je specijalista za verska i nacionalna pitanja u osmanskoj i postosmanskoj Jugoisto\u010dnoj Evropi.<\/p>\n\n\n\n<hr class=\"wp-block-separator\"\/>\n\n\n\n<p>Godina izdanja: 2022<\/p>\n\n\n\n<p>Pismo: latinica<\/p>\n\n\n\n<p>Broj stranica: 650 str.<\/p>\n\n\n\n<hr class=\"wp-block-separator\"\/>\n\n\n\n<p>Pro\u010ditaj odlomak:<\/p>\n\n\n\n<p><a href=\"https:\/\/akademskaknjiga.com\/katalog\/o-poreklu-albanskog-nacionalizma-radjanje-vecinski-muslimanske-nacije-u-evropi\">https:\/\/akademskaknjiga.com\/katalog\/o-poreklu-albanskog-nacionalizma-radjanje-vecinski-muslimanske-nacije-u-evropi<\/a><\/p>\n\n\n\n<hr class=\"wp-block-separator\"\/>\n","protected":false},"excerpt":{"rendered":"","protected":false},"author":2,"featured_media":36920,"comment_status":"open","ping_status":"open","sticky":false,"template":"","format":"standard","meta":{"_acf_changed":false,"jetpack_post_was_ever_published":false,"_jetpack_newsletter_access":"","_jetpack_dont_email_post_to_subs":false,"_jetpack_newsletter_tier_id":0,"_jetpack_memberships_contains_paywalled_content":false,"_jetpack_memberships_contains_paid_content":false,"footnotes":"","jetpack_publicize_message":"","jetpack_publicize_feature_enabled":true,"jetpack_social_post_already_shared":true,"jetpack_social_options":{"image_generator_settings":{"template":"highway","default_image_id":0,"font":"","enabled":false},"version":2}},"categories":[8,3],"tags":[],"class_list":["post-36919","post","type-post","status-publish","format-standard","has-post-thumbnail","hentry","category-knjige","category-novosti"],"acf":{"facebook_opis":""},"jetpack_publicize_connections":[],"jetpack_featured_media_url":"https:\/\/i0.wp.com\/historiografija.hr\/wp-content\/uploads\/2023\/08\/Klejer.jpg?fit=1080%2C1080&ssl=1","jetpack_sharing_enabled":true,"jetpack-related-posts":[],"_links":{"self":[{"href":"https:\/\/historiografija.hr\/index.php?rest_route=\/wp\/v2\/posts\/36919","targetHints":{"allow":["GET"]}}],"collection":[{"href":"https:\/\/historiografija.hr\/index.php?rest_route=\/wp\/v2\/posts"}],"about":[{"href":"https:\/\/historiografija.hr\/index.php?rest_route=\/wp\/v2\/types\/post"}],"author":[{"embeddable":true,"href":"https:\/\/historiografija.hr\/index.php?rest_route=\/wp\/v2\/users\/2"}],"replies":[{"embeddable":true,"href":"https:\/\/historiografija.hr\/index.php?rest_route=%2Fwp%2Fv2%2Fcomments&post=36919"}],"version-history":[{"count":1,"href":"https:\/\/historiografija.hr\/index.php?rest_route=\/wp\/v2\/posts\/36919\/revisions"}],"predecessor-version":[{"id":36921,"href":"https:\/\/historiografija.hr\/index.php?rest_route=\/wp\/v2\/posts\/36919\/revisions\/36921"}],"wp:featuredmedia":[{"embeddable":true,"href":"https:\/\/historiografija.hr\/index.php?rest_route=\/wp\/v2\/media\/36920"}],"wp:attachment":[{"href":"https:\/\/historiografija.hr\/index.php?rest_route=%2Fwp%2Fv2%2Fmedia&parent=36919"}],"wp:term":[{"taxonomy":"category","embeddable":true,"href":"https:\/\/historiografija.hr\/index.php?rest_route=%2Fwp%2Fv2%2Fcategories&post=36919"},{"taxonomy":"post_tag","embeddable":true,"href":"https:\/\/historiografija.hr\/index.php?rest_route=%2Fwp%2Fv2%2Ftags&post=36919"}],"curies":[{"name":"wp","href":"https:\/\/api.w.org\/{rel}","templated":true}]}}