{"id":36909,"date":"2023-08-25T21:46:58","date_gmt":"2023-08-25T21:46:58","guid":{"rendered":"http:\/\/historiografija.hr\/?p=36909"},"modified":"2023-09-14T21:22:56","modified_gmt":"2023-09-14T21:22:56","slug":"umro-knjizevnik-marko-vesovic","status":"publish","type":"post","link":"https:\/\/historiografija.hr\/?p=36909","title":{"rendered":"Umro knji\u017eevnik Marko Ve\u0161ovi\u0107"},"content":{"rendered":"\n<p>U Sarajevu je u 78. godini preminuo knji\u017eevnik i profesor Marko Ve\u0161ovi\u0107 (1945-2023). Od njegovih djela mo\u017eemo izdvojiti tematiziranje opsade Sarajeva u esejima \u201eSmrt je majstor iz Srbije\u201c (1994) \u2013 aludiraju\u0107i na stih Paula Celana \u201eSmrt je majstor iz Njema\u010dke\u201c \u2013 i knjizi poezije \u201ePoljska konjica\u201c (2002). Zajedno s polemi\u010dkim knjigama o Rajku Petrovu Nogi, Jevremu Brkovi\u0107u, Muhamedu i Nenadu Filipovi\u0107u te polemi\u010dkim reakcijama na njih, kao i knjigom Almina Kaplana \u201eRazgovori s Markom\u201c (2022), sve \u010dine jedan dio intelektualne povijesti i povijesti (javnih) intelektualaca.<\/p>\n\n\n\n<hr class=\"wp-block-separator\"\/>\n\n\n\n<p>Iz regionalnih priloga:<\/p>\n\n\n\n<p><a href=\"https:\/\/radiosarajevo.ba\/metromahala\/kultura\/preminuo-istaknuti-knjizevnik-marko-vesovic\/509299\">https:\/\/radiosarajevo.ba\/metromahala\/kultura\/preminuo-istaknuti-knjizevnik-marko-vesovic\/509299<\/a><\/p>\n\n\n\n<figure class=\"wp-block-embed-wordpress wp-block-embed is-type-wp-embed is-provider-n-1\"><div class=\"wp-block-embed__wrapper\">\n<blockquote class=\"wp-embedded-content\" data-secret=\"QaVECRRDot\"><a href=\"https:\/\/n1info.ba\/vijesti\/u-sarajevu-preminuo-bh-knjizevnik-i-profesor-marko-vesovic\/\">U Sarajevu preminuo bh. knji\u017eevnik i profesor Marko Ve\u0161ovi\u0107<\/a><\/blockquote><iframe loading=\"lazy\" class=\"wp-embedded-content\" sandbox=\"allow-scripts\" security=\"restricted\" style=\"position: absolute; clip: rect(1px, 1px, 1px, 1px);\" title=\"&#8220;U Sarajevu preminuo bh. knji\u017eevnik i profesor Marko Ve\u0161ovi\u0107&#8221; &#8212; N1\" src=\"https:\/\/n1info.ba\/vijesti\/u-sarajevu-preminuo-bh-knjizevnik-i-profesor-marko-vesovic\/embed\/#?secret=c5hBdIxzup#?secret=QaVECRRDot\" data-secret=\"QaVECRRDot\" width=\"600\" height=\"338\" frameborder=\"0\" marginwidth=\"0\" marginheight=\"0\" scrolling=\"no\"><\/iframe>\n<\/div><\/figure>\n\n\n\n<p><a href=\"https:\/\/www.ff.unsa.ba\/index.php\/bs\/aktuelnosti-obavjestenja\/17210-in-memoriam-prof-dr-marko-vesovic-1945-2023\">https:\/\/www.ff.unsa.ba\/index.php\/bs\/aktuelnosti-obavjestenja\/17210-in-memoriam-prof-dr-marko-vesovic-1945-2023<\/a><\/p>\n\n\n\n<p><a href=\"https:\/\/buybook.ba\/article\/in-memoriam-marko-vesovic-48\">https:\/\/buybook.ba\/article\/in-memoriam-marko-vesovic-48<\/a><\/p>\n\n\n\n<p><a href=\"https:\/\/www.oslobodjenje.ba\/dosjei\/intervjui\/ugledni-bh-knjizevnik-marko-vesovic-preminuo-je-u-sarajevu-u-79-godini-zivota-885681\">https:\/\/www.oslobodjenje.ba\/dosjei\/intervjui\/ugledni-bh-knjizevnik-marko-vesovic-preminuo-je-u-sarajevu-u-79-godini-zivota-885681<\/a><\/p>\n\n\n\n<p><a href=\"http:\/\/www.prometej.ba\/clanak\/intervju\/marko-vesovic-dzaba-znas-5754\">http:\/\/www.prometej.ba\/clanak\/intervju\/marko-vesovic-dzaba-znas-5754<\/a><\/p>\n\n\n\n<p><a href=\"https:\/\/ivanlovrenovic.com\/clanci\/sarajevski-dnevnik\/ivan-lovrenovic-netko-bjese-vesovicu-marko\">https:\/\/ivanlovrenovic.com\/clanci\/sarajevski-dnevnik\/ivan-lovrenovic-netko-bjese-vesovicu-marko<\/a><\/p>\n\n\n\n<figure class=\"wp-block-embed-wordpress wp-block-embed is-type-wp-embed is-provider-gracija\"><div class=\"wp-block-embed__wrapper\">\n<blockquote class=\"wp-embedded-content\" data-secret=\"iVf4GqlMfE\"><a href=\"https:\/\/gracija.ba\/2023\/08\/18\/marko-vesovic\/\">IN MEMORIAM Marko Ve\u0161ovi\u0107 &#8211; D\u017eentlmen koji se uvijek borio za unaprijed izgubljene stvari<\/a><\/blockquote><iframe loading=\"lazy\" class=\"wp-embedded-content\" sandbox=\"allow-scripts\" security=\"restricted\" style=\"position: absolute; clip: rect(1px, 1px, 1px, 1px);\" title=\"&#8220;IN MEMORIAM Marko Ve\u0161ovi\u0107 &#8211; D\u017eentlmen koji se uvijek borio za unaprijed izgubljene stvari&#8221; &#8212; Gracija\" src=\"https:\/\/gracija.ba\/2023\/08\/18\/marko-vesovic\/embed\/#?secret=RaMjFjisZn#?secret=iVf4GqlMfE\" data-secret=\"iVf4GqlMfE\" width=\"600\" height=\"338\" frameborder=\"0\" marginwidth=\"0\" marginheight=\"0\" scrolling=\"no\"><\/iframe>\n<\/div><\/figure>\n\n\n\n<figure class=\"wp-block-embed-wordpress wp-block-embed is-type-wp-embed is-provider-portal-forum\"><div class=\"wp-block-embed__wrapper\">\n<blockquote class=\"wp-embedded-content\" data-secret=\"tcbBNDBzNN\"><a href=\"https:\/\/portalforum.rs\/blog\/2023\/08\/18\/in-memoriam-marko-vesovic-1945-2023\/\">IN MEMORIAM Marko Ve\u0161ovi\u0107 (1945-2023)<\/a><\/blockquote><iframe loading=\"lazy\" class=\"wp-embedded-content\" sandbox=\"allow-scripts\" security=\"restricted\" style=\"position: absolute; clip: rect(1px, 1px, 1px, 1px);\" title=\"&#132;IN MEMORIAM Marko Ve\u0161ovi\u0107 (1945-2023)&#147; &#8212; Portal Forum\" src=\"https:\/\/portalforum.rs\/blog\/2023\/08\/18\/in-memoriam-marko-vesovic-1945-2023\/embed\/#?secret=EeHDgBRY9u#?secret=tcbBNDBzNN\" data-secret=\"tcbBNDBzNN\" width=\"600\" height=\"338\" frameborder=\"0\" marginwidth=\"0\" marginheight=\"0\" scrolling=\"no\"><\/iframe>\n<\/div><\/figure>\n\n\n\n<figure class=\"wp-block-embed-wordpress wp-block-embed is-type-wp-embed is-provider-osvrt-me\"><div class=\"wp-block-embed__wrapper\">\n<blockquote class=\"wp-embedded-content\" data-secret=\"Pw63Rrrvsn\"><a href=\"https:\/\/www.osvrt.me\/izdvojene-vijesti\/marko-vesovic-umro-sam-ali-jos-me-ima\/\">MARKO VE\u0160OVI\u0106 &#8211;\u00a0 \u201eUMRO SAM, ALI JO\u0160 ME IMA\u201c<\/a><\/blockquote><iframe loading=\"lazy\" class=\"wp-embedded-content\" sandbox=\"allow-scripts\" security=\"restricted\" style=\"position: absolute; clip: rect(1px, 1px, 1px, 1px);\" title=\"&#132;MARKO VE\u0160OVI\u0106 &#8211;\u00a0 \u201eUMRO SAM, ALI JO\u0160 ME IMA\u201c&#147; &#8212; Osvrt.me\" src=\"https:\/\/www.osvrt.me\/izdvojene-vijesti\/marko-vesovic-umro-sam-ali-jos-me-ima\/embed\/#?secret=hLcNbnRFvm#?secret=Pw63Rrrvsn\" data-secret=\"Pw63Rrrvsn\" width=\"600\" height=\"338\" frameborder=\"0\" marginwidth=\"0\" marginheight=\"0\" scrolling=\"no\"><\/iframe>\n<\/div><\/figure>\n\n\n\n<p><a href=\"https:\/\/nomad.ba\/zubcevic-slovo-o-marku\">https:\/\/nomad.ba\/zubcevic-slovo-o-marku<\/a><\/p>\n\n\n\n<p><a href=\"http:\/\/blog.b92.net\/text\/30775\/Marko-Vesovic-kraljevic-pjesnik-1945-2023\/\">http:\/\/blog.b92.net\/text\/30775\/Marko-Vesovic-kraljevic-pjesnik-1945-2023\/<\/a><\/p>\n\n\n\n<p><a href=\"https:\/\/www.vreme.com\/kultura\/opsada-sarajeva-i-rastanak-s-arencanom\/\">https:\/\/www.vreme.com\/kultura\/opsada-sarajeva-i-rastanak-s-arencanom\/<\/a><\/p>\n\n\n\n<p><a href=\"https:\/\/www.vreme.com\/vesti\/kulturni-gnevnik-19-avgust-2023\/\">https:\/\/www.vreme.com\/vesti\/kulturni-gnevnik-19-avgust-2023\/<\/a><\/p>\n\n\n\n<p><a href=\"https:\/\/historiografija.ba\/article.php?id=1377\">https:\/\/historiografija.ba\/article.php?id=1377<\/a><\/p>\n\n\n\n<hr class=\"wp-block-separator\"\/>\n\n\n\n<p>Iz doma\u0107ih priloga:<\/p>\n\n\n\n<p><a href=\"https:\/\/www.hina.hr\/vijest\/11393104\">https:\/\/www.hina.hr\/vijest\/11393104<\/a><\/p>\n\n\n\n<p><a href=\"https:\/\/www.novilist.hr\/ostalo\/kultura\/knjizevnost\/umro-istaknuti-knjizevnik-marko-vesovic-nije-birao-rijeci-u-svojim-kritikama-nacionalista-svih-boja\/\">https:\/\/www.novilist.hr\/ostalo\/kultura\/knjizevnost\/umro-istaknuti-knjizevnik-marko-vesovic-nije-birao-rijeci-u-svojim-kritikama-nacionalista-svih-boja\/<\/a><\/p>\n\n\n\n<p><a href=\"https:\/\/www.tportal.hr\/kultura\/clanak\/umro-knjizevnik-marko-vesovic-jedan-od-najvecih-kriticara-regionalnih-nacionalizama-20230818\">https:\/\/www.tportal.hr\/kultura\/clanak\/umro-knjizevnik-marko-vesovic-jedan-od-najvecih-kriticara-regionalnih-nacionalizama-20230818<\/a><\/p>\n\n\n\n<figure class=\"wp-block-embed-wordpress wp-block-embed is-type-wp-embed is-provider-dnevno-hr\"><div class=\"wp-block-embed__wrapper\">\n<blockquote class=\"wp-embedded-content\" data-secret=\"n44kQwKFsv\"><a href=\"https:\/\/www.dnevno.hr\/magazin\/kultura\/preminuo-je-knjizevnik-marko-vesovic-tvrdio-je-da-su-srpski-i-hrvatski-nacionalisti-krscanski-fundamentalisti-2201192\/\">Preminuo je knji\u017eevnik Marko Ve\u0161ovi\u0107: Tvrdio je da su srpski i hrvatski nacionalisti kr\u0161\u0107anski fundamentalisti<\/a><\/blockquote><iframe loading=\"lazy\" class=\"wp-embedded-content\" sandbox=\"allow-scripts\" security=\"restricted\" style=\"position: absolute; clip: rect(1px, 1px, 1px, 1px);\" title=\"&#8220;Preminuo je knji\u017eevnik Marko Ve\u0161ovi\u0107: Tvrdio je da su srpski i hrvatski nacionalisti kr\u0161\u0107anski fundamentalisti&#8221; &#8212; Dnevno.hr\" src=\"https:\/\/www.dnevno.hr\/magazin\/kultura\/preminuo-je-knjizevnik-marko-vesovic-tvrdio-je-da-su-srpski-i-hrvatski-nacionalisti-krscanski-fundamentalisti-2201192\/embed\/#?secret=y5IyP8UHC9#?secret=n44kQwKFsv\" data-secret=\"n44kQwKFsv\" width=\"600\" height=\"338\" frameborder=\"0\" marginwidth=\"0\" marginheight=\"0\" scrolling=\"no\"><\/iframe>\n<\/div><\/figure>\n\n\n\n<p><a href=\"https:\/\/kritika-hdp.hr\/a-mene-zalud-grije\/\">https:\/\/kritika-hdp.hr\/a-mene-zalud-grije\/<\/a><\/p>\n\n\n\n<p><a href=\"https:\/\/www.jergovic.com\/ajfelov-most\/il-manifesto-o-marku-vesovicu\/\">https:\/\/www.jergovic.com\/ajfelov-most\/il-manifesto-o-marku-vesovicu\/<\/a><\/p>\n\n\n\n<p><a href=\"https:\/\/www.jergovic.com\/ajfelov-most\/marko-2\/\">https:\/\/www.jergovic.com\/ajfelov-most\/marko-2\/<\/a><\/p>\n\n\n\n<p><a href=\"https:\/\/www.jergovic.com\/ajfelov-most\/netko-bjese-vesovicu-marko\/\">https:\/\/www.jergovic.com\/ajfelov-most\/netko-bjese-vesovicu-marko\/<\/a><\/p>\n\n\n\n<p><a href=\"https:\/\/www.jergovic.com\/ajfelov-most\/marko-vesovic-tumac-pjesnistva\/\">https:\/\/www.jergovic.com\/ajfelov-most\/marko-vesovic-tumac-pjesnistva\/<\/a><\/p>\n\n\n\n<p><a href=\"https:\/\/express.24sata.hr\/kultura\/almin-kaplan-i-marko-vesovic-razgovor-dvojice-ljudi-o-jeziku-ratu-i-bostanu-26060\">https:\/\/express.24sata.hr\/kultura\/almin-kaplan-i-marko-vesovic-razgovor-dvojice-ljudi-o-jeziku-ratu-i-bostanu-26060<\/a><\/p>\n\n\n\n<p><a href=\"https:\/\/slobodnadalmacija.hr\/kultura\/knjizevnost\/razgovori-s-markom-knjiga-u-kojoj-se-marko-vesovic-ispovijeda-alminu-kaplanu-otkriva-njegova-iskustva-s-nikolom-koljevicem-sidranom-nogom-1218368\">https:\/\/slobodnadalmacija.hr\/kultura\/knjizevnost\/razgovori-s-markom-knjiga-u-kojoj-se-marko-vesovic-ispovijeda-alminu-kaplanu-otkriva-njegova-iskustva-s-nikolom-koljevicem-sidranom-nogom-1218368<\/a><\/p>\n\n\n\n<p><a href=\"https:\/\/www.portalnovosti.com\/tri-knjige\">https:\/\/www.portalnovosti.com\/tri-knjige<\/a><\/p>\n\n\n\n<p><a href=\"https:\/\/www.portalnovosti.com\/vjecni-vesovic\">https:\/\/www.portalnovosti.com\/vjecni-vesovic<\/a><\/p>\n\n\n\n<figure class=\"wp-block-embed-wordpress wp-block-embed is-type-wp-embed is-provider-miljenko-jergovic\"><div class=\"wp-block-embed__wrapper\">\n<blockquote class=\"wp-embedded-content\" data-secret=\"Hd26v88DTg\"><a href=\"https:\/\/www.jergovic.com\/ajfelov-most\/ekran-knjige-62\/\">Ekran, knjige\/62<\/a><\/blockquote><iframe loading=\"lazy\" class=\"wp-embedded-content\" sandbox=\"allow-scripts\" security=\"restricted\" style=\"position: absolute; clip: rect(1px, 1px, 1px, 1px);\" title=\"&#8220;Ekran, knjige\/62&#8221; &#8212; Miljenko Jergovi\u0107\" src=\"https:\/\/www.jergovic.com\/ajfelov-most\/ekran-knjige-62\/embed\/#?secret=7yG5EnODBR#?secret=Hd26v88DTg\" data-secret=\"Hd26v88DTg\" width=\"600\" height=\"338\" frameborder=\"0\" marginwidth=\"0\" marginheight=\"0\" scrolling=\"no\"><\/iframe>\n<\/div><\/figure>\n\n\n\n<hr class=\"wp-block-separator\"\/>\n","protected":false},"excerpt":{"rendered":"","protected":false},"author":2,"featured_media":36910,"comment_status":"open","ping_status":"open","sticky":false,"template":"","format":"standard","meta":{"_acf_changed":false,"jetpack_post_was_ever_published":false,"_jetpack_newsletter_access":"","_jetpack_dont_email_post_to_subs":false,"_jetpack_newsletter_tier_id":0,"_jetpack_memberships_contains_paywalled_content":false,"_jetpack_memberships_contains_paid_content":false,"footnotes":"","jetpack_publicize_message":"","jetpack_publicize_feature_enabled":true,"jetpack_social_post_already_shared":true,"jetpack_social_options":{"image_generator_settings":{"template":"highway","default_image_id":0,"font":"","enabled":false},"version":2}},"categories":[3,20,12],"tags":[],"class_list":["post-36909","post","type-post","status-publish","format-standard","has-post-thumbnail","hentry","category-novosti","category-obavijesti-o-smrti-i-nekrolozi","category-knjizevnost"],"acf":{"facebook_opis":""},"jetpack_publicize_connections":[],"jetpack_featured_media_url":"https:\/\/i0.wp.com\/historiografija.hr\/wp-content\/uploads\/2023\/08\/Razgovori.jpg?fit=230%2C364&ssl=1","jetpack_sharing_enabled":true,"jetpack-related-posts":[],"_links":{"self":[{"href":"https:\/\/historiografija.hr\/index.php?rest_route=\/wp\/v2\/posts\/36909","targetHints":{"allow":["GET"]}}],"collection":[{"href":"https:\/\/historiografija.hr\/index.php?rest_route=\/wp\/v2\/posts"}],"about":[{"href":"https:\/\/historiografija.hr\/index.php?rest_route=\/wp\/v2\/types\/post"}],"author":[{"embeddable":true,"href":"https:\/\/historiografija.hr\/index.php?rest_route=\/wp\/v2\/users\/2"}],"replies":[{"embeddable":true,"href":"https:\/\/historiografija.hr\/index.php?rest_route=%2Fwp%2Fv2%2Fcomments&post=36909"}],"version-history":[{"count":3,"href":"https:\/\/historiografija.hr\/index.php?rest_route=\/wp\/v2\/posts\/36909\/revisions"}],"predecessor-version":[{"id":37133,"href":"https:\/\/historiografija.hr\/index.php?rest_route=\/wp\/v2\/posts\/36909\/revisions\/37133"}],"wp:featuredmedia":[{"embeddable":true,"href":"https:\/\/historiografija.hr\/index.php?rest_route=\/wp\/v2\/media\/36910"}],"wp:attachment":[{"href":"https:\/\/historiografija.hr\/index.php?rest_route=%2Fwp%2Fv2%2Fmedia&parent=36909"}],"wp:term":[{"taxonomy":"category","embeddable":true,"href":"https:\/\/historiografija.hr\/index.php?rest_route=%2Fwp%2Fv2%2Fcategories&post=36909"},{"taxonomy":"post_tag","embeddable":true,"href":"https:\/\/historiografija.hr\/index.php?rest_route=%2Fwp%2Fv2%2Ftags&post=36909"}],"curies":[{"name":"wp","href":"https:\/\/api.w.org\/{rel}","templated":true}]}}