{"id":36897,"date":"2023-08-25T20:38:05","date_gmt":"2023-08-25T20:38:05","guid":{"rendered":"http:\/\/historiografija.hr\/?p=36897"},"modified":"2024-08-01T17:52:57","modified_gmt":"2024-08-01T17:52:57","slug":"victor-serge-ako-je-ponoc-u-stoljecu-s-francuskoga-prevela-marina-alia-jurisic","status":"publish","type":"post","link":"https:\/\/historiografija.hr\/?p=36897","title":{"rendered":"Victor Serge, \u201eAko je pono\u0107 u stolje\u0107u\u201c (s francuskoga prevela Marina Alia Juri\u0161i\u0107)"},"content":{"rendered":"\n<p>Nakon \u0161to smo na portalu pozivali na prevo\u0111enje Victora Sergea (1890-1947) \u2013 koji je kod nas sve dosad ostao nepreveden \u2013 drago nam \u0161to je u izdanju Disputa i u prijevodu s francuskog Marine Alie Juri\u0161i\u0107 upravo objavljeno hrvatsko izdanje romana \u201eAko je pono\u0107 u stolje\u0107u\u201c. Izvorno objavljeno 1939, djelo je zajedno s romanom Arthura Koestlera \u201ePomra\u010denje o podne\u201c iz 1940. kao i drugim djelima iz 1930-ih prokazivalo staljinizam, posebno staljinisti\u010dke \u010distke koje su nemilosrdno zahvatile i mnoge dotada\u0161nje revolucionare. S time da je za Sergea \u2013 kao trockista \u2013 Staljin \u201eizdao revoluciju\u201c te je njegova osuda dolazila s pozicije \u201elijeve opozicije\u201c. Svih ovih godina vladalo je sna\u017eno zanimanje za Victora Sergea zbog njegovog nesvakida\u0161njeg \u017eivotnog puta i sugestivne uloge povijesnog svjedoka te ocjene kako je rije\u010d o sjajnom piscu, zbog \u010dega ne prestaje pretiskivanje i prevo\u0111enje njegovih djela. Danas kada je nakon pada socijalisti\u010dkih re\u017eima 1989. prevladavaju\u0107i fokus na njihovim \u017ertvama o kojima se nije govorilo, pra\u0107eno odbacivanjem revolucionarnog naslje\u0111a u cijelosti i nerijetkim gubljenjem historiografske iznijansiranosti, Sergeova djela ne \u010ditaju se samo kao kritika staljinizma. Ona naime omogu\u0107uju bitno slojeviti i heterogeniji uvid u to tko su sve bili ljudi koji su postajali revolucionarima i koje su bile njihove mnogovrsne motivacije te na koje su sve povijesne kontekste reagirali. To su ujedno neke od intencija novije historiografije o povijesti revolucija i njihovoj intelektualnoj povijesti te povijesti intelektualaca.<\/p>\n\n\n\n<hr class=\"wp-block-separator\"\/>\n\n\n\n<p><strong>&nbsp;Ako je pono\u0107 u stolje\u0107u<\/strong><\/p>\n\n\n\n<p>Ovaj oporo vjerodostojan i silno istinoljubiv roman, napisan izme\u0111u 1936. i 1938. godine, nesmiljena je ra\u0161\u010dlamba mehanizma Staljinovih \u010distki u kojoj autor, i sam \u017ertva montiranog politi\u010dkog procesa, oslikava univerzum jednog totalitarnog sistema. Junaci romana njegovi su drugovi nepomireni s izdajom revolucije: idealisti i uvjereni trockisti Jeljkin i Ru\u017eik, buntovni student Avelij, odlu\u010dni radnik Rodion te postojana Varvara Platonovna, \u010dudesno slobodni i bijedno zarobljeni ljudi, na pravdi boga deportirani na preodgoj na surovi Sjever, dovoljno daleko da ih se zaboravi; \u010detiri mu\u0161karca, jedna \u017eena, pet kontrarevolucionarnih prijetnji re\u017eimu pretvorenih u pet zatvorskih dosjea.<\/p>\n\n\n\n<p><strong>Serge<\/strong> progovara u njihovo ime, suosje\u0107a s njihovim patnjama, \u017ealuje nad njihovom neostvarivom \u017eeljom da govore slobodno bilo gdje, s bilo kim, o bilo \u010demu i rezignira nad stanjem stvari u kojem je bilo kakav otpor nemogu\u0107. No daje glas i provoditeljima revolucionarnog terora: iznu\u0111enim pokajnicima, tamni\u010darima, isljednicima \u2013 \u010dlanovima, \u0161to je najapsurdnije, iste partije. Jedino \u0161to, autorovim rije\u010dima, \u201cmi smo bili neumoljivi kako bismo promijenili svijet, oni \u0107e biti takvi kako bi sa\u010duvali svoj plijen. Davali smo sve neznanoj budu\u0107nosti, \u010dak i ono \u0161to nismo imali, tu\u0111u krv s na\u0161om. Oni tvrde da je sve postignuto kako ih ne bismo ni\u0161ta pitali; a za njih je sve stvarno postignuto jer imaju sve\u201d.<\/p>\n\n\n\n<hr class=\"wp-block-separator\"\/>\n\n\n\n<p><strong>Victor Serge<\/strong>, ro\u0111en u Bruxellesu 1890. kao<strong> Viktor Ljvovi\u010d Kibalj\u010di\u010d<\/strong>, od roditelja ruskih anticaristi\u010dkih prognanika. Ve\u0107 s 22 godine bio je osu\u0111en na pet godina zatvora u Francuskoj te je 1917. protjeran u \u0160panjolsku, gdje sudjeluje u anarhosindikalisti\u010dkom ustanku, a zatim se u Rusiji pridru\u017euje bolj\u0161evicima i radi za Kominternu. Kao otvoreni kriti\u010dar Staljina izba\u010den je iz partije i 1928. uhi\u0107en. Oslobo\u0111en, u Parizu objavljuje historiografsko svjedo\u010denje <em>Prva godina Ruske revolucije<\/em> (<em>L\u2019An 1 de la r\u00e9volution russe<\/em>, 1930) te romane <em>Mu\u0161karci u zatvoru<\/em> (<em>Les hommes dans le prison<\/em>, 1930), <em>Ra\u0111anje na\u0161e mo\u0107i<\/em> (<em>Naissance de notre force<\/em>, 1931) i <em>Osvojeni grad<\/em> (<em>Ville conquise<\/em>, 1932). Nakon ponovnog uhi\u0107enja u Rusiji, 1933. godine deportiran je u sredi\u0161nju Aziju, ali mu je nakon zalaganja istaknutih europskih pisaca 1936. omogu\u0107eno da napusti SSSR. Godine 1939. u Parizu je objavio roman <em>Ako je pono\u0107 u stolje\u0107u<\/em> (<em>S\u2019il est minuit dans le si\u00e8cle<\/em>). Bez dr\u017eavljanstva i novca te proganjan od Staljinovih agenata, \u017eivio je u nesigurnom egzilu u Bruxellesu, Parizu i Mexico Cityju, gdje je umro 1947. godine. Njegovo najpoznatije djelo <em>Memoari revolucionara<\/em>, 1901\u20131941. (<em>M\u00e9moires d\u2019un r\u00e9volutionnaire<\/em>, 1901\u20131941.) i roman <em>Slu\u010daj Tulajev<\/em> (<em>L\u2019Affaire Toulaev<\/em>, 1949) objavljeni su postumno.<\/p>\n\n\n\n<hr class=\"wp-block-separator\"\/>\n\n\n\n<p>Godina izdanja: 2023<\/p>\n\n\n\n<p>Broj stranica: 268<\/p>\n\n\n\n<hr class=\"wp-block-separator\"\/>\n\n\n\n<p><strong>Pro\u010ditaj po\u010detak knjige:<\/strong><\/p>\n\n\n\n<p><a href=\"https:\/\/disput.hr\/shop\/ako-je-ponoc-u-stoljecu\/\">https:\/\/disput.hr\/shop\/ako-je-ponoc-u-stoljecu\/<\/a><\/p>\n\n\n\n<hr class=\"wp-block-separator\"\/>\n\n\n\n<p>Obavijest je objavljena i na portalu <strong>Historiografija.ba<\/strong>:<\/p>\n\n\n\n<p><a href=\"https:\/\/historiografija.ba\/article.php?id=1866\">https:\/\/historiografija.ba\/article.php?id=1866<\/a><\/p>\n\n\n\n<hr class=\"wp-block-separator\"\/>\n\n\n\n<p><strong>Dodatne informacije:<\/strong><\/p>\n\n\n\n<figure class=\"wp-block-embed is-type-link\"><div class=\"wp-block-embed__wrapper\">\n<a href=\"https:\/\/www.nyrb.com\/collections\/victor-serge\">Victor Serge<\/a>\n<\/div><\/figure>\n\n\n\n<hr class=\"wp-block-separator\"\/>\n\n\n\n<figure class=\"wp-block-embed-wordpress wp-block-embed is-type-wp-embed is-provider-historiografija-hr\"><div class=\"wp-block-embed__wrapper\">\n<blockquote class=\"wp-embedded-content\" data-secret=\"GNMY2dCDlr\"><a href=\"https:\/\/historiografija.hr\/?p=6205\">Preporuka nakladnicima: Victor Serge, &#8220;Memoirs of a Revolutionary&#8221;<\/a><\/blockquote><iframe loading=\"lazy\" class=\"wp-embedded-content\" sandbox=\"allow-scripts\" security=\"restricted\" style=\"position: absolute; clip: rect(1px, 1px, 1px, 1px);\" title=\"&#8220;Preporuka nakladnicima: Victor Serge, &#8220;Memoirs of a Revolutionary&#8221;&#8221; &#8212; Historiografija.hr\" src=\"https:\/\/historiografija.hr\/?p=6205&#038;embed=true#?secret=GNMY2dCDlr\" data-secret=\"GNMY2dCDlr\" width=\"600\" height=\"338\" frameborder=\"0\" marginwidth=\"0\" marginheight=\"0\" scrolling=\"no\"><\/iframe>\n<\/div><\/figure>\n\n\n\n<hr class=\"wp-block-separator\"\/>\n\n\n\n<p><strong>Osvrti na knjigu:<\/strong><\/p>\n\n\n\n<figure class=\"wp-block-embed-wordpress wp-block-embed is-type-wp-embed is-provider-novi-list\"><div class=\"wp-block-embed__wrapper\">\n<blockquote class=\"wp-embedded-content\" data-secret=\"Sl1moQNDE3\"><a href=\"https:\/\/www.novilist.hr\/ostalo\/kultura\/knjizevnost\/ako-je-ponoc-u-stoljecu-victora-sergea-revolucije-na-kraju-uvijek-pojedu-i-svoju-djecu\/\">&#8220;Ako je pono\u0107 u stolje\u0107u&#8221; Victora Sergea: Revolucije na kraju uvijek (po)jedu i svoju djecu<\/a><\/blockquote><iframe loading=\"lazy\" class=\"wp-embedded-content\" sandbox=\"allow-scripts\" security=\"restricted\" style=\"position: absolute; clip: rect(1px, 1px, 1px, 1px);\" title=\"&#8220;&#8220;Ako je pono\u0107 u stolje\u0107u&#8221; Victora Sergea: Revolucije na kraju uvijek (po)jedu i svoju djecu&#8221; &#8212; Novi list\" src=\"https:\/\/www.novilist.hr\/ostalo\/kultura\/knjizevnost\/ako-je-ponoc-u-stoljecu-victora-sergea-revolucije-na-kraju-uvijek-pojedu-i-svoju-djecu\/embed\/#?secret=FlfrzOTlfM#?secret=Sl1moQNDE3\" data-secret=\"Sl1moQNDE3\" width=\"600\" height=\"338\" frameborder=\"0\" marginwidth=\"0\" marginheight=\"0\" scrolling=\"no\"><\/iframe>\n<\/div><\/figure>\n\n\n\n<p><a href=\"https:\/\/www.telegram.hr\/kultura\/tko-je-bio-victor-serge-orwellov-prijatelj-i-anarhist-gulio-je-po-zatvorima-da-bi-prvi-roman-napisao-na-pragu-cetrdesetih\/\">https:\/\/www.telegram.hr\/kultura\/tko-je-bio-victor-serge-orwellov-prijatelj-i-anarhist-gulio-je-po-zatvorima-da-bi-prvi-roman-napisao-na-pragu-cetrdesetih\/<\/a><\/p>\n\n\n\n<figure class=\"wp-block-embed-wordpress wp-block-embed is-type-wp-embed is-provider-autograf-hr\"><div class=\"wp-block-embed__wrapper\">\n<blockquote class=\"wp-embedded-content\" data-secret=\"RV4FQYLCOH\"><a href=\"https:\/\/www.autograf.hr\/victor-serge-literarni-heroj-20-stoljeca\/\">Victor Serge, literarni heroj 20. stolje\u0107a<\/a><\/blockquote><iframe loading=\"lazy\" class=\"wp-embedded-content\" sandbox=\"allow-scripts\" security=\"restricted\" style=\"position: absolute; clip: rect(1px, 1px, 1px, 1px);\" title=\"&#8220;Victor Serge, literarni heroj 20. stolje\u0107a&#8221; &#8212; autograf.hr\" src=\"https:\/\/www.autograf.hr\/victor-serge-literarni-heroj-20-stoljeca\/embed\/#?secret=RV4FQYLCOH\" data-secret=\"RV4FQYLCOH\" width=\"600\" height=\"338\" frameborder=\"0\" marginwidth=\"0\" marginheight=\"0\" scrolling=\"no\"><\/iframe>\n<\/div><\/figure>\n\n\n\n<p><a href=\"http:\/\/www.prometej.ba\/clanak\/kultura\/ljudi-i-knjige\/victor-serge-ako-je-ponoc-u-stoljecu-5915\">http:\/\/www.prometej.ba\/clanak\/kultura\/ljudi-i-knjige\/victor-serge-ako-je-ponoc-u-stoljecu-5915<\/a><\/p>\n\n\n\n<p><a href=\"https:\/\/hrcak.srce.hr\/clanak\/462324\">https:\/\/hrcak.srce.hr\/clanak\/462324<\/a><\/p>\n\n\n\n<hr class=\"wp-block-separator\"\/>\n\n\n\n<p><\/p>\n","protected":false},"excerpt":{"rendered":"","protected":false},"author":2,"featured_media":36898,"comment_status":"open","ping_status":"open","sticky":false,"template":"","format":"standard","meta":{"_acf_changed":false,"jetpack_post_was_ever_published":false,"_jetpack_newsletter_access":"","_jetpack_dont_email_post_to_subs":false,"_jetpack_newsletter_tier_id":0,"_jetpack_memberships_contains_paywalled_content":false,"_jetpack_memberships_contains_paid_content":false,"footnotes":"","jetpack_publicize_message":"","jetpack_publicize_feature_enabled":true,"jetpack_social_post_already_shared":true,"jetpack_social_options":{"image_generator_settings":{"template":"highway","default_image_id":0,"font":"","enabled":false},"version":2}},"categories":[3,12],"tags":[],"class_list":["post-36897","post","type-post","status-publish","format-standard","has-post-thumbnail","hentry","category-novosti","category-knjizevnost"],"acf":{"facebook_opis":""},"jetpack_publicize_connections":[],"jetpack_featured_media_url":"https:\/\/i0.wp.com\/historiografija.hr\/wp-content\/uploads\/2023\/08\/Ako-je-ponoc-u-stoljecu.jpg?fit=1615%2C2560&ssl=1","jetpack_sharing_enabled":true,"jetpack-related-posts":[],"_links":{"self":[{"href":"https:\/\/historiografija.hr\/index.php?rest_route=\/wp\/v2\/posts\/36897","targetHints":{"allow":["GET"]}}],"collection":[{"href":"https:\/\/historiografija.hr\/index.php?rest_route=\/wp\/v2\/posts"}],"about":[{"href":"https:\/\/historiografija.hr\/index.php?rest_route=\/wp\/v2\/types\/post"}],"author":[{"embeddable":true,"href":"https:\/\/historiografija.hr\/index.php?rest_route=\/wp\/v2\/users\/2"}],"replies":[{"embeddable":true,"href":"https:\/\/historiografija.hr\/index.php?rest_route=%2Fwp%2Fv2%2Fcomments&post=36897"}],"version-history":[{"count":14,"href":"https:\/\/historiografija.hr\/index.php?rest_route=\/wp\/v2\/posts\/36897\/revisions"}],"predecessor-version":[{"id":41826,"href":"https:\/\/historiografija.hr\/index.php?rest_route=\/wp\/v2\/posts\/36897\/revisions\/41826"}],"wp:featuredmedia":[{"embeddable":true,"href":"https:\/\/historiografija.hr\/index.php?rest_route=\/wp\/v2\/media\/36898"}],"wp:attachment":[{"href":"https:\/\/historiografija.hr\/index.php?rest_route=%2Fwp%2Fv2%2Fmedia&parent=36897"}],"wp:term":[{"taxonomy":"category","embeddable":true,"href":"https:\/\/historiografija.hr\/index.php?rest_route=%2Fwp%2Fv2%2Fcategories&post=36897"},{"taxonomy":"post_tag","embeddable":true,"href":"https:\/\/historiografija.hr\/index.php?rest_route=%2Fwp%2Fv2%2Ftags&post=36897"}],"curies":[{"name":"wp","href":"https:\/\/api.w.org\/{rel}","templated":true}]}}