{"id":36887,"date":"2023-08-24T21:51:00","date_gmt":"2023-08-24T21:51:00","guid":{"rendered":"http:\/\/historiografija.hr\/?p=36887"},"modified":"2023-08-24T22:01:43","modified_gmt":"2023-08-24T22:01:43","slug":"izlozba-rudolf-gerhart-bunk-djela-iz-fundusa-galerije-umjetnina","status":"publish","type":"post","link":"https:\/\/historiografija.hr\/?p=36887","title":{"rendered":"Izlo\u017eba \u201eRudolf Gerhart Bunk: Djela iz fundusa Galerije umjetnina\u201c"},"content":{"rendered":"\n<p><strong>Galerija umjetnina Split<\/strong><\/p>\n\n\n\n<p><strong>11.07. \u2013 27.08.2023.<\/strong><\/p>\n\n\n\n<p><strong>Kustosica: Marija Stipi\u0161i\u0107 Vukovi\u0107<\/strong><\/p>\n\n\n\n<hr class=\"wp-block-separator\"\/>\n\n\n\n<p>Izlo\u017eba <em>Rudolf Gerhart Bunk: Djela iz fundusa Galerije umjetnina<\/em> donosi nam radove njema\u010dkog umjetnika formiranog u duhu i pod utjecajem ekspresionizma, u vremenu kad je njema\u010dka umjetnost dala znatan doprinos avangardnoj umjetnosti 20. stolje\u0107a. Bez pretenzija cjelovitog pregleda, izlo\u017eba na malom uzorku radova prezentira stvarala\u0161tvo umjetnika u periodu od 1938. do 1958. godine, odnosno razdoblje od dvadeset godina umjetnikova rada u kojima je postigao svoje stvarala\u010dke vrhunce, \u017eive\u0107i i djeluju\u0107i u Splitu.<\/p>\n\n\n\n<p>Rudolf Gerhart Bunk pojavio se na hrvatskoj umjetni\u010dkoj sceni potkraj tridesetih godina i profesionalno aktivirao \u010detrdesetih, u jedno burno vrijeme kad se u hrvatskom slikarstvu mije\u0161a, smjenjuje i zajedni\u010dki opstaje mno\u0161tvo razli\u010ditih stilova s karakteristikama i tradicionalizma i avangarde \u2013 od secesije, sezanizma i neoklasicizma, do kubizma i postkubizma, konstruktivizma i ekspresionisti\u010dkog kolorizma, te od figuracije, do apstraktno-ekspresionisti\u010dkih i apstraktno-geometrijskih tendencija. Neki od najistaknutijih umjetnika, brane\u0107i zajedni\u010dke estetske principe i umjetni\u010dke stavove, skupa istupaju u javnosti \u2013 kao Grupa trojice (Ljubo Babi\u0107, Vladimir Beci\u0107 i Jerolim Mi\u0161e), Grupa \u010detvorice (umjetnici pristigli s pra\u0161ke akademije: Milivoj Uzelac, Marijan Trep\u0161e, Vilko Gecan i Vladimir Varlaj), te grupa \u201eZemlja\u201c (Krsto Hegedu\u0161i\u0107, Leo Junek, Oton Postru\u017enik, Ivan Tabakovi\u0107). U takvoj konstelaciji, u tim na\u0161im likovno bu\u010dnim desetlje\u0107ima, Bunk se sjajno snalazio, ostaju\u0107i uvijek dovoljno tvrdoglav u nastojanju da o\u010duva svoj likovni senzibilitet.<\/p>\n\n\n\n<hr class=\"wp-block-separator\"\/>\n\n\n\n<p>Izvor:<\/p>\n\n\n\n<p><a href=\"https:\/\/www.galum.hr\/izlozbe\/izlozba\/1775\/\">https:\/\/www.galum.hr\/izlozbe\/izlozba\/1775\/<\/a><\/p>\n\n\n\n<hr class=\"wp-block-separator\"\/>\n\n\n\n<p><strong>Dodatne obavijesti:<\/strong><\/p>\n\n\n\n<figure class=\"wp-block-embed-wordpress wp-block-embed is-type-wp-embed is-provider-historiografija-hr\"><div class=\"wp-block-embed__wrapper\">\n<blockquote class=\"wp-embedded-content\" data-secret=\"DNo43apowW\"><a href=\"https:\/\/historiografija.hr\/?p=31303\">Predstavljanje knjige Bojane Denegri \u201cSVJETLO JUGA. Slikar Rudolf Bunk izme\u0111u Njema\u010dke i Jugoslavije\u201d<\/a><\/blockquote><iframe loading=\"lazy\" class=\"wp-embedded-content\" sandbox=\"allow-scripts\" security=\"restricted\" style=\"position: absolute; clip: rect(1px, 1px, 1px, 1px);\" title=\"&#8220;Predstavljanje knjige Bojane Denegri \u201cSVJETLO JUGA. Slikar Rudolf Bunk izme\u0111u Njema\u010dke i Jugoslavije\u201d&#8221; &#8212; Historiografija.hr\" src=\"https:\/\/historiografija.hr\/?p=31303&#038;embed=true#?secret=DNo43apowW\" data-secret=\"DNo43apowW\" width=\"600\" height=\"338\" frameborder=\"0\" marginwidth=\"0\" marginheight=\"0\" scrolling=\"no\"><\/iframe>\n<\/div><\/figure>\n\n\n\n<hr class=\"wp-block-separator\"\/>\n\n\n\n<figure class=\"wp-block-embed-wordpress wp-block-embed is-type-wp-embed is-provider-historiografija-hr\"><div class=\"wp-block-embed__wrapper\">\n<blockquote class=\"wp-embedded-content\" data-secret=\"WQCnGQN6tj\"><a href=\"https:\/\/historiografija.hr\/?p=30325\">Bojana Denegri, &#8220;SVJETLO JUGA. Slikar Rudolf Bunk izme\u0111u Njema\u010dke i Jugoslavije&#8221;<\/a><\/blockquote><iframe loading=\"lazy\" class=\"wp-embedded-content\" sandbox=\"allow-scripts\" security=\"restricted\" style=\"position: absolute; clip: rect(1px, 1px, 1px, 1px);\" title=\"&#8220;Bojana Denegri, &#8220;SVJETLO JUGA. Slikar Rudolf Bunk izme\u0111u Njema\u010dke i Jugoslavije&#8221;&#8221; &#8212; Historiografija.hr\" src=\"https:\/\/historiografija.hr\/?p=30325&#038;embed=true#?secret=WQCnGQN6tj\" data-secret=\"WQCnGQN6tj\" width=\"600\" height=\"338\" frameborder=\"0\" marginwidth=\"0\" marginheight=\"0\" scrolling=\"no\"><\/iframe>\n<\/div><\/figure>\n\n\n\n<hr class=\"wp-block-separator\"\/>\n","protected":false},"excerpt":{"rendered":"","protected":false},"author":2,"featured_media":36888,"comment_status":"open","ping_status":"open","sticky":false,"template":"","format":"standard","meta":{"_acf_changed":false,"jetpack_post_was_ever_published":false,"_jetpack_newsletter_access":"","_jetpack_dont_email_post_to_subs":false,"_jetpack_newsletter_tier_id":0,"_jetpack_memberships_contains_paywalled_content":false,"_jetpack_memberships_contains_paid_content":false,"footnotes":"","jetpack_publicize_message":"","jetpack_publicize_feature_enabled":true,"jetpack_social_post_already_shared":true,"jetpack_social_options":{"image_generator_settings":{"template":"highway","default_image_id":0,"font":"","enabled":false},"version":2}},"categories":[10,3],"tags":[],"class_list":["post-36887","post","type-post","status-publish","format-standard","has-post-thumbnail","hentry","category-izlozbe","category-novosti"],"acf":{"facebook_opis":""},"jetpack_publicize_connections":[],"jetpack_featured_media_url":"https:\/\/i0.wp.com\/historiografija.hr\/wp-content\/uploads\/2023\/08\/rudolf_gerhard_bunk_autoportret.jpg?fit=410%2C548&ssl=1","jetpack_sharing_enabled":true,"jetpack-related-posts":[],"_links":{"self":[{"href":"https:\/\/historiografija.hr\/index.php?rest_route=\/wp\/v2\/posts\/36887","targetHints":{"allow":["GET"]}}],"collection":[{"href":"https:\/\/historiografija.hr\/index.php?rest_route=\/wp\/v2\/posts"}],"about":[{"href":"https:\/\/historiografija.hr\/index.php?rest_route=\/wp\/v2\/types\/post"}],"author":[{"embeddable":true,"href":"https:\/\/historiografija.hr\/index.php?rest_route=\/wp\/v2\/users\/2"}],"replies":[{"embeddable":true,"href":"https:\/\/historiografija.hr\/index.php?rest_route=%2Fwp%2Fv2%2Fcomments&post=36887"}],"version-history":[{"count":3,"href":"https:\/\/historiografija.hr\/index.php?rest_route=\/wp\/v2\/posts\/36887\/revisions"}],"predecessor-version":[{"id":36891,"href":"https:\/\/historiografija.hr\/index.php?rest_route=\/wp\/v2\/posts\/36887\/revisions\/36891"}],"wp:featuredmedia":[{"embeddable":true,"href":"https:\/\/historiografija.hr\/index.php?rest_route=\/wp\/v2\/media\/36888"}],"wp:attachment":[{"href":"https:\/\/historiografija.hr\/index.php?rest_route=%2Fwp%2Fv2%2Fmedia&parent=36887"}],"wp:term":[{"taxonomy":"category","embeddable":true,"href":"https:\/\/historiografija.hr\/index.php?rest_route=%2Fwp%2Fv2%2Fcategories&post=36887"},{"taxonomy":"post_tag","embeddable":true,"href":"https:\/\/historiografija.hr\/index.php?rest_route=%2Fwp%2Fv2%2Ftags&post=36887"}],"curies":[{"name":"wp","href":"https:\/\/api.w.org\/{rel}","templated":true}]}}