{"id":36884,"date":"2023-08-24T21:46:05","date_gmt":"2023-08-24T21:46:05","guid":{"rendered":"http:\/\/historiografija.hr\/?p=36884"},"modified":"2023-08-24T21:46:05","modified_gmt":"2023-08-24T21:46:05","slug":"izlozba-homo-ex-humo-anticke-nekropole-grada-hvara","status":"publish","type":"post","link":"https:\/\/historiografija.hr\/?p=36884","title":{"rendered":"Izlo\u017eba \u201eHomo Ex Humo \u2013 Anti\u010dke nekropole grada Hvara\u201c"},"content":{"rendered":"\n<p>Vi\u0161egodi\u0161nja arheolo\u0161ka istra\u017eivanja na podru\u010dju grada Hvara dovela su do velikog broja nalaza iz razdoblja antike \u010diji je dio prvi put predstavljen izlo\u017ebom pod nazivom \u201eHomo Ex Humo &#8211; Anti\u010dke nekropole grada Hvara\u201c, odr\u017eanom u Hvaru tijekom ljeta 2022. godine. Izlo\u017eba je otvorena 23. kolovoza 2023. godine u Hrvatskom pomorskom muzeju Split.<\/p>\n\n\n\n<p>Iako postoje zapisi o ranijim pronalascima grobova na periferiji i u centru grada, na ovoj izlo\u017ebi predstavljen je materijal sa stru\u010dno izvedenih arheolo\u0161kih istra\u017eivanja u posljednjih 20 godina. Prou\u010davanjem dugogodi\u0161njih istra\u017eivanja i ranijih sporadi\u010dnih zapisa o nalazima sada mo\u017eemo dobiti dosta jasnu sliku o ukopima anti\u010dkih stanovnika s podru\u010dja dana\u0161njeg grada Hvara. U trinaest vitrina izlo\u017eeni su materijalni ostaci sa lokaliteta vrt Rado\u0161evi\u0107 koji uklju\u010duju kerami\u010dke i staklene vr\u010deve, bron\u010dani novac, ko\u0161tane predmete, \u010ditave kerami\u010dke uljanice, kerami\u010dke tanjure i \u010da\u0161e te ostali sitni uporabni predmeti. Uz vitrine izlo\u017eeno je 8 rekonstruiranih amfora te jedan rekonstruirani grob pod tegulama. Na samostoje\u0107im panoima veli\u010dine 200 x 100 cm opisani su svi lokaliteti, grobovi i nalazi, a na velikoj infografici 400 x 300 cm prikazana je karta s ucrtanim anti\u010dkim lokalitetima te tekstovi o samim istra\u017eivanjima. Svi materijali su dvojezi\u010dni, hrvatski i engleski. Na projektoru se prikazuje nekoliko 3D modela grobova, a na posebnom ekranu prikazana je facijalna rekonstrukcija dvije osobe prona\u0111ene u Grobu 12 s lokaliteta Vrt Rado\u0161evi\u0107.<\/p>\n\n\n\n<p>Autor izlo\u017ebe je Eduard Viskovi\u0107 iz tvrtke Kantharos d.o.o.<\/p>\n\n\n\n<p>Izlo\u017eba je organizirana uz financijsku podr\u0161ku Ministarstva kulture i medija Republike Hrvatske, Grada Hvara, Grada Splita, Turisti\u010dke zajednice grada Hvara i \u017dupanije Splitsko \u2013 dalmatinske.<\/p>\n\n\n\n<p>Izlo\u017eba ostaje otvorena do 26. studenoga 2023. godine.<\/p>\n\n\n\n<hr class=\"wp-block-separator\"\/>\n\n\n\n<p>Dodatne obavijesti:<\/p>\n\n\n\n<p><a href=\"https:\/\/www.facebook.com\/HrvatskiPomorskiMuzejSplit\">https:\/\/www.facebook.com\/HrvatskiPomorskiMuzejSplit<\/a><\/p>\n\n\n\n<hr class=\"wp-block-separator\"\/>\n","protected":false},"excerpt":{"rendered":"","protected":false},"author":2,"featured_media":36885,"comment_status":"open","ping_status":"open","sticky":false,"template":"","format":"standard","meta":{"_acf_changed":false,"jetpack_post_was_ever_published":false,"_jetpack_newsletter_access":"","_jetpack_dont_email_post_to_subs":false,"_jetpack_newsletter_tier_id":0,"_jetpack_memberships_contains_paywalled_content":false,"_jetpack_memberships_contains_paid_content":false,"footnotes":"","jetpack_publicize_message":"","jetpack_publicize_feature_enabled":true,"jetpack_social_post_already_shared":true,"jetpack_social_options":{"image_generator_settings":{"template":"highway","default_image_id":0,"font":"","enabled":false},"version":2}},"categories":[10,3],"tags":[],"class_list":["post-36884","post","type-post","status-publish","format-standard","has-post-thumbnail","hentry","category-izlozbe","category-novosti"],"acf":{"facebook_opis":""},"jetpack_publicize_connections":[],"jetpack_featured_media_url":"https:\/\/i0.wp.com\/historiografija.hr\/wp-content\/uploads\/2023\/08\/2023-plakat-scaled.jpg?fit=1792%2C2560&ssl=1","jetpack_sharing_enabled":true,"jetpack-related-posts":[],"_links":{"self":[{"href":"https:\/\/historiografija.hr\/index.php?rest_route=\/wp\/v2\/posts\/36884","targetHints":{"allow":["GET"]}}],"collection":[{"href":"https:\/\/historiografija.hr\/index.php?rest_route=\/wp\/v2\/posts"}],"about":[{"href":"https:\/\/historiografija.hr\/index.php?rest_route=\/wp\/v2\/types\/post"}],"author":[{"embeddable":true,"href":"https:\/\/historiografija.hr\/index.php?rest_route=\/wp\/v2\/users\/2"}],"replies":[{"embeddable":true,"href":"https:\/\/historiografija.hr\/index.php?rest_route=%2Fwp%2Fv2%2Fcomments&post=36884"}],"version-history":[{"count":1,"href":"https:\/\/historiografija.hr\/index.php?rest_route=\/wp\/v2\/posts\/36884\/revisions"}],"predecessor-version":[{"id":36886,"href":"https:\/\/historiografija.hr\/index.php?rest_route=\/wp\/v2\/posts\/36884\/revisions\/36886"}],"wp:featuredmedia":[{"embeddable":true,"href":"https:\/\/historiografija.hr\/index.php?rest_route=\/wp\/v2\/media\/36885"}],"wp:attachment":[{"href":"https:\/\/historiografija.hr\/index.php?rest_route=%2Fwp%2Fv2%2Fmedia&parent=36884"}],"wp:term":[{"taxonomy":"category","embeddable":true,"href":"https:\/\/historiografija.hr\/index.php?rest_route=%2Fwp%2Fv2%2Fcategories&post=36884"},{"taxonomy":"post_tag","embeddable":true,"href":"https:\/\/historiografija.hr\/index.php?rest_route=%2Fwp%2Fv2%2Ftags&post=36884"}],"curies":[{"name":"wp","href":"https:\/\/api.w.org\/{rel}","templated":true}]}}