{"id":36867,"date":"2023-08-23T21:38:35","date_gmt":"2023-08-23T21:38:35","guid":{"rendered":"http:\/\/historiografija.hr\/?p=36867"},"modified":"2023-08-23T21:39:24","modified_gmt":"2023-08-23T21:39:24","slug":"aleksandar-zograf-price-iz-drugog-rata","status":"publish","type":"post","link":"https:\/\/historiografija.hr\/?p=36867","title":{"rendered":"Aleksandar Zograf, \u201ePri\u010de iz Drugog rata\u201c"},"content":{"rendered":"\n<p><strong>Aleksandar Zograf: Pri\u010de iz Drugog rata<\/strong> \u2013 je zbirka 30 stripova \u010duvenog strip autora koja iz specifi\u010dnih perspektiva osvetljava zbivanja tokom Drugog svetskog rata u Srbiji, ali i \u0161irom sveta: od Banata i Bavarske, preko Bora i Minhena, do Rima i San Franciska. Kao i mnogo puta do sada, Zograf je svoje pri\u010dao otkrivao iz privatnih bele\u017enica, pisama i razglednica koje je nalazio kod prodavca na buvljim pijacama, prave\u0107i zatim od tog materijala nezaboravna strip dela.<\/p>\n\n\n\n<p>Ovu zbirku <strong>stripa<\/strong> Aleksandar Zograf: Pri\u010de iz Drugog rata otvara verovatno najpotresniji strip \u2013<strong> \u201cPisma Hilde Daj\u010d\u201d<\/strong> o sudbini 20-godi\u0161nje jevrejske studentkinje arhitekture i bolni\u010dke volonterke, koja je 1942. stradala u kamionu du\u0161egupki na putu iz <strong>logora Sajmi\u0161te ka masovnoj grobnici u Jajincima<\/strong>. Najpoznatiji istorijski doga\u0111aj pro\u0161log veka dugo je ve\u0107 jedna od centralnih tema u Zografovom opusu, sagledan kroz \u017eivote i iskustva pojedinaca koje zvani\u010dna istoriografija nije prime\u0107ivala.<\/p>\n\n\n\n<p>Nagla\u0161avaju\u0107i kako \u201ccrta \u010doveka koji se suprotstavlja\u201d, on ka\u017ee da da se Drugim svetskim ratom bavi jer (i dalje) <strong>\u017eivimo u dru\u0161tvu koje neprestano zaboravlja ili izvr\u0107e svoju pro\u0161lost<\/strong>.<\/p>\n\n\n\n<p>Pored stripova, u knjizi se nalaze i dva posebna teksta. U uvodnom Zograf poja\u0161njava svoje motive i autorsku poziciju, dok u eseju \u201cMala porodi\u010dna istorija\u201d rekonstrui\u0161e va\u017ene i vi\u0161e nego neobi\u010dne doga\u0111aje iz \u017eivota \u010dlanova svoje porodice tokom ratnih godina, isti\u010du\u0107i to kao li\u010dni razlog koji ga dodatno podsti\u010de da se uporno vra\u0107a ovoj temi.<\/p>\n\n\n\n<hr class=\"wp-block-separator\"\/>\n\n\n\n<p>Izvor:<\/p>\n\n\n\n<figure class=\"wp-block-embed-wordpress wp-block-embed is-type-wp-embed is-provider-rockmark\"><div class=\"wp-block-embed__wrapper\">\n<blockquote class=\"wp-embedded-content\" data-secret=\"dZjdI4Whky\"><a href=\"https:\/\/www.rockmark.hr\/trgovina\/aleksandar-zograf-price-iz-drugog-rata\/\">Aleksandar Zograf: Pri\u010de iz Drugog Rata<\/a><\/blockquote><iframe loading=\"lazy\" class=\"wp-embedded-content\" sandbox=\"allow-scripts\" security=\"restricted\" style=\"position: absolute; clip: rect(1px, 1px, 1px, 1px);\" title=\"&#8220;Aleksandar Zograf: Pri\u010de iz Drugog Rata&#8221; &#8212; Rockmark\" src=\"https:\/\/www.rockmark.hr\/trgovina\/aleksandar-zograf-price-iz-drugog-rata\/embed\/#?secret=QhuY6uuVg2#?secret=dZjdI4Whky\" data-secret=\"dZjdI4Whky\" width=\"600\" height=\"338\" frameborder=\"0\" marginwidth=\"0\" marginheight=\"0\" scrolling=\"no\"><\/iframe>\n<\/div><\/figure>\n\n\n\n<hr class=\"wp-block-separator\"\/>\n\n\n\n<p>Dodatne obavijesti:<\/p>\n\n\n\n<p><a href=\"https:\/\/www.jutarnji.hr\/kultura\/art\/nakon-biltena-iz-srbije-izdao-je-strip-o-drugom-svjetskom-ratu-pise-o-djedu-vlasniku-gostione-koji-je-bio-i-na-golom-otoku-15312897\">https:\/\/www.jutarnji.hr\/kultura\/art\/nakon-biltena-iz-srbije-izdao-je-strip-o-drugom-svjetskom-ratu-pise-o-djedu-vlasniku-gostione-koji-je-bio-i-na-golom-otoku-15312897<\/a><\/p>\n\n\n\n<figure class=\"wp-block-embed-wordpress wp-block-embed is-type-wp-embed is-provider-nacional-hr\"><div class=\"wp-block-embed__wrapper\">\n<blockquote class=\"wp-embedded-content\" data-secret=\"610A67A9Am\"><a href=\"https:\/\/www.nacional.hr\/sasa-rakezic-umjetnost-ne-treba-biti-po-zadatku-vec-izraz-osobnog-videnja\/\">SA\u0160A RAKEZI\u0106: &#8216;Umjetnost ne treba biti &#8216;po zadatku&#8217;, ve\u0107 izraz osobnog vi\u0111enja&#8217;<\/a><\/blockquote><iframe loading=\"lazy\" class=\"wp-embedded-content\" sandbox=\"allow-scripts\" security=\"restricted\" style=\"position: absolute; clip: rect(1px, 1px, 1px, 1px);\" title=\"&#8220;SA\u0160A RAKEZI\u0106: &#8216;Umjetnost ne treba biti &#8216;po zadatku&#8217;, ve\u0107 izraz osobnog vi\u0111enja&#8217;&#8221; &#8212; NACIONAL.HR\" src=\"https:\/\/www.nacional.hr\/sasa-rakezic-umjetnost-ne-treba-biti-po-zadatku-vec-izraz-osobnog-videnja\/embed\/#?secret=610A67A9Am\" data-secret=\"610A67A9Am\" width=\"600\" height=\"338\" frameborder=\"0\" marginwidth=\"0\" marginheight=\"0\" scrolling=\"no\"><\/iframe>\n<\/div><\/figure>\n\n\n\n<p><a href=\"https:\/\/www.portalnovosti.com\/aleksandar-zograf-price-su-svuda-samo-ih-treba-nekako-naloviti\">https:\/\/www.portalnovosti.com\/aleksandar-zograf-price-su-svuda-samo-ih-treba-nekako-naloviti<\/a><\/p>\n\n\n\n<figure class=\"wp-block-embed-wordpress wp-block-embed is-type-wp-embed is-provider-nova-portal\"><div class=\"wp-block-embed__wrapper\">\n<blockquote class=\"wp-embedded-content\" data-secret=\"gYxcuXCWrf\"><a href=\"https:\/\/nova.rs\/kultura\/potresne-price-o-drugom-svetskom-ratu-kroz-strip-performans-aleksandra-zografa\/\">Potresne pri\u010de o Drugom svetskom ratu kroz strip: Performans Aleksandra Zografa<\/a><\/blockquote><iframe loading=\"lazy\" class=\"wp-embedded-content\" sandbox=\"allow-scripts\" security=\"restricted\" style=\"position: absolute; clip: rect(1px, 1px, 1px, 1px);\" title=\"&#132;Potresne pri\u010de o Drugom svetskom ratu kroz strip: Performans Aleksandra Zografa&#147; &#8212; NOVA portal\" src=\"https:\/\/nova.rs\/kultura\/potresne-price-o-drugom-svetskom-ratu-kroz-strip-performans-aleksandra-zografa\/embed\/#?secret=nuhJ0qaryO#?secret=gYxcuXCWrf\" data-secret=\"gYxcuXCWrf\" width=\"600\" height=\"338\" frameborder=\"0\" marginwidth=\"0\" marginheight=\"0\" scrolling=\"no\"><\/iframe>\n<\/div><\/figure>\n\n\n\n<p><a href=\"https:\/\/www.bbc.com\/serbian\/lat\/srbija-61411563\">https:\/\/www.bbc.com\/serbian\/lat\/srbija-61411563<\/a><\/p>\n\n\n\n<hr class=\"wp-block-separator\"\/>\n","protected":false},"excerpt":{"rendered":"","protected":false},"author":2,"featured_media":36868,"comment_status":"open","ping_status":"open","sticky":false,"template":"","format":"standard","meta":{"_acf_changed":false,"jetpack_post_was_ever_published":false,"_jetpack_newsletter_access":"","_jetpack_dont_email_post_to_subs":false,"_jetpack_newsletter_tier_id":0,"_jetpack_memberships_contains_paywalled_content":false,"_jetpack_memberships_contains_paid_content":false,"footnotes":"","jetpack_publicize_message":"","jetpack_publicize_feature_enabled":true,"jetpack_social_post_already_shared":true,"jetpack_social_options":{"image_generator_settings":{"template":"highway","default_image_id":0,"font":"","enabled":false},"version":2}},"categories":[3,12],"tags":[],"class_list":["post-36867","post","type-post","status-publish","format-standard","has-post-thumbnail","hentry","category-novosti","category-knjizevnost"],"acf":{"facebook_opis":""},"jetpack_publicize_connections":[],"jetpack_featured_media_url":"https:\/\/i0.wp.com\/historiografija.hr\/wp-content\/uploads\/2023\/08\/Aleksandar-Zograf.jpg?fit=1000%2C1500&ssl=1","jetpack_sharing_enabled":true,"jetpack-related-posts":[],"_links":{"self":[{"href":"https:\/\/historiografija.hr\/index.php?rest_route=\/wp\/v2\/posts\/36867","targetHints":{"allow":["GET"]}}],"collection":[{"href":"https:\/\/historiografija.hr\/index.php?rest_route=\/wp\/v2\/posts"}],"about":[{"href":"https:\/\/historiografija.hr\/index.php?rest_route=\/wp\/v2\/types\/post"}],"author":[{"embeddable":true,"href":"https:\/\/historiografija.hr\/index.php?rest_route=\/wp\/v2\/users\/2"}],"replies":[{"embeddable":true,"href":"https:\/\/historiografija.hr\/index.php?rest_route=%2Fwp%2Fv2%2Fcomments&post=36867"}],"version-history":[{"count":2,"href":"https:\/\/historiografija.hr\/index.php?rest_route=\/wp\/v2\/posts\/36867\/revisions"}],"predecessor-version":[{"id":36870,"href":"https:\/\/historiografija.hr\/index.php?rest_route=\/wp\/v2\/posts\/36867\/revisions\/36870"}],"wp:featuredmedia":[{"embeddable":true,"href":"https:\/\/historiografija.hr\/index.php?rest_route=\/wp\/v2\/media\/36868"}],"wp:attachment":[{"href":"https:\/\/historiografija.hr\/index.php?rest_route=%2Fwp%2Fv2%2Fmedia&parent=36867"}],"wp:term":[{"taxonomy":"category","embeddable":true,"href":"https:\/\/historiografija.hr\/index.php?rest_route=%2Fwp%2Fv2%2Fcategories&post=36867"},{"taxonomy":"post_tag","embeddable":true,"href":"https:\/\/historiografija.hr\/index.php?rest_route=%2Fwp%2Fv2%2Ftags&post=36867"}],"curies":[{"name":"wp","href":"https:\/\/api.w.org\/{rel}","templated":true}]}}