{"id":36819,"date":"2023-08-18T15:02:59","date_gmt":"2023-08-18T15:02:59","guid":{"rendered":"http:\/\/historiografija.hr\/?p=36819"},"modified":"2023-08-18T15:02:59","modified_gmt":"2023-08-18T15:02:59","slug":"otvorena-izlozba-zene-u-promociji-turizma-hrvatske","status":"publish","type":"post","link":"https:\/\/historiografija.hr\/?p=36819","title":{"rendered":"Otvorena izlo\u017eba \u201e\u017dene u promociji turizma Hrvatske\u201c"},"content":{"rendered":"\n<p>U Nacionalnoj i sveu\u010dili\u0161noj knji\u017enici u Zagrebu u utorak 1. kolovoza sve\u010dano je otvorena izlo\u017eba <em>\u017dene u promociji turizma Hrvatske <\/em>autorice doc. dr. sc. Jasenke Kranj\u010devi\u0107 s Instituta za turizam.<\/p>\n\n\n\n<p><a href=\"https:\/\/iztzg.hr\/\">Institut za turizam<\/a> izlo\u017ebu je organizirao u suradnji s <a href=\"https:\/\/www.ief.hr\/\">Institutom za etnologiju i folkloristiku<\/a> i Nacionalnom i sveu\u010dili\u0161nom knji\u017enicom u Zagrebu.<\/p>\n\n\n\n<p>Izlo\u017eba predstavlja vizualno atraktivnu gra\u0111u \u2013 putopise, turisti\u010dke vodi\u010de, plakate, bro\u0161ure, razglednice i druge tiskane materijale koji prikazuju \u017eene iz razli\u010ditih dru\u0161tvenih slojeva, me\u0111u kojima i autoricu putopisa o Hrvatskoj Maude M. Holbach, planinarku i spisateljicu Dragojlu Jarnevi\u0107, \u017eenu zna\u010dajnog politi\u010dkog utjecaja Sofiju Jela\u010di\u0107, kuharice, sobarice, \u017eene u no\u0161njama i druge. Svjedo\u010di o zna\u010dajnoj ulozi \u017eena u promociji odmori\u0161nog, sportskog, zdravstvenog i poslovnog turizma kao i bogatoj hrvatskoj turisti\u010dkoj ba\u0161tini, a nastala je u sklopu istoimenog istra\u017eivanja Instituta za turizam.<\/p>\n\n\n\n<p>U ime Nacionalne i sveu\u010dili\u0161ne knji\u017enice u Zagrebu okupljene je pozdravila dr. sc. Dijana Machala, pomo\u0107nica glavne ravnateljice za djelatnost sredi\u0161nje knji\u017enice Sveu\u010dili\u0161ta u Zagrebu, istaknuv\u0161i je kako je ova gostuju\u0107a izlo\u017eba dio cjelogodi\u0161njeg slavlja postignu\u0107a \u017eena u kulturi i znanosti koje Knji\u017enica organizira pod nazivom<em> \u017dene u NSK<\/em> te je ponosna \u0161to je njezin doma\u0107in i suorganizator.<\/p>\n\n\n\n<p>Dr. sc. Sanda \u010corak, znanstvena savjetnica na Institutu za turizam, pozdravila je okupljene u ime ravnatelja Instituta doc. dr. sc. Damira Kre\u0161i\u0107a, a dr. sc. Iva Niem\u010di\u0107, ravnateljica Instituta za etnologiju i folkloristiku, istaknula je posebnu ulogu koju \u017eene imaju u bilje\u017eenju i preno\u0161enju povijesnih informacija, jer upravo su \u017eene naj\u010de\u0161\u0107i dokumentaristi pro\u017eivljenog.<\/p>\n\n\n\n<p>Doc. dr. sc. Jasenka Kranj\u010devi\u0107, znanstvena savjetnica na Institutu za turizam i autorica izlo\u017ebe, posebno se osvrnula na istra\u017eivanje uloge i vrednovanja polo\u017eaja \u017eena u promociji turizma tijekom njegova povijesnog razvoja, a koje se temelji na bogatoj donaciji gra\u0111e arhitekta Aleksandra Lasla kao i gra\u0111i knji\u017enice Instituta za turizam, Instituta za etnologiju i folkloristiku te brojnih drugih hrvatskih turisti\u010dkih i ba\u0161tinskih ustanova, me\u0111u kojima i Nacionalne i sveu\u010dili\u0161ne knji\u017enice u Zagrebu.<\/p>\n\n\n\n<p>Izlo\u017eba <em>\u017dene u promociji turizma Hrvatske<\/em> je dio slavlja postignu\u0107a \u017eena u kulturi i znanosti koje Nacionalna i sveu\u010dili\u0161na knji\u017enica u Zagrebu provodi u 2023. godini kako bi inspirirala i potaknula istra\u017eivanja te upotpunila pogled na hrvatsku povijest i ba\u0161tinu, u kojoj su \u017eene i njihovi doprinosi jo\u0161 uvijek nedovoljno prepoznati.<\/p>\n\n\n\n<p>Izlo\u017ebu mo\u017eete pogledati do 25. kolovoza 2023. godine.<\/p>\n\n\n\n<hr class=\"wp-block-separator\"\/>\n\n\n\n<p>Izvor i dodatne obavijesti:<\/p>\n\n\n\n<figure class=\"wp-block-embed-wordpress wp-block-embed is-type-wp-embed is-provider-wordpress\"><div class=\"wp-block-embed__wrapper\">\n<blockquote class=\"wp-embedded-content\" data-secret=\"hIfCUXmKhE\"><a href=\"https:\/\/www.nsk.hr\/otvorena-izlozba-zene-u-promociji-turizma-hrvatske\/\">Otvorena izlo\u017eba \u201e\u017dene u promociji turizma Hrvatske\u201c<\/a><\/blockquote><iframe loading=\"lazy\" class=\"wp-embedded-content\" sandbox=\"allow-scripts\" security=\"restricted\" style=\"position: absolute; clip: rect(1px, 1px, 1px, 1px);\" title=\"&#8220;Otvorena izlo\u017eba \u201e\u017dene u promociji turizma Hrvatske\u201c&#8221; &#8212; \" src=\"https:\/\/www.nsk.hr\/otvorena-izlozba-zene-u-promociji-turizma-hrvatske\/embed\/#?secret=2cCvFkEhch#?secret=hIfCUXmKhE\" data-secret=\"hIfCUXmKhE\" width=\"600\" height=\"338\" frameborder=\"0\" marginwidth=\"0\" marginheight=\"0\" scrolling=\"no\"><\/iframe>\n<\/div><\/figure>\n\n\n\n<p><a href=\"https:\/\/iztzg.hr\/hr\/novosti\/otvorena-izlozba-%e2%80%9ezene-u-promociji-turizma-hrvatske%e2%80%9c,3574.html\">https:\/\/iztzg.hr\/hr\/novosti\/otvorena-izlozba-%e2%80%9ezene-u-promociji-turizma-hrvatske%e2%80%9c,3574.html<\/a><\/p>\n\n\n\n<p><a href=\"https:\/\/www.facebook.com\/institutzaetnologijuifolkloristiku\/\">https:\/\/www.facebook.com\/institutzaetnologijuifolkloristiku\/<\/a><\/p>\n\n\n\n<hr class=\"wp-block-separator\"\/>\n","protected":false},"excerpt":{"rendered":"","protected":false},"author":2,"featured_media":36820,"comment_status":"open","ping_status":"open","sticky":false,"template":"","format":"standard","meta":{"_acf_changed":false,"jetpack_post_was_ever_published":false,"_jetpack_newsletter_access":"","_jetpack_dont_email_post_to_subs":false,"_jetpack_newsletter_tier_id":0,"_jetpack_memberships_contains_paywalled_content":false,"_jetpack_memberships_contains_paid_content":false,"footnotes":"","jetpack_publicize_message":"","jetpack_publicize_feature_enabled":true,"jetpack_social_post_already_shared":true,"jetpack_social_options":{"image_generator_settings":{"template":"highway","default_image_id":0,"font":"","enabled":false},"version":2}},"categories":[10,3],"tags":[],"class_list":["post-36819","post","type-post","status-publish","format-standard","has-post-thumbnail","hentry","category-izlozbe","category-novosti"],"acf":{"facebook_opis":""},"jetpack_publicize_connections":[],"jetpack_featured_media_url":"https:\/\/i0.wp.com\/historiografija.hr\/wp-content\/uploads\/2023\/08\/Tourism.jpg?fit=1200%2C380&ssl=1","jetpack_sharing_enabled":true,"jetpack-related-posts":[],"_links":{"self":[{"href":"https:\/\/historiografija.hr\/index.php?rest_route=\/wp\/v2\/posts\/36819","targetHints":{"allow":["GET"]}}],"collection":[{"href":"https:\/\/historiografija.hr\/index.php?rest_route=\/wp\/v2\/posts"}],"about":[{"href":"https:\/\/historiografija.hr\/index.php?rest_route=\/wp\/v2\/types\/post"}],"author":[{"embeddable":true,"href":"https:\/\/historiografija.hr\/index.php?rest_route=\/wp\/v2\/users\/2"}],"replies":[{"embeddable":true,"href":"https:\/\/historiografija.hr\/index.php?rest_route=%2Fwp%2Fv2%2Fcomments&post=36819"}],"version-history":[{"count":1,"href":"https:\/\/historiografija.hr\/index.php?rest_route=\/wp\/v2\/posts\/36819\/revisions"}],"predecessor-version":[{"id":36821,"href":"https:\/\/historiografija.hr\/index.php?rest_route=\/wp\/v2\/posts\/36819\/revisions\/36821"}],"wp:featuredmedia":[{"embeddable":true,"href":"https:\/\/historiografija.hr\/index.php?rest_route=\/wp\/v2\/media\/36820"}],"wp:attachment":[{"href":"https:\/\/historiografija.hr\/index.php?rest_route=%2Fwp%2Fv2%2Fmedia&parent=36819"}],"wp:term":[{"taxonomy":"category","embeddable":true,"href":"https:\/\/historiografija.hr\/index.php?rest_route=%2Fwp%2Fv2%2Fcategories&post=36819"},{"taxonomy":"post_tag","embeddable":true,"href":"https:\/\/historiografija.hr\/index.php?rest_route=%2Fwp%2Fv2%2Ftags&post=36819"}],"curies":[{"name":"wp","href":"https:\/\/api.w.org\/{rel}","templated":true}]}}