{"id":36814,"date":"2023-08-17T23:12:57","date_gmt":"2023-08-17T23:12:57","guid":{"rendered":"http:\/\/historiografija.hr\/?p=36814"},"modified":"2023-08-17T23:12:57","modified_gmt":"2023-08-17T23:12:57","slug":"andreas-kappeler-kleine-geschichte-der-ukraine","status":"publish","type":"post","link":"https:\/\/historiografija.hr\/?p=36814","title":{"rendered":"Andreas Kappeler, \u201eKleine Geschichte der Ukraine\u201c"},"content":{"rendered":"\n<p>Dieses Buch informiert \u00fcber die wichtigsten Ereignisse und Zusammenh\u00e4nge der ukrainischen Geschichte. Es setzt der vorherrschenden russozentrischen Perspektive eine ukrainische gegen\u00fcber und versucht gleichzeitig, ukrainische nationale Mythen kritisch zu \u00fcberpr\u00fcfen. Dabei wird nicht nur die Geschichte der Ukrainer vom Mittelalter bis zur Gegenwart dargestellt; auch die Geschichte der in der Ukraine lebenden Polen, Russen, Juden und Deutschen wird mir ber\u00fccksichtigt.<\/p>\n\n\n\n<hr class=\"wp-block-separator\"\/>\n\n\n\n<p>Das Buch wurde f\u00fcr die Neuauflage aktualisiert und bis in die unmittelbare Gegenwart fortgef\u00fchrt.<\/p>\n\n\n\n<p>Erschienen am 14. M\u00e4rz 2019<\/p>\n\n\n\n<p>8. Auflage, 2022<\/p>\n\n\n\n<p>431 S., mit 5 Karten<\/p>\n\n\n\n<p>C.H.Beck Paperback<\/p>\n\n\n\n<hr class=\"wp-block-separator\"\/>\n\n\n\n<p><strong>Inhalt<\/strong><\/p>\n\n\n\n<p>Einleitung<br><br>1. Ukraine und Ukrainer: Geographische und ethnische Gegebenheiten<br>2. Das Kiever Reich und der Streit um sein Erbe<br>3. Galizien\u2013Wolhynien\u2013Litauen\u2013Polen: Die Ukraine im 13. bis 16. Jahrhundert<br>4. Die Dnjepr-Kosaken und die Entstehung des Hetmanats<br>5. Die Ukraine um 1700<br>6. Die Integration in das Russische Reich im 18. Jahrhundert und die Teilungen Polens<br>7. Die Ukraine unter Zar und Kaiser und die Anf\u00e4nge der ukrainischen Nationalbewegungin der ersten H\u00e4lfte des 19. Jahrhunderts<br>8. Modernisierung und Nationalbewegung bis 1914<br>9. Die Ukraine vor dem Ersten Weltkrieg<br>10. Krieg, Revolution und gescheiterte Staatsbildung 1914 \u20131920<br>11. Die Ukrainische Sowjetrepublik: Nationsbildung in den zwanziger, Terror in den drei\u00dfiger Jahren<br>12. Die Ukrainer au\u00dferhalb der Sowjetunion zwischen den Weltkriegen<br>13. Die Ukraine zwischen Stalinismus und Nationalsozialismus im Zweiten Weltkrieg<br>14. Tauwetter und neuer Frost: Die Ukraine 1953\u20131985<br>15. Der Zusammenbruch der Sowjetunion und die Entstehung eines unabh\u00e4ngigen Staates<br>16. Die Ukraine in der politischen und wirtschaftlichen Transformation (1991\u20132004)<br>17. Die Orange Revolution und ihre Folgen<br>18. Der Euro-Majdan, die Einmischung Russlands und die Destabilisierung der Ukraine<br><br>Zeittafel<br>Glossar<br>Literaturverzeichnis<br>Personenregister<br><br>Karten:<br>Die Ukraine<br>Die Ukraine um 1700<br>Die Ukraine um 1900<br>Die Ukraine zwischen den Weltkriegen<br>Die Ukraine heute<\/p>\n\n\n\n<hr class=\"wp-block-separator\"\/>\n\n\n\n<p>Leseprobe:<\/p>\n\n\n\n<p><a href=\"https:\/\/www.chbeck.de\/kappeler-kleine-geschichte-ukraine\/product\/26724227\">https:\/\/www.chbeck.de\/kappeler-kleine-geschichte-ukraine\/product\/26724227<\/a><\/p>\n\n\n\n<hr class=\"wp-block-separator\"\/>\n","protected":false},"excerpt":{"rendered":"","protected":false},"author":2,"featured_media":36815,"comment_status":"open","ping_status":"open","sticky":false,"template":"","format":"standard","meta":{"_acf_changed":false,"jetpack_post_was_ever_published":false,"_jetpack_newsletter_access":"","_jetpack_dont_email_post_to_subs":false,"_jetpack_newsletter_tier_id":0,"_jetpack_memberships_contains_paywalled_content":false,"_jetpack_memberships_contains_paid_content":false,"footnotes":"","jetpack_publicize_message":"","jetpack_publicize_feature_enabled":true,"jetpack_social_post_already_shared":true,"jetpack_social_options":{"image_generator_settings":{"template":"highway","default_image_id":0,"font":"","enabled":false},"version":2}},"categories":[8,3],"tags":[],"class_list":["post-36814","post","type-post","status-publish","format-standard","has-post-thumbnail","hentry","category-knjige","category-novosti"],"acf":{"facebook_opis":""},"jetpack_publicize_connections":[],"jetpack_featured_media_url":"https:\/\/i0.wp.com\/historiografija.hr\/wp-content\/uploads\/2023\/08\/Kappeler.jpg?fit=604%2C945&ssl=1","jetpack_sharing_enabled":true,"jetpack-related-posts":[],"_links":{"self":[{"href":"https:\/\/historiografija.hr\/index.php?rest_route=\/wp\/v2\/posts\/36814","targetHints":{"allow":["GET"]}}],"collection":[{"href":"https:\/\/historiografija.hr\/index.php?rest_route=\/wp\/v2\/posts"}],"about":[{"href":"https:\/\/historiografija.hr\/index.php?rest_route=\/wp\/v2\/types\/post"}],"author":[{"embeddable":true,"href":"https:\/\/historiografija.hr\/index.php?rest_route=\/wp\/v2\/users\/2"}],"replies":[{"embeddable":true,"href":"https:\/\/historiografija.hr\/index.php?rest_route=%2Fwp%2Fv2%2Fcomments&post=36814"}],"version-history":[{"count":1,"href":"https:\/\/historiografija.hr\/index.php?rest_route=\/wp\/v2\/posts\/36814\/revisions"}],"predecessor-version":[{"id":36816,"href":"https:\/\/historiografija.hr\/index.php?rest_route=\/wp\/v2\/posts\/36814\/revisions\/36816"}],"wp:featuredmedia":[{"embeddable":true,"href":"https:\/\/historiografija.hr\/index.php?rest_route=\/wp\/v2\/media\/36815"}],"wp:attachment":[{"href":"https:\/\/historiografija.hr\/index.php?rest_route=%2Fwp%2Fv2%2Fmedia&parent=36814"}],"wp:term":[{"taxonomy":"category","embeddable":true,"href":"https:\/\/historiografija.hr\/index.php?rest_route=%2Fwp%2Fv2%2Fcategories&post=36814"},{"taxonomy":"post_tag","embeddable":true,"href":"https:\/\/historiografija.hr\/index.php?rest_route=%2Fwp%2Fv2%2Ftags&post=36814"}],"curies":[{"name":"wp","href":"https:\/\/api.w.org\/{rel}","templated":true}]}}