{"id":36727,"date":"2023-08-03T19:55:23","date_gmt":"2023-08-03T19:55:23","guid":{"rendered":"http:\/\/historiografija.hr\/?p=36727"},"modified":"2023-08-03T19:56:37","modified_gmt":"2023-08-03T19:56:37","slug":"projekcija-dokumentarnog-filma-az-branko-pridivkom-fucic","status":"publish","type":"post","link":"https:\/\/historiografija.hr\/?p=36727","title":{"rendered":"Projekcija dokumentarnog filma \u201eAZ, Branko pridivkom Fu\u010di\u0107\u201c"},"content":{"rendered":"\n<p>Projekcija dokumentarnog filma, poetske pri\u010de \u201eAZ, Branko pridivkom Fu\u010di\u0107\u201c, u organizaciji Hrvatske matice iseljenika podru\u017enice Rijeka u suradnji s interpretacijskim centrom maritimne ba\u0161tine DUBoak Malinska-Duba\u0161nica i Op\u0107inom Malinska-Duba\u0161nica te Istra Filmom, odr\u017eat \u0107e se 8. kolovoza 2023. s po\u010detkom u 20:30 sati. Ulaz je slobodan. Uvodnu rije\u010d odr\u017eat \u0107e dr. sc. Tomislav Galovi\u0107, poznavatelj \u017eivota i djela Branka Fu\u010di\u0107a, ro\u0111enog u Duba\u0161nici i pokopanog u groblju u Duba\u0161nici.<\/p>\n\n\n\n<hr class=\"wp-block-separator\"\/>\n\n\n\n<p>Dokumentarni film<\/p>\n\n\n\n<p>Hrvatska, 2016.<\/p>\n\n\n\n<p>Redatelj i scenarist: Bernardin Modri\u0107<\/p>\n\n\n\n<p>Direktor fotografije: Robert Kal\u010di\u0107<\/p>\n\n\n\n<p>Glazba: Igor Karli\u0107<\/p>\n\n\n\n<p>Monta\u017ea: Tin Kowalski<\/p>\n\n\n\n<p>Proizvodnja: Istra film, 2016.<\/p>\n\n\n\n<p>Dokumentarni film \u00abAZ, Branko pridivkom Fu\u010di\u0107\u00bb poetska je i kontemplativna pri\u010da o najuglednijem hrvatskom istra\u017eiva\u010du glagoljice i freskoslikarstva \u010dija je djelatnost obilje\u017eila povijest umjetnosti na\u0161ih krajeva druge polovice pro\u0161loga stolje\u0107a.<\/p>\n\n\n\n<p>Fu\u010di\u0107 je znanstvenik koji nam je tako jednostavno, zanimljivo, slikovito i nadahnuto pribli\u017eio davne ljude, davne doga\u0111aje i davno vrijeme.<\/p>\n\n\n\n<p>Njegova istra\u017eivanja Ba\u0161\u0107anske plo\u010de, Istre i Kvarnera spadaju u vrh znanstvenog istra\u017eivanja na podru\u010dju povijesti umjetnosti.<\/p>\n\n\n\n<p>Film \u00abAz, Branko pridivkom Fu\u010di\u0107\u00bb do\u010darava njegov svijet misti\u010dnih pri\u010da i prizora sa\u010duvanih na zidovima crkava, kamenitim putovima, uli\u010dicama istarskih, kr\u010dkih i primorskih gradi\u0107a, seoskim grobljima&#8230;<\/p>\n\n\n\n<p>Film je osvojio Gran Prix i Nagradu publike na Me\u0111unarodnom festivalu arheolo\u0161kog filma MFAF u Splitu, 2016. godine.<\/p>\n\n\n\n<hr class=\"wp-block-separator\"\/>\n\n\n\n<p><\/p>\n","protected":false},"excerpt":{"rendered":"","protected":false},"author":2,"featured_media":36728,"comment_status":"open","ping_status":"open","sticky":false,"template":"","format":"standard","meta":{"_acf_changed":false,"jetpack_post_was_ever_published":false,"_jetpack_newsletter_access":"","_jetpack_dont_email_post_to_subs":false,"_jetpack_newsletter_tier_id":0,"_jetpack_memberships_contains_paywalled_content":false,"_jetpack_memberships_contains_paid_content":false,"footnotes":"","jetpack_publicize_message":"","jetpack_publicize_feature_enabled":true,"jetpack_social_post_already_shared":true,"jetpack_social_options":{"image_generator_settings":{"template":"highway","default_image_id":0,"font":"","enabled":false},"version":2}},"categories":[13,3],"tags":[],"class_list":["post-36727","post","type-post","status-publish","format-standard","has-post-thumbnail","hentry","category-filmovi-i-serije","category-novosti"],"acf":{"facebook_opis":""},"jetpack_publicize_connections":[],"jetpack_featured_media_url":"https:\/\/i0.wp.com\/historiografija.hr\/wp-content\/uploads\/2023\/08\/Pozivnica_Branko.jpg?fit=482%2C683&ssl=1","jetpack_sharing_enabled":true,"jetpack-related-posts":[],"_links":{"self":[{"href":"https:\/\/historiografija.hr\/index.php?rest_route=\/wp\/v2\/posts\/36727","targetHints":{"allow":["GET"]}}],"collection":[{"href":"https:\/\/historiografija.hr\/index.php?rest_route=\/wp\/v2\/posts"}],"about":[{"href":"https:\/\/historiografija.hr\/index.php?rest_route=\/wp\/v2\/types\/post"}],"author":[{"embeddable":true,"href":"https:\/\/historiografija.hr\/index.php?rest_route=\/wp\/v2\/users\/2"}],"replies":[{"embeddable":true,"href":"https:\/\/historiografija.hr\/index.php?rest_route=%2Fwp%2Fv2%2Fcomments&post=36727"}],"version-history":[{"count":3,"href":"https:\/\/historiografija.hr\/index.php?rest_route=\/wp\/v2\/posts\/36727\/revisions"}],"predecessor-version":[{"id":36731,"href":"https:\/\/historiografija.hr\/index.php?rest_route=\/wp\/v2\/posts\/36727\/revisions\/36731"}],"wp:featuredmedia":[{"embeddable":true,"href":"https:\/\/historiografija.hr\/index.php?rest_route=\/wp\/v2\/media\/36728"}],"wp:attachment":[{"href":"https:\/\/historiografija.hr\/index.php?rest_route=%2Fwp%2Fv2%2Fmedia&parent=36727"}],"wp:term":[{"taxonomy":"category","embeddable":true,"href":"https:\/\/historiografija.hr\/index.php?rest_route=%2Fwp%2Fv2%2Fcategories&post=36727"},{"taxonomy":"post_tag","embeddable":true,"href":"https:\/\/historiografija.hr\/index.php?rest_route=%2Fwp%2Fv2%2Ftags&post=36727"}],"curies":[{"name":"wp","href":"https:\/\/api.w.org\/{rel}","templated":true}]}}