{"id":36723,"date":"2023-08-03T19:41:00","date_gmt":"2023-08-03T19:41:00","guid":{"rendered":"http:\/\/historiografija.hr\/?p=36723"},"modified":"2023-08-03T19:41:00","modified_gmt":"2023-08-03T19:41:00","slug":"hrvoje-petric-postao-clan-upravnog-odbora-azijskog-udruzenja-za-ekohistoriju","status":"publish","type":"post","link":"https:\/\/historiografija.hr\/?p=36723","title":{"rendered":"Hrvoje Petri\u0107 postao \u010dlan upravnog odbora Azijskog udru\u017eenja za ekohistoriju"},"content":{"rendered":"\n<p>Na sedmoj konferenciji o povijesti okoli\u0161a isto\u010dne Azije odr\u017eanoj s temom: \u201eVi\u0161estruke krize i azijski antropocen: klimatske, ekolo\u0161ke i (post)kolonijalne perspektive\u201c u Daejeonu, u Ju\u017enoj Koreji, po\u010detkom srpnja odlu\u010deno je da se Association for East Asian Environmental History (Udru\u017eenje za isto\u010dnoazijsku povijest okoli\u0161a) preustroji kao Asian Association for Environmental History (Azijsko udru\u017eenje za povijest okoli\u0161a\/ekohistoriju).<\/p>\n\n\n\n<p>Povjesni\u010dar Hrvoje Petri\u0107 iz Koprivnice je nakon spomenute konferencije postao jedan od dvanaest \u010dlanova upravnog odbora Azijskog udru\u017eenja za ekohistoriju. To predstavlja priznanje za hrvatsku historiografiju, ali i omogu\u0107uje njeno otvaranje prema azijskim historiografijama.<\/p>\n\n\n\n<hr class=\"wp-block-separator\"\/>\n\n\n\n<p>Izvor i dodatne obavijesti:<\/p>\n\n\n\n<figure class=\"wp-block-embed-wordpress wp-block-embed is-type-wp-embed is-provider-prigorski-hr\"><div class=\"wp-block-embed__wrapper\">\n<blockquote class=\"wp-embedded-content\" data-secret=\"Yy2gcB17mq\"><a href=\"https:\/\/prigorski.hr\/hrvoje-petric-postao-clan-uprave-azijskog-udruzenja-za-ekohistoriju\/\">Hrvoje Petri\u0107 postao \u010dlan uprave Azijskog udru\u017eenja za ekohistoriju<\/a><\/blockquote><iframe loading=\"lazy\" class=\"wp-embedded-content\" sandbox=\"allow-scripts\" security=\"restricted\" style=\"position: absolute; clip: rect(1px, 1px, 1px, 1px);\" title=\"&#8220;Hrvoje Petri\u0107 postao \u010dlan uprave Azijskog udru\u017eenja za ekohistoriju&#8221; &#8212; Prigorski.hr\" src=\"https:\/\/prigorski.hr\/hrvoje-petric-postao-clan-uprave-azijskog-udruzenja-za-ekohistoriju\/embed\/#?secret=UCQK4yYKU8#?secret=Yy2gcB17mq\" data-secret=\"Yy2gcB17mq\" width=\"600\" height=\"338\" frameborder=\"0\" marginwidth=\"0\" marginheight=\"0\" scrolling=\"no\"><\/iframe>\n<\/div><\/figure>\n\n\n\n<figure class=\"wp-block-embed-wordpress wp-block-embed is-type-wp-embed is-provider-drava-info\"><div class=\"wp-block-embed__wrapper\">\n<blockquote class=\"wp-embedded-content\" data-secret=\"yKWmFBiwTX\"><a href=\"https:\/\/drava.info\/2023\/07\/povjesnicar-hrvoje-petric-postao-clan-vodstva-azijskog-udruzenja-za-ekohistoriju\/\">Povjesni\u010dar Hrvoje Petri\u0107 postao \u010dlan vodstva Azijskog udru\u017eenja za ekohistoriju<\/a><\/blockquote><iframe loading=\"lazy\" class=\"wp-embedded-content\" sandbox=\"allow-scripts\" security=\"restricted\" style=\"position: absolute; clip: rect(1px, 1px, 1px, 1px);\" title=\"&#8220;Povjesni\u010dar Hrvoje Petri\u0107 postao \u010dlan vodstva Azijskog udru\u017eenja za ekohistoriju&#8221; &#8212; Drava.info\" src=\"https:\/\/drava.info\/2023\/07\/povjesnicar-hrvoje-petric-postao-clan-vodstva-azijskog-udruzenja-za-ekohistoriju\/embed\/#?secret=huTheXnWSy#?secret=yKWmFBiwTX\" data-secret=\"yKWmFBiwTX\" width=\"600\" height=\"338\" frameborder=\"0\" marginwidth=\"0\" marginheight=\"0\" scrolling=\"no\"><\/iframe>\n<\/div><\/figure>\n\n\n\n<p><a href=\"https:\/\/glaspodravine.hr\/sveucilisni-profesor-hrvoje-petric-postao-utjecajan-na-globalnoj-znanstvenoj-razini\/\">https:\/\/glaspodravine.hr\/sveucilisni-profesor-hrvoje-petric-postao-utjecajan-na-globalnoj-znanstvenoj-razini\/<\/a><\/p>\n\n\n\n<p><a href=\"https:\/\/prigorskikaj.hr\/uspjeh-hrvatskog-povjesnicara-hrvoja-petrica\/\">https:\/\/prigorskikaj.hr\/uspjeh-hrvatskog-povjesnicara-hrvoja-petrica\/<\/a><\/p>\n\n\n\n<figure class=\"wp-block-embed-wordpress wp-block-embed is-type-wp-embed is-provider-podravski\"><div class=\"wp-block-embed__wrapper\">\n<blockquote class=\"wp-embedded-content\" data-secret=\"ebap7Bzzla\"><a href=\"https:\/\/podravski.hr\/bez-stvaranja-uvjeta-za-radanje-vise-djece-nece-biti-ni-gospodarskog-razvoja-zemlje\/\">Bez stvaranja uvjeta za ra\u0111anje vi\u0161e djece ne\u0107e biti ni gospodarskog razvoja zemlje<\/a><\/blockquote><iframe loading=\"lazy\" class=\"wp-embedded-content\" sandbox=\"allow-scripts\" security=\"restricted\" style=\"position: absolute; clip: rect(1px, 1px, 1px, 1px);\" title=\"&#8220;Bez stvaranja uvjeta za ra\u0111anje vi\u0161e djece ne\u0107e biti ni gospodarskog razvoja zemlje&#8221; &#8212; Podravski\" src=\"https:\/\/podravski.hr\/bez-stvaranja-uvjeta-za-radanje-vise-djece-nece-biti-ni-gospodarskog-razvoja-zemlje\/embed\/#?secret=9h2Mv1d546#?secret=ebap7Bzzla\" data-secret=\"ebap7Bzzla\" width=\"600\" height=\"338\" frameborder=\"0\" marginwidth=\"0\" marginheight=\"0\" scrolling=\"no\"><\/iframe>\n<\/div><\/figure>\n\n\n\n<hr class=\"wp-block-separator\"\/>\n","protected":false},"excerpt":{"rendered":"","protected":false},"author":2,"featured_media":36724,"comment_status":"open","ping_status":"open","sticky":false,"template":"","format":"standard","meta":{"_acf_changed":false,"_jetpack_newsletter_access":"","_jetpack_dont_email_post_to_subs":false,"_jetpack_newsletter_tier_id":0,"_jetpack_memberships_contains_paywalled_content":false,"_jetpack_memberships_contains_paid_content":false,"footnotes":"","jetpack_publicize_message":"","jetpack_publicize_feature_enabled":true,"jetpack_social_post_already_shared":true,"jetpack_social_options":{"image_generator_settings":{"template":"highway","default_image_id":0,"font":"","enabled":false},"version":2},"jetpack_post_was_ever_published":false},"categories":[3],"tags":[],"class_list":["post-36723","post","type-post","status-publish","format-standard","has-post-thumbnail","hentry","category-novosti"],"acf":{"facebook_opis":""},"jetpack_publicize_connections":[],"jetpack_featured_media_url":"https:\/\/i0.wp.com\/historiografija.hr\/wp-content\/uploads\/2023\/08\/H_Petric.jpg?fit=977%2C488&ssl=1","jetpack_sharing_enabled":true,"jetpack-related-posts":[{"id":53118,"url":"https:\/\/historiografija.hr\/?p=53118","url_meta":{"origin":36723,"position":0},"title":"Novi broj \u010dasopisa \u201eEkonomska i ekohistorija\u201c (21\/2025)","author":"Filip \u0160imunjak","date":"14. svibnja 2026.","format":false,"excerpt":"Koncem 2025. godine objavljen je 21. broj \u010dasopisa \u201eEkonomska i ekohistorija: \u010dasopis za gospodarsku povijest i povijest okoli\u0161a\u201c s temom broja Povijesti okoli\u0161a ju\u017enog dijela Srednje Europe: pregledi stanja istra\u017eivanja (Ma\u0111arska, Hrvatska i Slovenija), u cijelosti je dostupan na portalu hrvatskih znanstvenih i stru\u010dnih \u010dasopisa Hr\u010dak. Op\u0161irnije: https:\/\/hrcak.srce.hr\/broj\/26787","rel":"","context":"U &quot;\u010casopisi&quot;","block_context":{"text":"\u010casopisi","link":"https:\/\/historiografija.hr\/?cat=21"},"img":{"alt_text":"","src":"https:\/\/i0.wp.com\/historiografija.hr\/wp-content\/uploads\/2026\/05\/Ekonomska-i-ekohistorija-21.webp?fit=630%2C900&ssl=1&resize=350%2C200","width":350,"height":200,"srcset":"https:\/\/i0.wp.com\/historiografija.hr\/wp-content\/uploads\/2026\/05\/Ekonomska-i-ekohistorija-21.webp?fit=630%2C900&ssl=1&resize=350%2C200 1x, https:\/\/i0.wp.com\/historiografija.hr\/wp-content\/uploads\/2026\/05\/Ekonomska-i-ekohistorija-21.webp?fit=630%2C900&ssl=1&resize=525%2C300 1.5x"},"classes":[]},{"id":54987,"url":"https:\/\/historiografija.hr\/?p=54987","url_meta":{"origin":36723,"position":1},"title":"Predavanje Hrvoja Petri\u0107a \u201eDra\u0161kovi\u0107i i Nikola VII. Zrinski: Trako\u0161\u0107an i Klenovnik 1645. \u2013 1651.\u201c","author":"Branimir Jankovi\u0107","date":"17. kolovoza 2026.","format":false,"excerpt":"Kako je jedan brak utjecao na kratkotrajnu promjenu vlasni\u0161tva nad dvorcima Klenovnik i Trako\u0161\u0107an? Godine 1645. brak istaknutog Nikole VII. Zrinskog i Euzebije Dra\u0161kovi\u0107 doveo je do kratkotrajne promjene vlasni\u0161tva nad Trako\u0161\u0107anom i Klenovnikom, koji su tada u\u0161li u posjed obitelji Zrinski. \u0160to se zapravo doga\u0111alo u Trako\u0161\u0107anu i Klenovniku\u2026","rel":"","context":"U &quot;Novosti&quot;","block_context":{"text":"Novosti","link":"https:\/\/historiografija.hr\/?cat=3"},"img":{"alt_text":"","src":"https:\/\/i0.wp.com\/historiografija.hr\/wp-content\/uploads\/2026\/08\/Petric.png?fit=1200%2C450&ssl=1&resize=350%2C200","width":350,"height":200,"srcset":"https:\/\/i0.wp.com\/historiografija.hr\/wp-content\/uploads\/2026\/08\/Petric.png?fit=1200%2C450&ssl=1&resize=350%2C200 1x, https:\/\/i0.wp.com\/historiografija.hr\/wp-content\/uploads\/2026\/08\/Petric.png?fit=1200%2C450&ssl=1&resize=525%2C300 1.5x, https:\/\/i0.wp.com\/historiografija.hr\/wp-content\/uploads\/2026\/08\/Petric.png?fit=1200%2C450&ssl=1&resize=700%2C400 2x, https:\/\/i0.wp.com\/historiografija.hr\/wp-content\/uploads\/2026\/08\/Petric.png?fit=1200%2C450&ssl=1&resize=1050%2C600 3x"},"classes":[]},{"id":54572,"url":"https:\/\/historiografija.hr\/?p=54572","url_meta":{"origin":36723,"position":2},"title":"Povodom fizi\u010dkog napada na knji\u017eevnika Vladimira Arsenijevi\u0107a, suradnika Kliofesta","author":"Branimir Jankovi\u0107","date":"13. srpnja 2026.","format":false,"excerpt":"U Beogradu je fizi\u010dki napadnut knji\u017eevnik Vladimir Arsenijevi\u0107, prilikom pripremanja komemoracije \u017ertvama genocida u Srebrenici, \u010dije je odr\u017eavanje time sprije\u010deno. Arsenijevi\u0107 je predsjednik Udru\u017eenja Krokodil, koje je proteklih godina organiziralo niz doga\u0111anja u kojima su sudjelovali povjesni\u010dari i povjesni\u010darke, te to nastavlja \u010diniti i dalje. Prije nekoliko godina intenzivno smo\u2026","rel":"","context":"U &quot;Novosti&quot;","block_context":{"text":"Novosti","link":"https:\/\/historiografija.hr\/?cat=3"},"img":{"alt_text":"","src":"https:\/\/i0.wp.com\/historiografija.hr\/wp-content\/uploads\/2026\/07\/ARSENIJEVIC-foto.jpg?fit=480%2C335&ssl=1&resize=350%2C200","width":350,"height":200},"classes":[]},{"id":54999,"url":"https:\/\/historiografija.hr\/?p=54999","url_meta":{"origin":36723,"position":3},"title":"Izjava Znanstvenog vije\u0107a za za\u0161titu prirode i okoli\u0161a HAZU o odlaganju otpada i ugro\u017eavanju okoli\u0161a","author":"Branimir Jankovi\u0107","date":"18. kolovoza 2026.","format":false,"excerpt":"ODLAGANJE OTPADA I UGRO\u017dAVANJE OKOLI\u0160A: SANIRATI POSLJEDICE I UKLONITI UZROKE Znanstveno vije\u0107e za za\u0161titu prirode i okoli\u0161a Hrvatske akademije znanosti i umjetnosti ve\u0107 niz godina upozorava na probleme koji mogu ugroziti prirodu, okoli\u0161 i zdravlje ljudi te nastoji pridonijeti njihovu razumijevanju i rje\u0161avanju na temelju znanstvenih \u010dinjenica i stru\u010dnog znanja.\u2026","rel":"","context":"U &quot;Novosti&quot;","block_context":{"text":"Novosti","link":"https:\/\/historiografija.hr\/?cat=3"},"img":{"alt_text":"","src":"https:\/\/i0.wp.com\/historiografija.hr\/wp-content\/uploads\/2026\/08\/Logo-HAZU-crveni.jpg?fit=800%2C441&ssl=1&resize=350%2C200","width":350,"height":200,"srcset":"https:\/\/i0.wp.com\/historiografija.hr\/wp-content\/uploads\/2026\/08\/Logo-HAZU-crveni.jpg?fit=800%2C441&ssl=1&resize=350%2C200 1x, https:\/\/i0.wp.com\/historiografija.hr\/wp-content\/uploads\/2026\/08\/Logo-HAZU-crveni.jpg?fit=800%2C441&ssl=1&resize=525%2C300 1.5x, https:\/\/i0.wp.com\/historiografija.hr\/wp-content\/uploads\/2026\/08\/Logo-HAZU-crveni.jpg?fit=800%2C441&ssl=1&resize=700%2C400 2x"},"classes":[]},{"id":53463,"url":"https:\/\/historiografija.hr\/?p=53463","url_meta":{"origin":36723,"position":4},"title":"Predstavljen je prvi svezak zbornika \u201cNovi prilozi za povijest hrvatske socijaldemokracije\u201d","author":"Branimir Jankovi\u0107","date":"19. svibnja 2026.","format":false,"excerpt":"U srijedu 6. svibnja 2026. u Knji\u017enici i \u010ditaonici Bogdana Ogrizovi\u0107a u Zagrebu u sklopu ovogodi\u0161njeg Kliofesta odr\u017eano je predstavljanje prvoga sveska zbornika Novi prilozi za povijest hrvatske socijaldemokracije urednika dr. sc. Matka Globa\u010dnika. Zbornik su predstavili recenzenti s Filozofskog fakulteta Sveu\u010dili\u0161ta u Zagrebu, dr. sc. Martin Previ\u0161i\u0107, red. prof.,\u2026","rel":"","context":"U &quot;Novosti&quot;","block_context":{"text":"Novosti","link":"https:\/\/historiografija.hr\/?cat=3"},"img":{"alt_text":"","src":"https:\/\/i0.wp.com\/historiografija.hr\/wp-content\/uploads\/2026\/05\/Kliofest-6_5_2026.jpg?fit=1030%2C633&ssl=1&resize=350%2C200","width":350,"height":200,"srcset":"https:\/\/i0.wp.com\/historiografija.hr\/wp-content\/uploads\/2026\/05\/Kliofest-6_5_2026.jpg?fit=1030%2C633&ssl=1&resize=350%2C200 1x, https:\/\/i0.wp.com\/historiografija.hr\/wp-content\/uploads\/2026\/05\/Kliofest-6_5_2026.jpg?fit=1030%2C633&ssl=1&resize=525%2C300 1.5x, https:\/\/i0.wp.com\/historiografija.hr\/wp-content\/uploads\/2026\/05\/Kliofest-6_5_2026.jpg?fit=1030%2C633&ssl=1&resize=700%2C400 2x"},"classes":[]},{"id":53919,"url":"https:\/\/historiografija.hr\/?p=53919","url_meta":{"origin":36723,"position":5},"title":"Predstavljanje knjige \u201eNikola VII. Zrinski (\u010cakove\u010dki 1620. \u2013 1664.)\u201c Hrvoja Petri\u0107a u Koprivnici","author":"Filip \u0160imunjak","date":"8. lipnja 2026.","format":false,"excerpt":"U \u010detvrtak 11. lipnja 2026. godine koprivni\u010dka \u0107e publika imati priliku upoznati prvu cjelovitu biografiju jednog od najzna\u010dajnijih hrvatskih velika\u0161a i dr\u017eavnika 17. stolje\u0107a. Tom \u0107e prigodom biti predstavljena nova knjiga na\u0161eg sugra\u0111anina, povjesni\u010dara, prof. dr. sc. Hrvoja Petri\u0107a Nikola VII. Zrinski (\u010cakove\u010dki 1620. \u2013 1664.): Snovi prekinuti u lovu\u2026","rel":"","context":"U &quot;Novosti&quot;","block_context":{"text":"Novosti","link":"https:\/\/historiografija.hr\/?cat=3"},"img":{"alt_text":"","src":"https:\/\/i0.wp.com\/historiografija.hr\/wp-content\/uploads\/2026\/06\/Petric-Knjiga-Koprivnica.webp?fit=1080%2C715&ssl=1&resize=350%2C200","width":350,"height":200,"srcset":"https:\/\/i0.wp.com\/historiografija.hr\/wp-content\/uploads\/2026\/06\/Petric-Knjiga-Koprivnica.webp?fit=1080%2C715&ssl=1&resize=350%2C200 1x, https:\/\/i0.wp.com\/historiografija.hr\/wp-content\/uploads\/2026\/06\/Petric-Knjiga-Koprivnica.webp?fit=1080%2C715&ssl=1&resize=525%2C300 1.5x, https:\/\/i0.wp.com\/historiografija.hr\/wp-content\/uploads\/2026\/06\/Petric-Knjiga-Koprivnica.webp?fit=1080%2C715&ssl=1&resize=700%2C400 2x, https:\/\/i0.wp.com\/historiografija.hr\/wp-content\/uploads\/2026\/06\/Petric-Knjiga-Koprivnica.webp?fit=1080%2C715&ssl=1&resize=1050%2C600 3x"},"classes":[]}],"_links":{"self":[{"href":"https:\/\/historiografija.hr\/index.php?rest_route=\/wp\/v2\/posts\/36723","targetHints":{"allow":["GET"]}}],"collection":[{"href":"https:\/\/historiografija.hr\/index.php?rest_route=\/wp\/v2\/posts"}],"about":[{"href":"https:\/\/historiografija.hr\/index.php?rest_route=\/wp\/v2\/types\/post"}],"author":[{"embeddable":true,"href":"https:\/\/historiografija.hr\/index.php?rest_route=\/wp\/v2\/users\/2"}],"replies":[{"embeddable":true,"href":"https:\/\/historiografija.hr\/index.php?rest_route=%2Fwp%2Fv2%2Fcomments&post=36723"}],"version-history":[{"count":1,"href":"https:\/\/historiografija.hr\/index.php?rest_route=\/wp\/v2\/posts\/36723\/revisions"}],"predecessor-version":[{"id":36725,"href":"https:\/\/historiografija.hr\/index.php?rest_route=\/wp\/v2\/posts\/36723\/revisions\/36725"}],"wp:featuredmedia":[{"embeddable":true,"href":"https:\/\/historiografija.hr\/index.php?rest_route=\/wp\/v2\/media\/36724"}],"wp:attachment":[{"href":"https:\/\/historiografija.hr\/index.php?rest_route=%2Fwp%2Fv2%2Fmedia&parent=36723"}],"wp:term":[{"taxonomy":"category","embeddable":true,"href":"https:\/\/historiografija.hr\/index.php?rest_route=%2Fwp%2Fv2%2Fcategories&post=36723"},{"taxonomy":"post_tag","embeddable":true,"href":"https:\/\/historiografija.hr\/index.php?rest_route=%2Fwp%2Fv2%2Ftags&post=36723"}],"curies":[{"name":"wp","href":"https:\/\/api.w.org\/{rel}","templated":true}]}}