{"id":36707,"date":"2023-08-01T21:10:05","date_gmt":"2023-08-01T21:10:05","guid":{"rendered":"http:\/\/historiografija.hr\/?p=36707"},"modified":"2023-08-03T19:44:09","modified_gmt":"2023-08-03T19:44:09","slug":"preminuo-knjizevnik-david-albahari","status":"publish","type":"post","link":"https:\/\/historiografija.hr\/?p=36707","title":{"rendered":"Preminuo knji\u017eevnik David Albahari"},"content":{"rendered":"\n<p>U 75. godini u Beogradu je preminuo knji\u017eevnik David Albahari (1948-2023). Na portalu smo prethodno upu\u0107ivali na zagreba\u010dko izdanje njegova romana o holokaustu \u201cGec i Majer\u201d i obavje\u0161tavali o knjizi Stijna Vervaeta \u201cHolocaust, War and Transnational Memory: Testimony from Yugoslav and Post-Yugoslav Literature\u201d u kojoj je jedno poglavlje posve\u0107eno Albahariju te prenosili i druge obavijesti u kojima je bilo rije\u010di o njemu.<\/p>\n\n\n\n<hr class=\"wp-block-separator\"\/>\n\n\n\n<p>Iz medija:<\/p>\n\n\n\n<p><a href=\"https:\/\/www.hina.hr\/vijest\/11381589\">https:\/\/www.hina.hr\/vijest\/11381589<\/a><\/p>\n\n\n\n<p><a href=\"https:\/\/www.jutarnji.hr\/kultura\/knjizevnost\/umro-nagradivani-srpski-knjizevnik-i-prevoditelj-david-albahari-15360495\">https:\/\/www.jutarnji.hr\/kultura\/knjizevnost\/umro-nagradivani-srpski-knjizevnik-i-prevoditelj-david-albahari-15360495<\/a><\/p>\n\n\n\n<figure class=\"wp-block-embed-wordpress wp-block-embed is-type-wp-embed is-provider-novi-list\"><div class=\"wp-block-embed__wrapper\">\n<blockquote class=\"wp-embedded-content\" data-secret=\"sHim8ifAiv\"><a href=\"https:\/\/www.novilist.hr\/ostalo\/kultura\/preminuo-srbijanski-knjizevnik-i-prevoditelj-david-albahari\/\">Preminuo srbijanski knji\u017eevnik i prevoditelj David Albahari<\/a><\/blockquote><iframe loading=\"lazy\" class=\"wp-embedded-content\" sandbox=\"allow-scripts\" security=\"restricted\" style=\"position: absolute; clip: rect(1px, 1px, 1px, 1px);\" title=\"&#8220;Preminuo srbijanski knji\u017eevnik i prevoditelj David Albahari&#8221; &#8212; Novi list\" src=\"https:\/\/www.novilist.hr\/ostalo\/kultura\/preminuo-srbijanski-knjizevnik-i-prevoditelj-david-albahari\/embed\/#?secret=P2NHYXHiig#?secret=sHim8ifAiv\" data-secret=\"sHim8ifAiv\" width=\"600\" height=\"338\" frameborder=\"0\" marginwidth=\"0\" marginheight=\"0\" scrolling=\"no\"><\/iframe>\n<\/div><\/figure>\n\n\n\n<p><a href=\"https:\/\/www.index.hr\/magazin\/clanak\/preminuo-srpski-knjizevnik-i-prevoditelj-david-albahari\/2483694.aspx\">https:\/\/www.index.hr\/magazin\/clanak\/preminuo-srpski-knjizevnik-i-prevoditelj-david-albahari\/2483694.aspx<\/a><\/p>\n\n\n\n<p><a href=\"https:\/\/www.tportal.hr\/kultura\/clanak\/preminuo-srbijanski-knjizevnik-i-prevoditelj-david-albahari-20230730\">https:\/\/www.tportal.hr\/kultura\/clanak\/preminuo-srbijanski-knjizevnik-i-prevoditelj-david-albahari-20230730<\/a><\/p>\n\n\n\n<p><a href=\"https:\/\/www.telegram.hr\/kultura\/preminuo-srbijanski-knjizevnik-i-prevoditelj-david-albahari\/\">https:\/\/www.telegram.hr\/kultura\/preminuo-srbijanski-knjizevnik-i-prevoditelj-david-albahari\/<\/a><\/p>\n\n\n\n<figure class=\"wp-block-embed-wordpress wp-block-embed is-type-wp-embed is-provider-n-1\"><div class=\"wp-block-embed__wrapper\">\n<blockquote class=\"wp-embedded-content\" data-secret=\"Ku5fZbOyWv\"><a href=\"https:\/\/n1info.hr\/magazin\/kultura\/preminuo-knjizevnik-david-albahari\/\">Preminuo knji\u017eevnik David Albahari<\/a><\/blockquote><iframe loading=\"lazy\" class=\"wp-embedded-content\" sandbox=\"allow-scripts\" security=\"restricted\" style=\"position: absolute; clip: rect(1px, 1px, 1px, 1px);\" title=\"&#8220;Preminuo knji\u017eevnik David Albahari&#8221; &#8212; N1\" src=\"https:\/\/n1info.hr\/magazin\/kultura\/preminuo-knjizevnik-david-albahari\/embed\/#?secret=dJjddHdetc#?secret=Ku5fZbOyWv\" data-secret=\"Ku5fZbOyWv\" width=\"600\" height=\"338\" frameborder=\"0\" marginwidth=\"0\" marginheight=\"0\" scrolling=\"no\"><\/iframe>\n<\/div><\/figure>\n\n\n\n<hr class=\"wp-block-separator\"\/>\n\n\n\n<p><a href=\"https:\/\/booksa.hr\/vijesti\/vijesti\/david-albahari-1948-2023\">https:\/\/booksa.hr\/vijesti\/vijesti\/david-albahari-1948-2023<\/a><\/p>\n\n\n\n<p><a href=\"https:\/\/www.jutarnji.hr\/kultura\/knjizevnost\/ivanjek-ne-znam-koji-bi-se-pisac-iz-70-ih-mogao-nazvati-uzoritijim-od-njega-15360749\">https:\/\/www.jutarnji.hr\/kultura\/knjizevnost\/ivanjek-ne-znam-koji-bi-se-pisac-iz-70-ih-mogao-nazvati-uzoritijim-od-njega-15360749<\/a><\/p>\n\n\n\n<p><a href=\"https:\/\/kritika-hdp.hr\/gec-i-majer-kako-pisati-kad-istorija-stavi-tocku\/\">https:\/\/kritika-hdp.hr\/gec-i-majer-kako-pisati-kad-istorija-stavi-tocku\/<\/a><\/p>\n\n\n\n<p><a href=\"https:\/\/www.portalnovosti.com\/in-memoriam-david-albahari-zakon-sumnje\">https:\/\/www.portalnovosti.com\/in-memoriam-david-albahari-zakon-sumnje<\/a><\/p>\n\n\n\n<hr class=\"wp-block-separator\"\/>\n\n\n\n<figure class=\"wp-block-embed-wordpress wp-block-embed is-type-wp-embed is-provider-historiografija-hr\"><div class=\"wp-block-embed__wrapper\">\n<blockquote class=\"wp-embedded-content\" data-secret=\"8Iran8iRjj\"><a href=\"https:\/\/historiografija.hr\/?p=16303\">David Albahari, \u201cGec i Majer\u201d (Zagreb: Sandorf, 2019) \u2013 roman o holokaustu<\/a><\/blockquote><iframe loading=\"lazy\" class=\"wp-embedded-content\" sandbox=\"allow-scripts\" security=\"restricted\" style=\"position: absolute; clip: rect(1px, 1px, 1px, 1px);\" title=\"&#8220;David Albahari, \u201cGec i Majer\u201d (Zagreb: Sandorf, 2019) \u2013 roman o holokaustu&#8221; &#8212; Historiografija.hr\" src=\"https:\/\/historiografija.hr\/?p=16303&#038;embed=true#?secret=8Iran8iRjj\" data-secret=\"8Iran8iRjj\" width=\"600\" height=\"338\" frameborder=\"0\" marginwidth=\"0\" marginheight=\"0\" scrolling=\"no\"><\/iframe>\n<\/div><\/figure>\n\n\n\n<hr class=\"wp-block-separator\"\/>\n\n\n\n<figure class=\"wp-block-embed-wordpress wp-block-embed is-type-wp-embed is-provider-historiografija-hr\"><div class=\"wp-block-embed__wrapper\">\n<blockquote class=\"wp-embedded-content\" data-secret=\"ZBLV8eaIaI\"><a href=\"https:\/\/historiografija.hr\/?p=26097\">Stijn Vervaet, \u201cHolokaust, rat i transnacionalno se\u0107anje. Svedo\u010danstvo iz jugoslovenske i postjugoslovenske knji\u017eevnosti\u201d<\/a><\/blockquote><iframe loading=\"lazy\" class=\"wp-embedded-content\" sandbox=\"allow-scripts\" security=\"restricted\" style=\"position: absolute; clip: rect(1px, 1px, 1px, 1px);\" title=\"&#8220;Stijn Vervaet, \u201cHolokaust, rat i transnacionalno se\u0107anje. Svedo\u010danstvo iz jugoslovenske i postjugoslovenske knji\u017eevnosti\u201d&#8221; &#8212; Historiografija.hr\" src=\"https:\/\/historiografija.hr\/?p=26097&#038;embed=true#?secret=ZBLV8eaIaI\" data-secret=\"ZBLV8eaIaI\" width=\"600\" height=\"338\" frameborder=\"0\" marginwidth=\"0\" marginheight=\"0\" scrolling=\"no\"><\/iframe>\n<\/div><\/figure>\n\n\n\n<hr class=\"wp-block-separator\"\/>\n","protected":false},"excerpt":{"rendered":"","protected":false},"author":2,"featured_media":36708,"comment_status":"open","ping_status":"open","sticky":false,"template":"","format":"standard","meta":{"_acf_changed":false,"jetpack_post_was_ever_published":false,"_jetpack_newsletter_access":"","_jetpack_dont_email_post_to_subs":false,"_jetpack_newsletter_tier_id":0,"_jetpack_memberships_contains_paywalled_content":false,"_jetpack_memberships_contains_paid_content":false,"footnotes":"","jetpack_publicize_message":"","jetpack_publicize_feature_enabled":true,"jetpack_social_post_already_shared":true,"jetpack_social_options":{"image_generator_settings":{"template":"highway","default_image_id":0,"font":"","enabled":false},"version":2}},"categories":[3,20,12],"tags":[],"class_list":["post-36707","post","type-post","status-publish","format-standard","has-post-thumbnail","hentry","category-novosti","category-obavijesti-o-smrti-i-nekrolozi","category-knjizevnost"],"acf":{"facebook_opis":""},"jetpack_publicize_connections":[],"jetpack_featured_media_url":"https:\/\/i0.wp.com\/historiografija.hr\/wp-content\/uploads\/2023\/08\/David-Albahari.jpg?fit=215%2C215&ssl=1","jetpack_sharing_enabled":true,"jetpack-related-posts":[],"_links":{"self":[{"href":"https:\/\/historiografija.hr\/index.php?rest_route=\/wp\/v2\/posts\/36707","targetHints":{"allow":["GET"]}}],"collection":[{"href":"https:\/\/historiografija.hr\/index.php?rest_route=\/wp\/v2\/posts"}],"about":[{"href":"https:\/\/historiografija.hr\/index.php?rest_route=\/wp\/v2\/types\/post"}],"author":[{"embeddable":true,"href":"https:\/\/historiografija.hr\/index.php?rest_route=\/wp\/v2\/users\/2"}],"replies":[{"embeddable":true,"href":"https:\/\/historiografija.hr\/index.php?rest_route=%2Fwp%2Fv2%2Fcomments&post=36707"}],"version-history":[{"count":5,"href":"https:\/\/historiografija.hr\/index.php?rest_route=\/wp\/v2\/posts\/36707\/revisions"}],"predecessor-version":[{"id":36726,"href":"https:\/\/historiografija.hr\/index.php?rest_route=\/wp\/v2\/posts\/36707\/revisions\/36726"}],"wp:featuredmedia":[{"embeddable":true,"href":"https:\/\/historiografija.hr\/index.php?rest_route=\/wp\/v2\/media\/36708"}],"wp:attachment":[{"href":"https:\/\/historiografija.hr\/index.php?rest_route=%2Fwp%2Fv2%2Fmedia&parent=36707"}],"wp:term":[{"taxonomy":"category","embeddable":true,"href":"https:\/\/historiografija.hr\/index.php?rest_route=%2Fwp%2Fv2%2Fcategories&post=36707"},{"taxonomy":"post_tag","embeddable":true,"href":"https:\/\/historiografija.hr\/index.php?rest_route=%2Fwp%2Fv2%2Ftags&post=36707"}],"curies":[{"name":"wp","href":"https:\/\/api.w.org\/{rel}","templated":true}]}}