{"id":36694,"date":"2023-07-31T13:55:01","date_gmt":"2023-07-31T13:55:01","guid":{"rendered":"http:\/\/historiografija.hr\/?p=36694"},"modified":"2023-07-31T13:55:01","modified_gmt":"2023-07-31T13:55:01","slug":"girls-voices-jewish-teenage-diarists-from-central-and-eastern-europe-as-witnesses-of-the-holocaust-and-cultural-resisters-in-concentration-camps-and-ghettos","status":"publish","type":"post","link":"https:\/\/historiografija.hr\/?p=36694","title":{"rendered":"&#8220;Girls\u2019 Voices: Jewish Teenage Diarists from Central and Eastern Europe as Witnesses of the Holocaust and Cultural Resisters in Concentration Camps and Ghettos&#8221;"},"content":{"rendered":"\n<p>U \u010dasopisu \u201cHolocaust and Genocide Studies\u201d (Oxford University Press\/United States Holocaust Memorial Museum) objavljen je \u010dlanak Martine Bitunjac i Urszule Markowske-Maniste o dnevnicima \u017eidovskih djevo\u010dica pisanim u getima i\/ili logorima za vrijeme Holokausta na podru\u010dju Srednje i Isto\u010dne Europe.<\/p>\n\n\n\n<hr class=\"wp-block-separator\"\/>\n\n\n\n<p>Martina Bitunjac\/Urszula Markowska-Manista: <strong>Girls\u2019 Voices: Jewish Teenage Diarists from Central and Eastern Europe as Witnesses of the Holocaust and Cultural Resisters in Concentration Camps and Ghettos<\/strong>, in: <em>Holocaust and Genocide Studies<\/em> 1 (2023), pp. 63\u201373.<\/p>\n\n\n\n<p>Abstract<\/p>\n\n\n\n<p>The diaries of the teenage girls Renia Spiegel, Rutka Laskier, Sheindi Miller-Ehrenwald, Ana Novac, \u00c9va Heyman, Masha Rolnikaite and Helga Weiss share several characteristics. They were all written by diarists who were of Jewish origin; lived in Central and Eastern Europe; and were persecuted, intimidated, and deported to a ghetto and\/or concentration camp. Some of the diarists were murdered by the National Socialists. To cope with their traumatic experiences, the girls risked their lives by entrusting their thoughts, fears, and insights to their diaries. In this study, these individual authors are not seen as passive victims, but rather\u2014despite their young age\u2014as eyewitnesses, chroniclers, and cultural resistance fighters. Regardless of the subjectivity and childish or adolescent perspective from which they were written, their works are valued and understood as important historical documents.<\/p>\n\n\n\n<p><a href=\"https:\/\/academic.oup.com\/hgs\/advance-article-abstract\/doi\/10.1093\/hgs\/dcac061\/7084838?redirectedFrom=fulltext\">https:\/\/academic.oup.com\/hgs\/advance-article-abstract\/doi\/10.1093\/hgs\/dcac061\/7084838?redirectedFrom=fulltext<\/a><\/p>\n\n\n\n<hr class=\"wp-block-separator\"\/>\n","protected":false},"excerpt":{"rendered":"","protected":false},"author":2,"featured_media":36695,"comment_status":"open","ping_status":"open","sticky":false,"template":"","format":"standard","meta":{"_acf_changed":false,"jetpack_post_was_ever_published":false,"_jetpack_newsletter_access":"","_jetpack_dont_email_post_to_subs":false,"_jetpack_newsletter_tier_id":0,"_jetpack_memberships_contains_paywalled_content":false,"_jetpack_memberships_contains_paid_content":false,"footnotes":"","jetpack_publicize_message":"","jetpack_publicize_feature_enabled":true,"jetpack_social_post_already_shared":true,"jetpack_social_options":{"image_generator_settings":{"template":"highway","default_image_id":0,"font":"","enabled":false},"version":2}},"categories":[21,3],"tags":[],"class_list":["post-36694","post","type-post","status-publish","format-standard","has-post-thumbnail","hentry","category-casopisi","category-novosti"],"acf":{"facebook_opis":""},"jetpack_publicize_connections":[],"jetpack_featured_media_url":"https:\/\/i0.wp.com\/historiografija.hr\/wp-content\/uploads\/2023\/07\/HGS.jpeg?fit=504%2C720&ssl=1","jetpack_sharing_enabled":true,"jetpack-related-posts":[],"_links":{"self":[{"href":"https:\/\/historiografija.hr\/index.php?rest_route=\/wp\/v2\/posts\/36694","targetHints":{"allow":["GET"]}}],"collection":[{"href":"https:\/\/historiografija.hr\/index.php?rest_route=\/wp\/v2\/posts"}],"about":[{"href":"https:\/\/historiografija.hr\/index.php?rest_route=\/wp\/v2\/types\/post"}],"author":[{"embeddable":true,"href":"https:\/\/historiografija.hr\/index.php?rest_route=\/wp\/v2\/users\/2"}],"replies":[{"embeddable":true,"href":"https:\/\/historiografija.hr\/index.php?rest_route=%2Fwp%2Fv2%2Fcomments&post=36694"}],"version-history":[{"count":1,"href":"https:\/\/historiografija.hr\/index.php?rest_route=\/wp\/v2\/posts\/36694\/revisions"}],"predecessor-version":[{"id":36696,"href":"https:\/\/historiografija.hr\/index.php?rest_route=\/wp\/v2\/posts\/36694\/revisions\/36696"}],"wp:featuredmedia":[{"embeddable":true,"href":"https:\/\/historiografija.hr\/index.php?rest_route=\/wp\/v2\/media\/36695"}],"wp:attachment":[{"href":"https:\/\/historiografija.hr\/index.php?rest_route=%2Fwp%2Fv2%2Fmedia&parent=36694"}],"wp:term":[{"taxonomy":"category","embeddable":true,"href":"https:\/\/historiografija.hr\/index.php?rest_route=%2Fwp%2Fv2%2Fcategories&post=36694"},{"taxonomy":"post_tag","embeddable":true,"href":"https:\/\/historiografija.hr\/index.php?rest_route=%2Fwp%2Fv2%2Ftags&post=36694"}],"curies":[{"name":"wp","href":"https:\/\/api.w.org\/{rel}","templated":true}]}}