{"id":36687,"date":"2023-07-31T13:32:56","date_gmt":"2023-07-31T13:32:56","guid":{"rendered":"http:\/\/historiografija.hr\/?p=36687"},"modified":"2023-07-31T13:32:56","modified_gmt":"2023-07-31T13:32:56","slug":"franz-kafka-dnevnici-svezak-3-1914-1923","status":"publish","type":"post","link":"https:\/\/historiografija.hr\/?p=36687","title":{"rendered":"Franz Kafka, \u201eDnevnici \u2013 Svezak 3. 1914\u20131923.\u201c"},"content":{"rendered":"\n<p>Iako je Franz Kafka jedan od najve\u0107ih, naj\u010ditanijih i najutjecajnijih autora dvadesetog stolje\u0107a, i danas nam je nedoku\u010div, a njegov \u017eivot i knji\u017eevna ostav\u0161tina podlo\u017eni su raznim interpretacijama. Ovi nam dnevni\u010dki zapisi daju uvid u pravog Kafku, \u010dovjeka iza zagonetnog umjetnika, sa svim svojim osje\u0107ajima, strahovima, ambicijama i sanjarenjima.<\/p>\n\n\n\n<p>Pokrivaju\u0107i razdoblje od 1909. do 1923, samo godinu dana prije autorove prerane smrti, <em>Dnevnici<\/em> nam otvaraju vrata Kafkina svijeta, nude\u0107i nam iznimno zanimljive bilje\u0161ke o kulturnome i dru\u0161tvenom \u017eivotu u Pragu na po\u010detku dvadesetoga stolje\u0107a. Ni\u0161ta manje zanimljivi nisu Kafkini zapisi o osje\u0107ajima prema ocu kojeg je obo\u017eavao i s kojim, zbog ambicija koje je nastojao prenijeti na sina, nije uspio uspostaviti skladne odnose, prema svom prijatelju i biografu Maxu Brodu te prema \u017eeni s kojom se nikad nije vjen\u010dao. Na koncu, fascinantni su i zapisi vlastitih snova iza kojih stoji neprestan osje\u0107aj krivnje i Kafkina borba da se doka\u017ee kao pisac u svijetu vo\u0111enom mra\u010dnim i nepoznatim mehanizmima.<\/p>\n\n\n\n<p><em>Dnevnici <\/em>nisu samo neophodni za razumijevanje Kafke i njegovih romana i pripovijedaka, ve\u0107 su \u010ditak prikaz jednoga nevjerojatno burnog \u017eivota koji nagoni na razmi\u0161ljanje.<\/p>\n\n\n\n<p><em>Kada ispitujem samoga sebe o svojoj kona\u010dnoj svrsi, pokazuje se da zapravo ne te\u017eim tomu da postanem dobar \u010dovjek i budem u skladu s najvi\u0161om zapovijedi, ve\u0107, upravo suprotno, nastojim sagledati cijelu zajednicu, ljudsku i \u017eivotinjsku, njihove posebne sklonosti, \u017eelje, \u0107udoredne ideale, svesti ih na jednostavne propise i \u0161to prije razviti se u tom smjeru da postanem po svemu prihvatljiv svima i to toliko po volji svima da bih smio, ne gube\u0107i op\u0107u ljubav, kona\u010dno kao jedini gre\u0161nik kojega ne\u0107e spaliti, u meni nastanjene prostote provoditi otvoreno, pred o\u010dima svih. Ukratko, stalo mi je samo do suda ljudi, a taj bih sud htio obmanuti, dodu\u0161e da ne po\u010dinim obmanu.<\/em><\/p>\n\n\n\n<p>* * *<\/p>\n\n\n\n<p><em>Je li mogu\u0107e da ja budu\u0107nost prvo spoznajem razumom i \u017eeljom najprije u njezinim hladnim obrisima, pa da tek onda, potaknut njima, postupno dospijevam u tu istu budu\u0107nost?<\/em><\/p>\n\n\n\n<p><em>* * *<\/em><\/p>\n\n\n\n<p><em>Smiluj mi se, gre\u0161an sam svakim dijelom svojega bi\u0107a. Ta imao sam sasvim pristojne sklonosti, dobre male talente, rasipao sam ih, neupu\u0107en kakav sam bio, sada sam blizu kraja, upravo u vrijeme kada bi se izvana za mene sve moglo kona\u010dno okrenuti na dobro. Ne bacajte me me\u0111u izgubljene. Znam da iz toga progovara moje smije\u0161no samoljublje, bilo da je gledano izbliza ili izdaleka, no budu\u0107i da sam \u017eiv, imam i ljubav prema sebi, a ako \u017eivot nije smije\u0161an, onda ne mogu biti smije\u0161ni ni njegovi izrazi.<\/em><\/p>\n\n\n\n<p>* * *<\/p>\n\n\n\n<p><em>Ima\u0161 priliku za novi po\u010detak, onoliko koliko takva prilika uop\u0107e postoji. Nemoj je potratiti. \u017deli\u0161 li prodrijeti u svoju nutrinu, ne\u0107e\u0161 mo\u0107i izbje\u0107i prljav\u0161tinu koja izbija iz tebe. No nemoj se valjati u njoj.<\/em><\/p>\n\n\n\n<p>Franz Kafka<\/p>\n\n\n\n<hr class=\"wp-block-separator\"\/>\n\n\n\n<ul class=\"wp-block-list\"><li><strong>ISBN:<\/strong> 978-953-369-025-4<\/li><li><strong>ISBN cjeline:<\/strong> 978-953-369-004-9<\/li><li><strong>Dimenzije:<\/strong> 142\u00d7205 mm<\/li><li><strong>Broj stranica:<\/strong> 220<\/li><li><strong>Uvez:<\/strong> meki<\/li><li><strong>Godina izdanja:<\/strong> 2023.<\/li><li><strong>Naslov izvornika:<\/strong> Tageb\u00fccher<\/li><li><strong>Jezik izvornika:<\/strong> njema\u010dki<\/li><li><strong>Prijevod:<\/strong> Nade\u017eda \u010ca\u010dinovi\u010d<\/li><\/ul>\n\n\n\n<hr class=\"wp-block-separator\"\/>\n\n\n\n<p>Izvor:<\/p>\n\n\n\n<p><a href=\"https:\/\/tim-press.hr\/hr\/knjige\/dnevnici-svezak-3\/\">https:\/\/tim-press.hr\/hr\/knjige\/dnevnici-svezak-3\/<\/a><\/p>\n\n\n\n<hr class=\"wp-block-separator\"\/>\n","protected":false},"excerpt":{"rendered":"","protected":false},"author":2,"featured_media":36688,"comment_status":"open","ping_status":"open","sticky":false,"template":"","format":"standard","meta":{"_acf_changed":false,"jetpack_post_was_ever_published":false,"_jetpack_newsletter_access":"","_jetpack_dont_email_post_to_subs":false,"_jetpack_newsletter_tier_id":0,"_jetpack_memberships_contains_paywalled_content":false,"_jetpack_memberships_contains_paid_content":false,"footnotes":"","jetpack_publicize_message":"","jetpack_publicize_feature_enabled":true,"jetpack_social_post_already_shared":true,"jetpack_social_options":{"image_generator_settings":{"template":"highway","default_image_id":0,"font":"","enabled":false},"version":2}},"categories":[8,3,12],"tags":[],"class_list":["post-36687","post","type-post","status-publish","format-standard","has-post-thumbnail","hentry","category-knjige","category-novosti","category-knjizevnost"],"acf":{"facebook_opis":""},"jetpack_publicize_connections":[],"jetpack_featured_media_url":"https:\/\/i0.wp.com\/historiografija.hr\/wp-content\/uploads\/2023\/07\/Kafka_III.jpg?fit=300%2C465&ssl=1","jetpack_sharing_enabled":true,"jetpack-related-posts":[],"_links":{"self":[{"href":"https:\/\/historiografija.hr\/index.php?rest_route=\/wp\/v2\/posts\/36687","targetHints":{"allow":["GET"]}}],"collection":[{"href":"https:\/\/historiografija.hr\/index.php?rest_route=\/wp\/v2\/posts"}],"about":[{"href":"https:\/\/historiografija.hr\/index.php?rest_route=\/wp\/v2\/types\/post"}],"author":[{"embeddable":true,"href":"https:\/\/historiografija.hr\/index.php?rest_route=\/wp\/v2\/users\/2"}],"replies":[{"embeddable":true,"href":"https:\/\/historiografija.hr\/index.php?rest_route=%2Fwp%2Fv2%2Fcomments&post=36687"}],"version-history":[{"count":1,"href":"https:\/\/historiografija.hr\/index.php?rest_route=\/wp\/v2\/posts\/36687\/revisions"}],"predecessor-version":[{"id":36689,"href":"https:\/\/historiografija.hr\/index.php?rest_route=\/wp\/v2\/posts\/36687\/revisions\/36689"}],"wp:featuredmedia":[{"embeddable":true,"href":"https:\/\/historiografija.hr\/index.php?rest_route=\/wp\/v2\/media\/36688"}],"wp:attachment":[{"href":"https:\/\/historiografija.hr\/index.php?rest_route=%2Fwp%2Fv2%2Fmedia&parent=36687"}],"wp:term":[{"taxonomy":"category","embeddable":true,"href":"https:\/\/historiografija.hr\/index.php?rest_route=%2Fwp%2Fv2%2Fcategories&post=36687"},{"taxonomy":"post_tag","embeddable":true,"href":"https:\/\/historiografija.hr\/index.php?rest_route=%2Fwp%2Fv2%2Ftags&post=36687"}],"curies":[{"name":"wp","href":"https:\/\/api.w.org\/{rel}","templated":true}]}}