{"id":36671,"date":"2023-07-27T22:22:54","date_gmt":"2023-07-27T22:22:54","guid":{"rendered":"http:\/\/historiografija.hr\/?p=36671"},"modified":"2023-07-27T22:22:54","modified_gmt":"2023-07-27T22:22:54","slug":"amin-maalouf-stijena-tanios","status":"publish","type":"post","link":"https:\/\/historiografija.hr\/?p=36671","title":{"rendered":"Amin Maalouf, \u201eStijena Tanios\u201c"},"content":{"rendered":"\n<p>Stijena Tanios jo\u0161 je jedan izniman roman koji istra\u017euje mitove i strasti libanonske pro\u0161losti. Znala\u010dki kontroliraju\u0107i vi\u0161estranu naraciju velike ljepote i snage, Maalouf ispisuje povijest jednog neobi\u010dnog \u017eivota: \u017eivota Taniosova, djeteta planina.<\/p>\n\n\n\n<p>U bajkolikom libanonskom mjesta\u0161cu Kfarjabda, u libanonskim gorama, postoji neobi\u010dna stijena koju prati prokletstvo. \u017dele\u0107i proniknuti u njenu tajnu, pisac pripovijeda o ljubavi, osveti i politi\u010dkim intrigama, kopa po davnoj zavi\u010dajnoj pro\u0161losti i poku\u0161ava povezati dijelove jednog ljetopisa s po\u010detka 19. stolje\u0107a sa seoskim sje\u0107anjima na burno vrijeme sukoba lokalnih feudalaca, turskog sultana i egipatskog pa\u0161e, a preko njih i zapadnih sila i kolonijalnih rivala, opisuju\u0107i svu slo\u017eenost Libanona u vrijeme Osmanskog carstva. \u010citatelj upoznaje mno\u0161tvo \u017eivopisnih likova, poput donhuanovskog \u0161ejha Francisa, u\u010denog mazgara Nadera koji \u010dita ja\u0161u\u0107i, engleskog pastora koji otvara \u0161kolu u muslimanskom selu, gruzijske prostitutke, patrijarha koji je na ni\u0161anu engleskog konzula ili prelijepe Lamije koja svoju ljepotu nosi kao prokletstvo, a ponajprije zagonetnog sjedokosog mladi\u0107a Taniosa, koji postaje heroj omiljene legende.<\/p>\n\n\n\n<p>Smrt, fanatizam i krv zape\u010datit \u0107e sudbinu mnogih Maalofovih junaka i primorati mladog Taniosa da krene na put progonstva u potrazi za vlastitim identitetom. Stijena Tanios pustolovno je romaneskno putovanje na tajanstveni i izma\u0161tani Orijent, no u ovom romanu pripovjeda\u010d istra\u017euje i umije\u0161anost vlastite obitelji u legendu o Taniosu: nesretni je Tanios ubio prelata nakon \u0161to mu je ovaj ukrao \u017eenu i potom trideset godina lutao Mediteranom prije nego \u0161to je i sam ubijen i pretvoren u stijenu.<\/p>\n\n\n\n<hr class=\"wp-block-separator\"\/>\n\n\n\n<p><strong>Amin Maalouf<\/strong><\/p>\n\n\n\n<p>Amin Maalouf ro\u0111en je u Bejrutu 1949. godine. U Francuskoj \u017eivi od 1976. Studirao je sociologiju i ekonomiju, radio je kao novinar i ratni izvjestitelj. Autor je sedam romana: L\u00e9on Afrikanac (1986), Samarkand (1988), Vrtovi svjetlosti (1991), Prvo stolje\u0107e nakon B\u00e9atrice (1992), Stijena Tanios (1993), Ljestve Levanta (1996), Baldassareova plovidba (2002), Dezorijentirani (2012) i Na\u0161a neo\u010dekivana bra\u0107a (2022). Objavio je i nefikcionalne knjige: Kri\u017earski pohodi vi\u0111eni o\u010dima Arapa (1983), U ime identiteta (1998) i Porijeklo (2002). Za roman Stijena Tanios godine 1993. dobio je Goncourtovu nagradu. \u010clan je Francuske akademije od 2011. godine. Djela su mu prevedena na \u010detrdeset stranih jezika.<\/p>\n\n\n\n<hr class=\"wp-block-separator\"\/>\n\n\n\n<p>Nakladnik: Naklada Ljevak<\/p>\n\n\n\n<p>Biblioteka: Biblioteka Cicero<\/p>\n\n\n\n<p>Jezik: hrvatski<\/p>\n\n\n\n<p>Broj stranica: 304<\/p>\n\n\n\n<p>Godina izdanja: 2022<\/p>\n\n\n\n<p>Prevoditelj: Maja Vuku\u0161i\u0107 Zorica<\/p>\n\n\n\n<hr class=\"wp-block-separator\"\/>\n\n\n\n<p>Izvor:<\/p>\n\n\n\n<p><a href=\"https:\/\/www.ljevak.hr\/amin-maalouf\/29329-stijena-tanios.html\">https:\/\/www.ljevak.hr\/amin-maalouf\/29329-stijena-tanios.html<\/a><\/p>\n\n\n\n<hr class=\"wp-block-separator\"\/>\n","protected":false},"excerpt":{"rendered":"","protected":false},"author":2,"featured_media":36672,"comment_status":"open","ping_status":"open","sticky":false,"template":"","format":"standard","meta":{"_acf_changed":false,"jetpack_post_was_ever_published":false,"_jetpack_newsletter_access":"","_jetpack_dont_email_post_to_subs":false,"_jetpack_newsletter_tier_id":0,"_jetpack_memberships_contains_paywalled_content":false,"_jetpack_memberships_contains_paid_content":false,"footnotes":"","jetpack_publicize_message":"","jetpack_publicize_feature_enabled":true,"jetpack_social_post_already_shared":true,"jetpack_social_options":{"image_generator_settings":{"template":"highway","default_image_id":0,"font":"","enabled":false},"version":2}},"categories":[3,12],"tags":[],"class_list":["post-36671","post","type-post","status-publish","format-standard","has-post-thumbnail","hentry","category-novosti","category-knjizevnost"],"acf":{"facebook_opis":""},"jetpack_publicize_connections":[],"jetpack_featured_media_url":"https:\/\/i0.wp.com\/historiografija.hr\/wp-content\/uploads\/2023\/07\/stijena-tanios.jpg?fit=570%2C678&ssl=1","jetpack_sharing_enabled":true,"jetpack-related-posts":[],"_links":{"self":[{"href":"https:\/\/historiografija.hr\/index.php?rest_route=\/wp\/v2\/posts\/36671","targetHints":{"allow":["GET"]}}],"collection":[{"href":"https:\/\/historiografija.hr\/index.php?rest_route=\/wp\/v2\/posts"}],"about":[{"href":"https:\/\/historiografija.hr\/index.php?rest_route=\/wp\/v2\/types\/post"}],"author":[{"embeddable":true,"href":"https:\/\/historiografija.hr\/index.php?rest_route=\/wp\/v2\/users\/2"}],"replies":[{"embeddable":true,"href":"https:\/\/historiografija.hr\/index.php?rest_route=%2Fwp%2Fv2%2Fcomments&post=36671"}],"version-history":[{"count":1,"href":"https:\/\/historiografija.hr\/index.php?rest_route=\/wp\/v2\/posts\/36671\/revisions"}],"predecessor-version":[{"id":36673,"href":"https:\/\/historiografija.hr\/index.php?rest_route=\/wp\/v2\/posts\/36671\/revisions\/36673"}],"wp:featuredmedia":[{"embeddable":true,"href":"https:\/\/historiografija.hr\/index.php?rest_route=\/wp\/v2\/media\/36672"}],"wp:attachment":[{"href":"https:\/\/historiografija.hr\/index.php?rest_route=%2Fwp%2Fv2%2Fmedia&parent=36671"}],"wp:term":[{"taxonomy":"category","embeddable":true,"href":"https:\/\/historiografija.hr\/index.php?rest_route=%2Fwp%2Fv2%2Fcategories&post=36671"},{"taxonomy":"post_tag","embeddable":true,"href":"https:\/\/historiografija.hr\/index.php?rest_route=%2Fwp%2Fv2%2Ftags&post=36671"}],"curies":[{"name":"wp","href":"https:\/\/api.w.org\/{rel}","templated":true}]}}