{"id":36654,"date":"2023-07-27T21:12:53","date_gmt":"2023-07-27T21:12:53","guid":{"rendered":"http:\/\/historiografija.hr\/?p=36654"},"modified":"2023-07-27T21:23:56","modified_gmt":"2023-07-27T21:23:56","slug":"sabina-loriga-jacques-revel-une-histoire-inquiete-les-historiens-et-le-tournant-linguistique","status":"publish","type":"post","link":"https:\/\/historiografija.hr\/?p=36654","title":{"rendered":"Sabina Loriga, Jacques Revel, \u201eUne histoire inqui\u00e8te. Les historiens et le tournant linguistique\u201c"},"content":{"rendered":"\n<p>Objavljena je 2022. godine knjiga Sabine Lorige i Jacquesa Revela koja sa\u017eima i iznova preispituje izazove \u0161to ih je \u201elingvisti\u010dki obrat\u201c svojevremeno postavio pred historiografiju.<\/p>\n\n\n\n<hr class=\"wp-block-separator\"\/>\n\n\n\n<p>L\u2019histoire est une discipline traditionnellement confiante. Depuis le XIX<sup>e<\/sup> si\u00e8cle au moins, les historiens se sont accord\u00e9s sur un ensemble de r\u00e8gles et de conventions qui garantissaient tout \u00e0 la fois la production de connaissances objectives et v\u00e9rifiables, l\u2019affirmation d\u2019une communaut\u00e9 de m\u00e9tier et l\u2019\u00e9laboration d\u2019un r\u00e9cit partag\u00e9. Ce sont ces convictions essentielles qu\u2019est venu \u00e9branler le tournant linguistique, qui pose que le langage, loin d\u2019\u00eatre un medium neutre, participe de la construction du monde dans lequel nous vivons et que nous \u00e9tudions.<\/p>\n\n\n\n<p>Il s\u2019agit d\u2019un moment relativement bref \u2013 deux d\u00e9cennies \u00e0 partir des ann\u00e9es 1970 \u2013 mais intense, qui, depuis les \u00c9tats-Unis, a \u00e9t\u00e9 \u00e0 l\u2019origine de fortes turbulences au sein de l\u2019historiographie et, au-del\u00e0, dans toute une part des sciences sociales et des humanit\u00e9s. Dans ses versions les plus radicales, il a pu aboutir \u00e0 une rupture entre les mots et les choses, au d\u00e9ni de tout rapport \u00e0 la r\u00e9alit\u00e9 et \u00e0 la mise en cause de la possibilit\u00e9 m\u00eame d\u2019une connaissance du pass\u00e9. Des questions ont \u00e9t\u00e9 pos\u00e9es, dont certaines restent ouvertes. L\u2019histoire est aujourd\u2019hui moins assur\u00e9e de ses certitudes qu\u2019elle ne l\u2019\u00e9tait. Elle est sans nul doute plus inqui\u00e8te.<\/p>\n\n\n\n<p>Les auteurs se proposent de reconstruire \u00e0 travers cet ouvrage la dynamique d\u2019un mouvement, le patchwork th\u00e9orique qu\u2019il a mobilis\u00e9, pour comprendre l\u2019attraction qu\u2019il a exerc\u00e9e, les pol\u00e9miques et les rejets qu\u2019il a suscit\u00e9s, en repla\u00e7ant le tournant linguistique dans le cadre plus large du moment postmoderne qui, dans les m\u00eames ann\u00e9es, traduit le sentiment d\u2019un \u00e9puisement des valeurs et des formes sociales, politiques, culturelles, associ\u00e9es \u00e0 la modernit\u00e9.<\/p>\n\n\n\n<p>\u00c9diteur: \u00c9ditions de l&#8217;EHESS \/ Seuil \/ Gallimard<\/p>\n\n\n\n<p>Date de parution: octobre, 2022<\/p>\n\n\n\n<hr class=\"wp-block-separator\"\/>\n\n\n\n<p><a href=\"https:\/\/www.ehess.fr\/fr\/ouvrage\/histoire-inqui%C3%A8te-historiens-et-tournant-linguistique\">https:\/\/www.ehess.fr\/fr\/ouvrage\/histoire-inqui%C3%A8te-historiens-et-tournant-linguistique<\/a><\/p>\n\n\n\n<p><a href=\"https:\/\/www.librairie-gallimard.com\/livre\/9782021516753-une-histoire-inquiete-les-historiens-et-le-tournant-linguistique-sabina-loriga-jacques-revel\/\">https:\/\/www.librairie-gallimard.com\/livre\/9782021516753-une-histoire-inquiete-les-historiens-et-le-tournant-linguistique-sabina-loriga-jacques-revel\/<\/a><\/p>\n\n\n\n<p><a href=\"https:\/\/www.seuil.com\/ouvrage\/une-histoire-inquiete-sabina-loriga\/9782021516753\">https:\/\/www.seuil.com\/ouvrage\/une-histoire-inquiete-sabina-loriga\/9782021516753<\/a><\/p>\n\n\n\n<hr class=\"wp-block-separator\"\/>\n\n\n\n<p><a href=\"https:\/\/www.radiofrance.fr\/franceculture\/podcasts\/signes-des-temps\/21eme-siecle-une-histoire-impossible-7111921\">https:\/\/www.radiofrance.fr\/franceculture\/podcasts\/signes-des-temps\/21eme-siecle-une-histoire-impossible-7111921<\/a><\/p>\n\n\n\n<p><a href=\"https:\/\/www.humanite.fr\/histoire\/histoire\/quand-la-verite-chancelle-789743\">https:\/\/www.humanite.fr\/histoire\/histoire\/quand-la-verite-chancelle-789743<\/a><\/p>\n\n\n\n<figure class=\"wp-block-embed-wordpress wp-block-embed is-type-wp-embed is-provider-semaine-de-l-039-histoire\"><div class=\"wp-block-embed__wrapper\">\n<blockquote class=\"wp-embedded-content\" data-secret=\"P4RxoJMwaa\"><a href=\"https:\/\/semainedelhistoire.com\/thematiques\/retour-sur-le-linguistic-turn\/\">Retour sur le linguistic turn<\/a><\/blockquote><iframe loading=\"lazy\" class=\"wp-embedded-content\" sandbox=\"allow-scripts\" security=\"restricted\" style=\"position: absolute; clip: rect(1px, 1px, 1px, 1px);\" title=\"\u00ab\u00a0Retour sur le linguistic turn\u00a0\u00bb &#8212; Semaine de l&#039;Histoire\" src=\"https:\/\/semainedelhistoire.com\/thematiques\/retour-sur-le-linguistic-turn\/embed\/#?secret=CQh78yXIML#?secret=P4RxoJMwaa\" data-secret=\"P4RxoJMwaa\" width=\"600\" height=\"338\" frameborder=\"0\" marginwidth=\"0\" marginheight=\"0\" scrolling=\"no\"><\/iframe>\n<\/div><\/figure>\n\n\n\n<hr class=\"wp-block-separator\"\/>\n\n\n\n<p><\/p>\n","protected":false},"excerpt":{"rendered":"","protected":false},"author":2,"featured_media":36655,"comment_status":"open","ping_status":"open","sticky":false,"template":"","format":"standard","meta":{"_acf_changed":false,"jetpack_post_was_ever_published":false,"_jetpack_newsletter_access":"","_jetpack_dont_email_post_to_subs":false,"_jetpack_newsletter_tier_id":0,"_jetpack_memberships_contains_paywalled_content":false,"_jetpack_memberships_contains_paid_content":false,"footnotes":"","jetpack_publicize_message":"","jetpack_publicize_feature_enabled":true,"jetpack_social_post_already_shared":true,"jetpack_social_options":{"image_generator_settings":{"template":"highway","default_image_id":0,"font":"","enabled":false},"version":2}},"categories":[8,3],"tags":[],"class_list":["post-36654","post","type-post","status-publish","format-standard","has-post-thumbnail","hentry","category-knjige","category-novosti"],"acf":{"facebook_opis":""},"jetpack_publicize_connections":[],"jetpack_featured_media_url":"https:\/\/i0.wp.com\/historiografija.hr\/wp-content\/uploads\/2023\/07\/une-histoire-inquiete.jpg?fit=400%2C628&ssl=1","jetpack_sharing_enabled":true,"jetpack-related-posts":[],"_links":{"self":[{"href":"https:\/\/historiografija.hr\/index.php?rest_route=\/wp\/v2\/posts\/36654","targetHints":{"allow":["GET"]}}],"collection":[{"href":"https:\/\/historiografija.hr\/index.php?rest_route=\/wp\/v2\/posts"}],"about":[{"href":"https:\/\/historiografija.hr\/index.php?rest_route=\/wp\/v2\/types\/post"}],"author":[{"embeddable":true,"href":"https:\/\/historiografija.hr\/index.php?rest_route=\/wp\/v2\/users\/2"}],"replies":[{"embeddable":true,"href":"https:\/\/historiografija.hr\/index.php?rest_route=%2Fwp%2Fv2%2Fcomments&post=36654"}],"version-history":[{"count":8,"href":"https:\/\/historiografija.hr\/index.php?rest_route=\/wp\/v2\/posts\/36654\/revisions"}],"predecessor-version":[{"id":36663,"href":"https:\/\/historiografija.hr\/index.php?rest_route=\/wp\/v2\/posts\/36654\/revisions\/36663"}],"wp:featuredmedia":[{"embeddable":true,"href":"https:\/\/historiografija.hr\/index.php?rest_route=\/wp\/v2\/media\/36655"}],"wp:attachment":[{"href":"https:\/\/historiografija.hr\/index.php?rest_route=%2Fwp%2Fv2%2Fmedia&parent=36654"}],"wp:term":[{"taxonomy":"category","embeddable":true,"href":"https:\/\/historiografija.hr\/index.php?rest_route=%2Fwp%2Fv2%2Fcategories&post=36654"},{"taxonomy":"post_tag","embeddable":true,"href":"https:\/\/historiografija.hr\/index.php?rest_route=%2Fwp%2Fv2%2Ftags&post=36654"}],"curies":[{"name":"wp","href":"https:\/\/api.w.org\/{rel}","templated":true}]}}