{"id":36638,"date":"2023-07-26T13:44:09","date_gmt":"2023-07-26T13:44:09","guid":{"rendered":"http:\/\/historiografija.hr\/?p=36638"},"modified":"2023-07-26T13:52:19","modified_gmt":"2023-07-26T13:52:19","slug":"francois-dosse-les-verites-du-roman-une-histoire-du-temps-present","status":"publish","type":"post","link":"https:\/\/historiografija.hr\/?p=36638","title":{"rendered":"Fran\u00e7ois Dosse, \u201eLes v\u00e9rit\u00e9s du roman &#8211; Une histoire du temps pr\u00e9sent\u201c"},"content":{"rendered":"\n<p>Francuski povjesni\u010dar Fran\u00e7ois Dosse (o \u010dijim smo djelima ve\u0107 obavje\u0161tavali na portalu) objavio je 2023. godine opse\u017enu knjigu o odnosu izme\u0111u knji\u017eevnosti i povijesti, izme\u0111u povjesni\u010dara i romanopisaca te o nizu drugih me\u0111usobnih poveznica.<\/p>\n\n\n\n<hr class=\"wp-block-separator\"\/>\n\n\n\n<p>Que peut la litt\u00e9rature ? Qu\u2019a-t-elle encore \u00e0 nous dire ? Sur nous-m\u00eames, sur l\u2019histoire ? Certains la croient moribonde, coup\u00e9e du r\u00e9el \u00e0 force de se vouloir intellectuelle. D\u2019autres l\u2019accusent au contraire de n\u2019\u00eatre plus que l\u2019exutoire sordide des passions et traumas d\u2019auteurs \u00e9gocentr\u00e9s. Alors, serait-elle perdue ? Sa force s\u2019en serait-elle all\u00e9e ? La litt\u00e9rature fran\u00e7aise contemporaine atteste en r\u00e9alit\u00e9 la richesse sans pareil de la fiction et son lien sans cesse renouvel\u00e9 avec la soci\u00e9t\u00e9 pour en dire les malaises, les d\u00e9chirements, les souffrances.<\/p>\n\n\n\n<p>Il fallait Fran\u00e7ois Dosse pour r\u00e9v\u00e9ler toute la force des \u00e9changes toujours r\u00e9invent\u00e9s entre le cours des choses et l\u2019\u00e9crit. Quand les lettres s\u2019emparent des \u00e9v\u00e9nements, l\u2019histoire fa\u00e7onne le r\u00e9cit. Et le r\u00e9cit se fait enqu\u00eate pour mieux s\u2019emparer du r\u00e9el.<br><\/p>\n\n\n\n<p>Car non, le roman n\u2019est pas mort, affirme Fran\u00e7ois Dosse. Convoquant la grande histoire des mouvements, les oeuvres phares et les plus belles plumes, il raconte la litt\u00e9rature en sa puissance narrative, en son incomparable pouvoir.<br>Une exploration passionn\u00e9e. Une histoire monumentale.<\/p>\n\n\n\n<hr class=\"wp-block-separator\"\/>\n\n\n\n<p><em>Historien, Fran\u00e7ois Dosse est professeur \u00e9m\u00e9rite des universit\u00e9s.<\/em> <em>Il est l\u2019auteur de nombreux ouvrages parmi lesquels des biographies remarqu\u00e9es de grands penseurs du xxe si\u00e8cle, dont Paul Ricoeur et Gilles Deleuze. Il a r\u00e9cemment publi\u00e9<\/em> La Saga des intellectuels fran\u00e7ais (1944-1989).<\/p>\n\n\n\n<hr class=\"wp-block-separator\"\/>\n\n\n\n<p><a href=\"https:\/\/www.editionsducerf.fr\/librairie\/livre\/19985\/Les-verites-du-roman\">https:\/\/www.editionsducerf.fr\/librairie\/livre\/19985\/Les-verites-du-roman<\/a><\/p>\n\n\n\n<hr class=\"wp-block-separator\"\/>\n","protected":false},"excerpt":{"rendered":"","protected":false},"author":2,"featured_media":36639,"comment_status":"open","ping_status":"open","sticky":false,"template":"","format":"standard","meta":{"_acf_changed":false,"jetpack_post_was_ever_published":false,"_jetpack_newsletter_access":"","_jetpack_dont_email_post_to_subs":false,"_jetpack_newsletter_tier_id":0,"_jetpack_memberships_contains_paywalled_content":false,"_jetpack_memberships_contains_paid_content":false,"footnotes":"","jetpack_publicize_message":"","jetpack_publicize_feature_enabled":true,"jetpack_social_post_already_shared":true,"jetpack_social_options":{"image_generator_settings":{"template":"highway","default_image_id":0,"font":"","enabled":false},"version":2}},"categories":[8,3,12],"tags":[],"class_list":["post-36638","post","type-post","status-publish","format-standard","has-post-thumbnail","hentry","category-knjige","category-novosti","category-knjizevnost"],"acf":{"facebook_opis":""},"jetpack_publicize_connections":[],"jetpack_featured_media_url":"https:\/\/i0.wp.com\/historiografija.hr\/wp-content\/uploads\/2023\/07\/Dosse.png?fit=246%2C382&ssl=1","jetpack_sharing_enabled":true,"jetpack-related-posts":[],"_links":{"self":[{"href":"https:\/\/historiografija.hr\/index.php?rest_route=\/wp\/v2\/posts\/36638","targetHints":{"allow":["GET"]}}],"collection":[{"href":"https:\/\/historiografija.hr\/index.php?rest_route=\/wp\/v2\/posts"}],"about":[{"href":"https:\/\/historiografija.hr\/index.php?rest_route=\/wp\/v2\/types\/post"}],"author":[{"embeddable":true,"href":"https:\/\/historiografija.hr\/index.php?rest_route=\/wp\/v2\/users\/2"}],"replies":[{"embeddable":true,"href":"https:\/\/historiografija.hr\/index.php?rest_route=%2Fwp%2Fv2%2Fcomments&post=36638"}],"version-history":[{"count":4,"href":"https:\/\/historiografija.hr\/index.php?rest_route=\/wp\/v2\/posts\/36638\/revisions"}],"predecessor-version":[{"id":36643,"href":"https:\/\/historiografija.hr\/index.php?rest_route=\/wp\/v2\/posts\/36638\/revisions\/36643"}],"wp:featuredmedia":[{"embeddable":true,"href":"https:\/\/historiografija.hr\/index.php?rest_route=\/wp\/v2\/media\/36639"}],"wp:attachment":[{"href":"https:\/\/historiografija.hr\/index.php?rest_route=%2Fwp%2Fv2%2Fmedia&parent=36638"}],"wp:term":[{"taxonomy":"category","embeddable":true,"href":"https:\/\/historiografija.hr\/index.php?rest_route=%2Fwp%2Fv2%2Fcategories&post=36638"},{"taxonomy":"post_tag","embeddable":true,"href":"https:\/\/historiografija.hr\/index.php?rest_route=%2Fwp%2Fv2%2Ftags&post=36638"}],"curies":[{"name":"wp","href":"https:\/\/api.w.org\/{rel}","templated":true}]}}