{"id":36631,"date":"2023-07-26T13:09:00","date_gmt":"2023-07-26T13:09:00","guid":{"rendered":"http:\/\/historiografija.hr\/?p=36631"},"modified":"2023-07-26T13:11:15","modified_gmt":"2023-07-26T13:11:15","slug":"nagrade-pulskog-filmskog-festivala-2023","status":"publish","type":"post","link":"https:\/\/historiografija.hr\/?p=36631","title":{"rendered":"Nagrade Pulskog filmskog festivala 2023."},"content":{"rendered":"\n<p>Na 70. Pulskom filmskom festivalu nagra\u0111eni su, me\u0111u ostalim, dokumentarni filmovi \u201cVe\u0107e od traume\u201c (\u201eo psiholo\u0161koj rehabilitaciji i vra\u0107anju dostojanstva \u017ertvama ratnih silovanja\u201c) i \u201cDosje Labudovi\u0107: Nesvrstani\u201d (koji \u201ena nov na\u010din osvjetljava nastanak Pokreta nesvrstanih i pozicionira va\u017enost filmskog medija u kreiranju ugleda i obuhvatnosti tog pokreta\u201c) te film \u201cNajsretniji \u010dovjek na svijetu\u201d (o \u010dovjeku kojeg \u201erazdire nesavladiv osje\u0107aj krivice za dramati\u010dne doga\u0111aje iz pro\u0161losti (\u2026) u kojima je sudjelovao i kao \u017ertva i kao agresor\u201c).<\/p>\n\n\n\n<hr class=\"wp-block-separator\"\/>\n\n\n\n<p>Op\u0161irnije:<\/p>\n\n\n\n<p><a href=\"https:\/\/pulafilmfestival.hr\/najbolji-film-pule-je-dokumentarac-vece-od-traume-publika-svim-filmovima-dala-vise-od-4\/\">https:\/\/pulafilmfestival.hr\/najbolji-film-pule-je-dokumentarac-vece-od-traume-publika-svim-filmovima-dala-vise-od-4\/<\/a><\/p>\n\n\n\n<hr class=\"wp-block-separator\"\/>\n","protected":false},"excerpt":{"rendered":"","protected":false},"author":2,"featured_media":36632,"comment_status":"open","ping_status":"open","sticky":false,"template":"","format":"standard","meta":{"_acf_changed":false,"jetpack_post_was_ever_published":false,"_jetpack_newsletter_access":"","_jetpack_dont_email_post_to_subs":false,"_jetpack_newsletter_tier_id":0,"_jetpack_memberships_contains_paywalled_content":false,"_jetpack_memberships_contains_paid_content":false,"footnotes":"","jetpack_publicize_message":"","jetpack_publicize_feature_enabled":true,"jetpack_social_post_already_shared":true,"jetpack_social_options":{"image_generator_settings":{"template":"highway","default_image_id":0,"font":"","enabled":false},"version":2}},"categories":[13,3],"tags":[],"class_list":["post-36631","post","type-post","status-publish","format-standard","has-post-thumbnail","hentry","category-filmovi-i-serije","category-novosti"],"acf":{"facebook_opis":""},"jetpack_publicize_connections":[],"jetpack_featured_media_url":"https:\/\/i0.wp.com\/historiografija.hr\/wp-content\/uploads\/2023\/07\/Vece-od-traume.jpg?fit=1280%2C670&ssl=1","jetpack_sharing_enabled":true,"jetpack-related-posts":[],"_links":{"self":[{"href":"https:\/\/historiografija.hr\/index.php?rest_route=\/wp\/v2\/posts\/36631","targetHints":{"allow":["GET"]}}],"collection":[{"href":"https:\/\/historiografija.hr\/index.php?rest_route=\/wp\/v2\/posts"}],"about":[{"href":"https:\/\/historiografija.hr\/index.php?rest_route=\/wp\/v2\/types\/post"}],"author":[{"embeddable":true,"href":"https:\/\/historiografija.hr\/index.php?rest_route=\/wp\/v2\/users\/2"}],"replies":[{"embeddable":true,"href":"https:\/\/historiografija.hr\/index.php?rest_route=%2Fwp%2Fv2%2Fcomments&post=36631"}],"version-history":[{"count":2,"href":"https:\/\/historiografija.hr\/index.php?rest_route=\/wp\/v2\/posts\/36631\/revisions"}],"predecessor-version":[{"id":36634,"href":"https:\/\/historiografija.hr\/index.php?rest_route=\/wp\/v2\/posts\/36631\/revisions\/36634"}],"wp:featuredmedia":[{"embeddable":true,"href":"https:\/\/historiografija.hr\/index.php?rest_route=\/wp\/v2\/media\/36632"}],"wp:attachment":[{"href":"https:\/\/historiografija.hr\/index.php?rest_route=%2Fwp%2Fv2%2Fmedia&parent=36631"}],"wp:term":[{"taxonomy":"category","embeddable":true,"href":"https:\/\/historiografija.hr\/index.php?rest_route=%2Fwp%2Fv2%2Fcategories&post=36631"},{"taxonomy":"post_tag","embeddable":true,"href":"https:\/\/historiografija.hr\/index.php?rest_route=%2Fwp%2Fv2%2Ftags&post=36631"}],"curies":[{"name":"wp","href":"https:\/\/api.w.org\/{rel}","templated":true}]}}