{"id":36628,"date":"2023-07-25T22:28:18","date_gmt":"2023-07-25T22:28:18","guid":{"rendered":"http:\/\/historiografija.hr\/?p=36628"},"modified":"2023-07-25T22:28:18","modified_gmt":"2023-07-25T22:28:18","slug":"david-sporer-konformizam-radikalne-misli-kriticki-historijat-metodoloskih-i-politickih-pozicija-michela-foucaulta","status":"publish","type":"post","link":"https:\/\/historiografija.hr\/?p=36628","title":{"rendered":"David \u0160porer, \u201eKONFORMIZAM RADIKALNE MISLI. Kriti\u010dki historijat metodolo\u0161kih i politi\u010dkih pozicija Michela Foucaulta\u201c"},"content":{"rendered":"\n<p>U povijesti dru\u0161tveno-humanisti\u010dkih disciplina u XX. stolje\u0107u va\u017enu ulogu i utjecaj imala su zbivanja na intelektualnoj i akademskoj sceni u Francuskoj, odnosno u Parizu 1960-ih i 1970-ih. Jedan od protagonista tih zbivanja bio je <strong>Michel Foucault<\/strong>, istodobno i zvijezda i apostat strukturalizma, poput jo\u0161 nekih svojih suvremenika. Knjiga <em>Konformizam radikalne misli<\/em> ima tri linije izlaganja u bavljenju Foucaultom, strukturalizmom i poststrukturalizmom. Jedna prati putanju i ulogu Foucaulta u intelektualnoj povijesti ili genezi koja od francuskog strukturalizma i poststrukturalizma vodi do tzv. postmoderne teorije ili, u ameri\u010dkoj recepciji, \u201cFrench Theory\u201d. Druga nastoji, kombiniranjem biografske i dru\u0161tvenopovijesne kontekstualizacije, pokazati u kojoj su mjeri teme kojima se Foucault bavio, kao i njegove stalne promjene i prilagodbe pristupa, bile uvjetovane metodolo\u0161kim strujanjima i preokupacijama njegova doba. Uz kombinaciju prve i druge, tre\u0107a linija izlaganja nastoji kriti\u010dki preispitati neke od predod\u017eaba o Foucaultu, a posebno onu prema kojoj se radilo o svojevrsnom intelektualnom pobunjeniku, radikalnom misliocu koji je usamljeno plivao protiv struje. Nasuprot tome, temeljnu nijansu slike koja se ispod natalo\u017eenih slojeva uvrije\u017eenog mi\u0161ljenja ukazuje na stranicama ove knjige najbolje opisuje formulacija Gy\u00f6rgya Luk\u00e1csa o \u201cnonkonformisti\u010dki maskiranom konformizmu\u201d.<\/p>\n\n\n\n<hr class=\"wp-block-separator\"\/>\n\n\n\n<p>Godina izdanja: 2023<\/p>\n\n\n\n<p>Broj stranica: 356<\/p>\n\n\n\n<hr class=\"wp-block-separator\"\/>\n\n\n\n<p>Pro\u010ditaj po\u010detak knjige:<\/p>\n\n\n\n<p><a href=\"https:\/\/disput.hr\/shop\/konformizam-radikalne-misli\/\">https:\/\/disput.hr\/shop\/konformizam-radikalne-misli\/<\/a><\/p>\n\n\n\n<hr class=\"wp-block-separator\"\/>\n\n\n\n<p><strong>Iz medija:<\/strong><\/p>\n\n\n\n<p><a href=\"https:\/\/www.portalnovosti.com\/david-sporer-foucaultove-teze-nisu-uvijek-radikalne-a-ni-radikalno-nove\">https:\/\/www.portalnovosti.com\/david-sporer-foucaultove-teze-nisu-uvijek-radikalne-a-ni-radikalno-nove<\/a><\/p>\n\n\n\n<p><a href=\"https:\/\/kritika-hdp.hr\/david-sporer-kritika-treba-preispitivati-ono-sto-se-cini-prirodno-i-istinito\/\">https:\/\/kritika-hdp.hr\/david-sporer-kritika-treba-preispitivati-ono-sto-se-cini-prirodno-i-istinito\/<\/a><\/p>\n\n\n\n<figure class=\"wp-block-embed-wordpress wp-block-embed is-type-wp-embed is-provider-novi-list\"><div class=\"wp-block-embed__wrapper\">\n<blockquote class=\"wp-embedded-content\" data-secret=\"pOar0L4o31\"><a href=\"https:\/\/www.novilist.hr\/ostalo\/kultura\/ostalo-kultura\/pise-kim-cuculic-foucaultov-konformizam-radikalne-misli\/\">Pi\u0161e Kim Cuculi\u0107: Foucaultov konformizam radikalne misli<\/a><\/blockquote><iframe loading=\"lazy\" class=\"wp-embedded-content\" sandbox=\"allow-scripts\" security=\"restricted\" style=\"position: absolute; clip: rect(1px, 1px, 1px, 1px);\" title=\"&#8220;Pi\u0161e Kim Cuculi\u0107: Foucaultov konformizam radikalne misli&#8221; &#8212; Novi list\" src=\"https:\/\/www.novilist.hr\/ostalo\/kultura\/ostalo-kultura\/pise-kim-cuculic-foucaultov-konformizam-radikalne-misli\/embed\/#?secret=UGm1B3FX1k#?secret=pOar0L4o31\" data-secret=\"pOar0L4o31\" width=\"600\" height=\"338\" frameborder=\"0\" marginwidth=\"0\" marginheight=\"0\" scrolling=\"no\"><\/iframe>\n<\/div><\/figure>\n\n\n\n<hr class=\"wp-block-separator\"\/>\n\n\n\n<p><strong>Polemi\u010dki osvrt:<\/strong><\/p>\n\n\n\n<p><a href=\"https:\/\/hrcak.srce.hr\/300940\">https:\/\/hrcak.srce.hr\/300940<\/a><\/p>\n\n\n\n<hr class=\"wp-block-separator\"\/>\n","protected":false},"excerpt":{"rendered":"","protected":false},"author":2,"featured_media":36629,"comment_status":"open","ping_status":"open","sticky":false,"template":"","format":"standard","meta":{"_acf_changed":false,"jetpack_post_was_ever_published":false,"_jetpack_newsletter_access":"","_jetpack_dont_email_post_to_subs":false,"_jetpack_newsletter_tier_id":0,"_jetpack_memberships_contains_paywalled_content":false,"_jetpack_memberships_contains_paid_content":false,"footnotes":"","jetpack_publicize_message":"","jetpack_publicize_feature_enabled":true,"jetpack_social_post_already_shared":true,"jetpack_social_options":{"image_generator_settings":{"template":"highway","default_image_id":0,"font":"","enabled":false},"version":2}},"categories":[8,3],"tags":[],"class_list":["post-36628","post","type-post","status-publish","format-standard","has-post-thumbnail","hentry","category-knjige","category-novosti"],"acf":{"facebook_opis":""},"jetpack_publicize_connections":[],"jetpack_featured_media_url":"https:\/\/i0.wp.com\/historiografija.hr\/wp-content\/uploads\/2023\/07\/Sporer.jpg?fit=1038%2C1536&ssl=1","jetpack_sharing_enabled":true,"jetpack-related-posts":[],"_links":{"self":[{"href":"https:\/\/historiografija.hr\/index.php?rest_route=\/wp\/v2\/posts\/36628","targetHints":{"allow":["GET"]}}],"collection":[{"href":"https:\/\/historiografija.hr\/index.php?rest_route=\/wp\/v2\/posts"}],"about":[{"href":"https:\/\/historiografija.hr\/index.php?rest_route=\/wp\/v2\/types\/post"}],"author":[{"embeddable":true,"href":"https:\/\/historiografija.hr\/index.php?rest_route=\/wp\/v2\/users\/2"}],"replies":[{"embeddable":true,"href":"https:\/\/historiografija.hr\/index.php?rest_route=%2Fwp%2Fv2%2Fcomments&post=36628"}],"version-history":[{"count":1,"href":"https:\/\/historiografija.hr\/index.php?rest_route=\/wp\/v2\/posts\/36628\/revisions"}],"predecessor-version":[{"id":36630,"href":"https:\/\/historiografija.hr\/index.php?rest_route=\/wp\/v2\/posts\/36628\/revisions\/36630"}],"wp:featuredmedia":[{"embeddable":true,"href":"https:\/\/historiografija.hr\/index.php?rest_route=\/wp\/v2\/media\/36629"}],"wp:attachment":[{"href":"https:\/\/historiografija.hr\/index.php?rest_route=%2Fwp%2Fv2%2Fmedia&parent=36628"}],"wp:term":[{"taxonomy":"category","embeddable":true,"href":"https:\/\/historiografija.hr\/index.php?rest_route=%2Fwp%2Fv2%2Fcategories&post=36628"},{"taxonomy":"post_tag","embeddable":true,"href":"https:\/\/historiografija.hr\/index.php?rest_route=%2Fwp%2Fv2%2Ftags&post=36628"}],"curies":[{"name":"wp","href":"https:\/\/api.w.org\/{rel}","templated":true}]}}