{"id":36625,"date":"2023-07-25T22:09:37","date_gmt":"2023-07-25T22:09:37","guid":{"rendered":"http:\/\/historiografija.hr\/?p=36625"},"modified":"2023-07-25T22:09:37","modified_gmt":"2023-07-25T22:09:37","slug":"luciano-nosetto-misel-fuko-i-politika","status":"publish","type":"post","link":"https:\/\/historiografija.hr\/?p=36625","title":{"rendered":"Luciano Nosetto, \u201eMi\u0161el Fuko i politika\u201c"},"content":{"rendered":"\n<p>Prevod: Ana Kuzmanovi\u0107 Jovanovi\u0107<\/p>\n\n\n\n<p>Broj strana: 252<\/p>\n\n\n\n<p>Godina izdanja: 2022.<\/p>\n\n\n\n<hr class=\"wp-block-separator\"\/>\n\n\n\n<p><em>U Fukou \u0107e istovremeno \u017eiveti dve rastrzane li\u010dnosti. Prva je li\u010dnost akademika kojeg su usmerili principi vrednosne neutralnosti i normativne sterilnosti, posve\u0107enog uni\u0161tavanju dokaza i kritici svega postoje\u0107eg. Druga je li\u010dnost militantna, upletena u politi\u010dke borbe, koja prihvata sna\u017ene normativne kompromise. Smatramo da je, uz odre\u0111ene manje korekcije, ovo pravilno vrednovanje teorijsko-prakti\u010dnog stava Mi\u0161ela Fukoa i da je on sam eksplicitno ukazivao na ovu distancu izme\u0111u svog akademskog i aktivisti\u010dkog delovanja.<\/em><\/p>\n\n\n\n<p>Lusijano Noseto<\/p>\n\n\n\n<hr class=\"wp-block-separator\"\/>\n\n\n\n<p>U poslednjoj deceniji, Mi\u0161el Fuko je u vi\u0161e navrata izbijao na \u010delo internacionalnih citatnih indeksa. Razlog za \u010de\u0161\u0107e i mnogobrojnije pozivanje na njegova dela ne le\u017ei samo u popularnosti njegove misli u me\u0111unarodnoj akademskoj zajednici, njenom bogatstvu i provokativnosti, nego i u jednom konkretnom razlogu \u2013 objavljivanju njegovih predavanja na Kole\u017e de Fransu, najpre na francuskom, a potom u brojnim prevodima koji su objavljeni u protekle dve decenije. <em>Fuko i politika<\/em>, knjiga Lusijana Noseta, mladog argentinskog filozofa, jedna je u nizu studija koje ne bi mogle nastati bez tih, danas dostupnih predavanja, pre svega kursa <em>Treba braniti dru\u0161tvo<\/em> iz 1976, i <em>Ra\u0111anje biopolitike<\/em>. (1978\u20131979), a u manjoj meri <em>Bezbednost, teritorija, stanovni\u0161tvo<\/em> (1977\u20131978) i <em>Kazneno dru\u0161tvo<\/em>. (1972\u20131973).<\/p>\n\n\n\n<p>Noseto govori o Fukoovim vi\u0111enjima evropske tradicije politi\u010dke filozofije, tehnikama vladanja, raznovrsnim tipovima mo\u0107i, njegovim konceptima biomo\u0107i, biopolitike i guvernmentaliteta, koji su u delima objavljenim za Fukoovog \u017eivota bili \u0161turo obja\u0161njeni, te su katkad izazivali nesporazume i neopravdane kritike. Noseto je posebno zainteresovan za to u kojoj meri je Fukoova misao upotrebljiva za konkretne politi\u010dke agende, imaju\u0107i u vidu argentinske politi\u010dke prilike.<\/p>\n\n\n\n<p>Lusijano Noseto (Luciano Nosetto) ro\u0111en je 1979. godine u Argentini. Doktorirao je na Univerzitetu u Buenos Ajresu. Bavi se prevashodno savremenom politi\u010dkom teorijom, naro\u010dito Hanom Arent, Mi\u0161elom Fukoom, Karlom \u0160mitom i Leom \u0160trausom. Studija \u201eMi\u0161el Fuko i politika\u201c, objavljena na \u0161panskom 2014, izuzetno je dobro primljena u stru\u010dnim krugovima i nagra\u0111ivana u Argentini. Noseto pi\u0161e o politi\u010dkoj filozofiji Mi\u0161ela Fukoa i prvi put sistematizuje Fukoove brojne politi\u010dke ideje i uvide; otuda je njegov studiozni rad umnogome pionirski i redak u me\u0111unarodnoj bibliografiji.<\/p>\n\n\n\n<hr class=\"wp-block-separator\"\/>\n\n\n\n<p>Izvor:<\/p>\n\n\n\n<figure class=\"wp-block-embed-wordpress wp-block-embed is-type-wp-embed is-provider-karpos\"><div class=\"wp-block-embed__wrapper\">\n<blockquote class=\"wp-embedded-content\" data-secret=\"cmytWJCaO7\"><a href=\"http:\/\/karposbooks.rs\/shop\/novo\/misel-fuko-i-politikalusijano-noseto\/\">MI\u0160EL FUKO I POLITIKALusijano Noseto<\/a><\/blockquote><iframe loading=\"lazy\" class=\"wp-embedded-content\" sandbox=\"allow-scripts\" security=\"restricted\" style=\"position: absolute; clip: rect(1px, 1px, 1px, 1px);\" title=\"&#132;MI\u0160EL FUKO I POLITIKA&lt;br&gt;Lusijano Noseto&#147; \u2014 Karpos\" src=\"http:\/\/karposbooks.rs\/shop\/novo\/misel-fuko-i-politikalusijano-noseto\/embed\/#?secret=cmytWJCaO7\" data-secret=\"cmytWJCaO7\" width=\"600\" height=\"338\" frameborder=\"0\" marginwidth=\"0\" marginheight=\"0\" scrolling=\"no\"><\/iframe>\n<\/div><\/figure>\n\n\n\n<hr class=\"wp-block-separator\"\/>\n","protected":false},"excerpt":{"rendered":"","protected":false},"author":2,"featured_media":36626,"comment_status":"open","ping_status":"open","sticky":false,"template":"","format":"standard","meta":{"_acf_changed":false,"jetpack_post_was_ever_published":false,"_jetpack_newsletter_access":"","_jetpack_dont_email_post_to_subs":false,"_jetpack_newsletter_tier_id":0,"_jetpack_memberships_contains_paywalled_content":false,"_jetpack_memberships_contains_paid_content":false,"footnotes":"","jetpack_publicize_message":"","jetpack_publicize_feature_enabled":true,"jetpack_social_post_already_shared":true,"jetpack_social_options":{"image_generator_settings":{"template":"highway","default_image_id":0,"font":"","enabled":false},"version":2}},"categories":[8,3],"tags":[],"class_list":["post-36625","post","type-post","status-publish","format-standard","has-post-thumbnail","hentry","category-knjige","category-novosti"],"acf":{"facebook_opis":""},"jetpack_publicize_connections":[],"jetpack_featured_media_url":"https:\/\/i0.wp.com\/historiografija.hr\/wp-content\/uploads\/2023\/07\/Fuko-i-politika.png?fit=566%2C800&ssl=1","jetpack_sharing_enabled":true,"jetpack-related-posts":[],"_links":{"self":[{"href":"https:\/\/historiografija.hr\/index.php?rest_route=\/wp\/v2\/posts\/36625","targetHints":{"allow":["GET"]}}],"collection":[{"href":"https:\/\/historiografija.hr\/index.php?rest_route=\/wp\/v2\/posts"}],"about":[{"href":"https:\/\/historiografija.hr\/index.php?rest_route=\/wp\/v2\/types\/post"}],"author":[{"embeddable":true,"href":"https:\/\/historiografija.hr\/index.php?rest_route=\/wp\/v2\/users\/2"}],"replies":[{"embeddable":true,"href":"https:\/\/historiografija.hr\/index.php?rest_route=%2Fwp%2Fv2%2Fcomments&post=36625"}],"version-history":[{"count":1,"href":"https:\/\/historiografija.hr\/index.php?rest_route=\/wp\/v2\/posts\/36625\/revisions"}],"predecessor-version":[{"id":36627,"href":"https:\/\/historiografija.hr\/index.php?rest_route=\/wp\/v2\/posts\/36625\/revisions\/36627"}],"wp:featuredmedia":[{"embeddable":true,"href":"https:\/\/historiografija.hr\/index.php?rest_route=\/wp\/v2\/media\/36626"}],"wp:attachment":[{"href":"https:\/\/historiografija.hr\/index.php?rest_route=%2Fwp%2Fv2%2Fmedia&parent=36625"}],"wp:term":[{"taxonomy":"category","embeddable":true,"href":"https:\/\/historiografija.hr\/index.php?rest_route=%2Fwp%2Fv2%2Fcategories&post=36625"},{"taxonomy":"post_tag","embeddable":true,"href":"https:\/\/historiografija.hr\/index.php?rest_route=%2Fwp%2Fv2%2Ftags&post=36625"}],"curies":[{"name":"wp","href":"https:\/\/api.w.org\/{rel}","templated":true}]}}