{"id":36613,"date":"2023-07-21T22:08:29","date_gmt":"2023-07-21T22:08:29","guid":{"rendered":"http:\/\/historiografija.hr\/?p=36613"},"modified":"2023-07-21T22:09:43","modified_gmt":"2023-07-21T22:09:43","slug":"lesprit-de-la-revolte-archives-et-actualite-des-revolutions-arabes","status":"publish","type":"post","link":"https:\/\/historiografija.hr\/?p=36613","title":{"rendered":"L&#8217;Esprit de la r\u00e9volte: Archives et actualit\u00e9 des r\u00e9volutions arabes"},"content":{"rendered":"\n<p>Pod uredni\u0161tvom povjesni\u010darke Leyle Dakhli objavljen je 2020. godine zbornik radova koji iskustvu Arapskog prolje\u0107a 2010-2011. godine pristupa kroz \u010ditanje njegova \u0161iroko shva\u0107enog arhiva.<\/p>\n\n\n\n<hr class=\"wp-block-separator\"\/>\n\n\n\n<p>Les soul\u00e8vements qui se sont succ\u00e9d\u00e9 dans le monde arabe en 2010 et 2011 n\u2019ont pas \u00e9puis\u00e9 leurs potentialit\u00e9s. Occupation des places, slogans d\u00e9gagistes et anti-syst\u00e8me, nouvelles mobilisations de la fin 2019 : l\u2019exp\u00e9rience r\u00e9volutionnaire arabe s\u2019est \u00e9tendue et d\u00e9borde les limites qui \u00e9taient les siennes il y a dix ans. Elle a \u00e9branl\u00e9 les soci\u00e9t\u00e9s au point que, malgr\u00e9 les contre-r\u00e9volutions, rien ne sera plus comme avant.<\/p>\n\n\n\n<p>L\u2019Esprit de la r\u00e9volte propose de lire la puissance politique des printemps arabes, leurs r\u00e9pertoires d\u2019actions, les circulations de formes protestataires depuis leurs archives. Traces du temps r\u00e9volutionnaire, ces documents sont autant de balises pour le futur si l\u2019on prend le temps de les regarder, de les lire, de les \u00e9couter. Et nous esp\u00e9rons que nos lectrices et lecteurs pourront voir ce qui se raconte ici en creux des places europ\u00e9ennes, des rues sud-am\u00e9ricaines et d&#8217;une aspiration globale \u00e0 \u00ab changer de syst\u00e8me \u00bb.<\/p>\n\n\n\n<p>Sous la direction de Leyla Dakhli, dix chercheuses et chercheurs ont engag\u00e9 une grande collecte : photos, tracts, vid\u00e9os, fresques murales, banderoles, chansons, affiches, etc. Chacun de ces objets, t\u00e9moin d\u2019un moment, d\u2019une figure, d\u2019un type d\u2019action politique, constitue l\u2019ancrage d\u2019une r\u00e9flexion et d&#8217;un r\u00e9cit. Ce cheminement par l\u2019archive permet aussi de relier les exp\u00e9riences et d\u2019en comprendre la persistance ou la disparition.<\/p>\n\n\n\n<p>Avec Amin Allal, Kmar Bendana, Mohamed Slim Ben Youssef, Youssef El Chazli, Elena Chiti, Simon Dubois, Giulia Fabbiano, Samer Frangieh, M\u00e9lanie Henry, Loulouwa Al-Rachid.<\/p>\n\n\n\n<hr class=\"wp-block-separator\"\/>\n\n\n\n<p><a href=\"https:\/\/www.seuil.com\/ouvrage\/l-esprit-de-la-revolte-collectif\/9782021459869\">https:\/\/www.seuil.com\/ouvrage\/l-esprit-de-la-revolte-collectif\/9782021459869<\/a><\/p>\n\n\n\n<hr class=\"wp-block-separator\"\/>\n","protected":false},"excerpt":{"rendered":"","protected":false},"author":2,"featured_media":36614,"comment_status":"open","ping_status":"open","sticky":false,"template":"","format":"standard","meta":{"_acf_changed":false,"jetpack_post_was_ever_published":false,"_jetpack_newsletter_access":"","_jetpack_dont_email_post_to_subs":false,"_jetpack_newsletter_tier_id":0,"_jetpack_memberships_contains_paywalled_content":false,"_jetpack_memberships_contains_paid_content":false,"footnotes":"","jetpack_publicize_message":"","jetpack_publicize_feature_enabled":true,"jetpack_social_post_already_shared":true,"jetpack_social_options":{"image_generator_settings":{"template":"highway","default_image_id":0,"font":"","enabled":false},"version":2}},"categories":[8,3],"tags":[],"class_list":["post-36613","post","type-post","status-publish","format-standard","has-post-thumbnail","hentry","category-knjige","category-novosti"],"acf":{"facebook_opis":""},"jetpack_publicize_connections":[],"jetpack_featured_media_url":"https:\/\/i0.wp.com\/historiografija.hr\/wp-content\/uploads\/2023\/07\/Revolutions-arabes.jpg?fit=474%2C600&ssl=1","jetpack_sharing_enabled":true,"jetpack-related-posts":[],"_links":{"self":[{"href":"https:\/\/historiografija.hr\/index.php?rest_route=\/wp\/v2\/posts\/36613","targetHints":{"allow":["GET"]}}],"collection":[{"href":"https:\/\/historiografija.hr\/index.php?rest_route=\/wp\/v2\/posts"}],"about":[{"href":"https:\/\/historiografija.hr\/index.php?rest_route=\/wp\/v2\/types\/post"}],"author":[{"embeddable":true,"href":"https:\/\/historiografija.hr\/index.php?rest_route=\/wp\/v2\/users\/2"}],"replies":[{"embeddable":true,"href":"https:\/\/historiografija.hr\/index.php?rest_route=%2Fwp%2Fv2%2Fcomments&post=36613"}],"version-history":[{"count":3,"href":"https:\/\/historiografija.hr\/index.php?rest_route=\/wp\/v2\/posts\/36613\/revisions"}],"predecessor-version":[{"id":36617,"href":"https:\/\/historiografija.hr\/index.php?rest_route=\/wp\/v2\/posts\/36613\/revisions\/36617"}],"wp:featuredmedia":[{"embeddable":true,"href":"https:\/\/historiografija.hr\/index.php?rest_route=\/wp\/v2\/media\/36614"}],"wp:attachment":[{"href":"https:\/\/historiografija.hr\/index.php?rest_route=%2Fwp%2Fv2%2Fmedia&parent=36613"}],"wp:term":[{"taxonomy":"category","embeddable":true,"href":"https:\/\/historiografija.hr\/index.php?rest_route=%2Fwp%2Fv2%2Fcategories&post=36613"},{"taxonomy":"post_tag","embeddable":true,"href":"https:\/\/historiografija.hr\/index.php?rest_route=%2Fwp%2Fv2%2Ftags&post=36613"}],"curies":[{"name":"wp","href":"https:\/\/api.w.org\/{rel}","templated":true}]}}