{"id":36610,"date":"2023-07-21T21:47:31","date_gmt":"2023-07-21T21:47:31","guid":{"rendered":"http:\/\/historiografija.hr\/?p=36610"},"modified":"2023-07-21T21:47:31","modified_gmt":"2023-07-21T21:47:31","slug":"eric-vuillard-castan-izlaz","status":"publish","type":"post","link":"https:\/\/historiografija.hr\/?p=36610","title":{"rendered":"\u00c9ric Vuillard, \u201e\u010castan izlaz\u201c"},"content":{"rendered":"\n<p>Prevela s francuskog: Melita Logo-Milutinovi\u0107<\/p>\n\n\n\n<hr class=\"wp-block-separator\"\/>\n\n\n\n<p>Rat u Indokini jedan je od najdu\u017eih ratova u savremenoj istoriji. Pa ipak, u \u0161kolskim ud\u017ebenicima jedva da se pominje. S mo\u0107nim smislom za pripovedanje, Erik Vijar u <em>\u010casnom izlazu<\/em> govori o tome kako su, u \u010dudesnom preokretu istorije, dve vode\u0107e svetske sile izgubile od jednog malog naroda, vijetnamskog, i uranja nas u srce spleta interesa koji \u0107e ih dovesti do poraza.<\/p>\n\n\n\n<hr class=\"wp-block-separator\"\/>\n\n\n\n<p>Erik Vijar (\u00c9ric Vuillard), francuski pisac, filmski scenarista i reditelj, ro\u0111en je u Lionu 1968. \u017divi u Francuskoj. Kao pisac, prvo pri\u00adznanje dobio je 2010. za epski roman <em>Konkista\u00addori<\/em>. Za svako naredno objavljeno delo, me\u0111u kojima se isti\u010du <em>Tuga zemlje: Pri\u010da o Bafalo Bilu Kodiju <\/em>i <em>14. jul<\/em>, dobijao je knji\u017eevne nagrade, da bi mu 2017. bila dodeljena ona najpresti\u017enija, nagrada ,,Gonkur\u201d za knjigu <em>Dnevni red <\/em>(Aka\u00addemska knjiga, 2018). U naju\u017eem izboru za ,,Bukera\u201d na\u0161la se knjiga <em>Rat siroma\u0161nih <\/em>(Aka\u00addemska knjiga, 2022).<\/p>\n\n\n\n<hr class=\"wp-block-separator\"\/>\n\n\n\n<p>Godina izdanja: 2023<\/p>\n\n\n\n<p>Pismo: latinica<\/p>\n\n\n\n<p>Broj stranica: 168 str.<\/p>\n\n\n\n<hr class=\"wp-block-separator\"\/>\n\n\n\n<p>Pro\u010ditaj odlomak:<\/p>\n\n\n\n<p><a href=\"https:\/\/akademskaknjiga.com\/katalog\/castan-izlaz\">https:\/\/akademskaknjiga.com\/katalog\/castan-izlaz<\/a><\/p>\n\n\n\n<hr class=\"wp-block-separator\"\/>\n","protected":false},"excerpt":{"rendered":"","protected":false},"author":2,"featured_media":36611,"comment_status":"open","ping_status":"open","sticky":false,"template":"","format":"standard","meta":{"_acf_changed":false,"jetpack_post_was_ever_published":false,"_jetpack_newsletter_access":"","_jetpack_dont_email_post_to_subs":false,"_jetpack_newsletter_tier_id":0,"_jetpack_memberships_contains_paywalled_content":false,"_jetpack_memberships_contains_paid_content":false,"footnotes":"","jetpack_publicize_message":"","jetpack_publicize_feature_enabled":true,"jetpack_social_post_already_shared":true,"jetpack_social_options":{"image_generator_settings":{"template":"highway","default_image_id":0,"font":"","enabled":false},"version":2}},"categories":[3,12],"tags":[],"class_list":["post-36610","post","type-post","status-publish","format-standard","has-post-thumbnail","hentry","category-novosti","category-knjizevnost"],"acf":{"facebook_opis":""},"jetpack_publicize_connections":[],"jetpack_featured_media_url":"https:\/\/i0.wp.com\/historiografija.hr\/wp-content\/uploads\/2023\/07\/Castan-izlaz.jpg?fit=225%2C225&ssl=1","jetpack_sharing_enabled":true,"jetpack-related-posts":[],"_links":{"self":[{"href":"https:\/\/historiografija.hr\/index.php?rest_route=\/wp\/v2\/posts\/36610","targetHints":{"allow":["GET"]}}],"collection":[{"href":"https:\/\/historiografija.hr\/index.php?rest_route=\/wp\/v2\/posts"}],"about":[{"href":"https:\/\/historiografija.hr\/index.php?rest_route=\/wp\/v2\/types\/post"}],"author":[{"embeddable":true,"href":"https:\/\/historiografija.hr\/index.php?rest_route=\/wp\/v2\/users\/2"}],"replies":[{"embeddable":true,"href":"https:\/\/historiografija.hr\/index.php?rest_route=%2Fwp%2Fv2%2Fcomments&post=36610"}],"version-history":[{"count":1,"href":"https:\/\/historiografija.hr\/index.php?rest_route=\/wp\/v2\/posts\/36610\/revisions"}],"predecessor-version":[{"id":36612,"href":"https:\/\/historiografija.hr\/index.php?rest_route=\/wp\/v2\/posts\/36610\/revisions\/36612"}],"wp:featuredmedia":[{"embeddable":true,"href":"https:\/\/historiografija.hr\/index.php?rest_route=\/wp\/v2\/media\/36611"}],"wp:attachment":[{"href":"https:\/\/historiografija.hr\/index.php?rest_route=%2Fwp%2Fv2%2Fmedia&parent=36610"}],"wp:term":[{"taxonomy":"category","embeddable":true,"href":"https:\/\/historiografija.hr\/index.php?rest_route=%2Fwp%2Fv2%2Fcategories&post=36610"},{"taxonomy":"post_tag","embeddable":true,"href":"https:\/\/historiografija.hr\/index.php?rest_route=%2Fwp%2Fv2%2Ftags&post=36610"}],"curies":[{"name":"wp","href":"https:\/\/api.w.org\/{rel}","templated":true}]}}