{"id":36604,"date":"2023-07-20T12:48:48","date_gmt":"2023-07-20T12:48:48","guid":{"rendered":"http:\/\/historiografija.hr\/?p=36604"},"modified":"2023-07-20T12:49:51","modified_gmt":"2023-07-20T12:49:51","slug":"objavljen-program-medunarodnog-znanstvenog-skupa-socijalizam-na-klupi-2023","status":"publish","type":"post","link":"https:\/\/historiografija.hr\/?p=36604","title":{"rendered":"Objavljen program me\u0111unarodnog znanstvenog skupa Socijalizam na klupi 2023."},"content":{"rendered":"\n<p>Objavljen je program 6. me\u0111unarodnog znanstvenog skupa &#8220;Socijalizam na klupi&#8221;: KRIZE I REFORME koji \u0107e se odr\u017eati od 28. do 30. rujna 2023. u Puli.<\/p>\n\n\n\n<hr class=\"wp-block-separator\"\/>\n\n\n\n<p>Program:<\/p>\n\n\n\n<p><a href=\"https:\/\/www.unipu.hr\/ckpis\/socijalizam_na_klupi\/2023\">https:\/\/www.unipu.hr\/ckpis\/socijalizam_na_klupi\/2023<\/a><\/p>\n\n\n\n<hr class=\"wp-block-separator\"\/>\n\n\n\n<p>Programme:<\/p>\n\n\n\n<p><a href=\"https:\/\/www.unipu.hr\/ckpis\/en\/socialism_on_the_bench\/2023\">https:\/\/www.unipu.hr\/ckpis\/en\/socialism_on_the_bench\/2023<\/a><\/p>\n\n\n\n<hr class=\"wp-block-separator\"\/>\n","protected":false},"excerpt":{"rendered":"","protected":false},"author":2,"featured_media":33959,"comment_status":"open","ping_status":"open","sticky":false,"template":"","format":"standard","meta":{"_acf_changed":false,"_jetpack_newsletter_access":"","_jetpack_dont_email_post_to_subs":false,"_jetpack_newsletter_tier_id":0,"_jetpack_memberships_contains_paywalled_content":false,"_jetpack_memberships_contains_paid_content":false,"footnotes":"","jetpack_publicize_message":"","jetpack_publicize_feature_enabled":true,"jetpack_social_post_already_shared":true,"jetpack_social_options":{"image_generator_settings":{"template":"highway","default_image_id":0,"font":"","enabled":false},"version":2},"jetpack_post_was_ever_published":false},"categories":[3,9],"tags":[],"class_list":["post-36604","post","type-post","status-publish","format-standard","has-post-thumbnail","hentry","category-novosti","category-skupovi"],"acf":{"facebook_opis":""},"jetpack_publicize_connections":[],"jetpack_featured_media_url":"https:\/\/i0.wp.com\/historiografija.hr\/wp-content\/uploads\/2022\/12\/Socijalizam-2023.jpg?fit=2048%2C1152&ssl=1","jetpack_sharing_enabled":true,"jetpack-related-posts":[{"id":54607,"url":"https:\/\/historiografija.hr\/?p=54607","url_meta":{"origin":36604,"position":0},"title":"Tematski broj posve\u0107en \u201eAntici u hrvatskoj povijesti, umjetnosti i kulturi u &#8216;dugom&#8217; 18. stolje\u0107u\u201c","author":"Filip \u0160imunjak","date":"15. srpnja 2026.","format":false,"excerpt":"Objavljen je tematski broj Radova Zavoda za hrvatsku povijest Filozofskoga fakulteta Sveu\u010dili\u0161ta u Zagrebu u kojem je sadr\u017eano 14 radova s interdisciplinarnog znanstvenog skupa \"Antika u hrvatskoj povijesti, umjetnosti i kulturi u 'dugom' 18. stolje\u0107u\". Broj pro\u010ditajte na: https:\/\/hrcak.srce.hr\/broj\/27027","rel":"","context":"U &quot;\u010casopisi&quot;","block_context":{"text":"\u010casopisi","link":"https:\/\/historiografija.hr\/?cat=21"},"img":{"alt_text":"","src":"https:\/\/i0.wp.com\/historiografija.hr\/wp-content\/uploads\/2026\/07\/Radovi-Zavoda-Antika-IGOS-scaled.webp?fit=850%2C1200&ssl=1&resize=350%2C200","width":350,"height":200,"srcset":"https:\/\/i0.wp.com\/historiografija.hr\/wp-content\/uploads\/2026\/07\/Radovi-Zavoda-Antika-IGOS-scaled.webp?fit=850%2C1200&ssl=1&resize=350%2C200 1x, https:\/\/i0.wp.com\/historiografija.hr\/wp-content\/uploads\/2026\/07\/Radovi-Zavoda-Antika-IGOS-scaled.webp?fit=850%2C1200&ssl=1&resize=525%2C300 1.5x, https:\/\/i0.wp.com\/historiografija.hr\/wp-content\/uploads\/2026\/07\/Radovi-Zavoda-Antika-IGOS-scaled.webp?fit=850%2C1200&ssl=1&resize=700%2C400 2x"},"classes":[]},{"id":55187,"url":"https:\/\/historiografija.hr\/?p=55187","url_meta":{"origin":36604,"position":1},"title":"Godi\u0161nja konferencija Gypsy Lore Society u Zagrebu","author":"Branimir Jankovi\u0107","date":"3. rujna 2026.","format":false,"excerpt":"U Zagrebu se od 2. do 4. rujna 2026. odr\u017eava godi\u0161nja konferencija Gypsy Lore Society, najstarijeg i najva\u017enijeg me\u0111unarodnog znanstvenog dru\u0161tva posve\u0107enog istra\u017eivanju povijesti, jezika, kulture i dru\u0161tvenog polo\u017eaja Roma. Op\u0161irnije: https:\/\/indolog.ffzg.unizg.hr\/?p=3253 https:\/\/www.pilar.hr\/2026\/08\/godisnja-konferencija-gypsy-lore-society-u-institutu-pilar-zagreb-3-9-2026\/ https:\/\/imin.hr\/2026\/09\/02\/godisnja-konferencija-gypsy-lore-society\/?lang=hr","rel":"","context":"U &quot;Novosti&quot;","block_context":{"text":"Novosti","link":"https:\/\/historiografija.hr\/?cat=3"},"img":{"alt_text":"","src":"https:\/\/i0.wp.com\/historiografija.hr\/wp-content\/uploads\/2026\/09\/GLS_1s1.jpg?fit=1200%2C445&ssl=1&resize=350%2C200","width":350,"height":200,"srcset":"https:\/\/i0.wp.com\/historiografija.hr\/wp-content\/uploads\/2026\/09\/GLS_1s1.jpg?fit=1200%2C445&ssl=1&resize=350%2C200 1x, https:\/\/i0.wp.com\/historiografija.hr\/wp-content\/uploads\/2026\/09\/GLS_1s1.jpg?fit=1200%2C445&ssl=1&resize=525%2C300 1.5x, https:\/\/i0.wp.com\/historiografija.hr\/wp-content\/uploads\/2026\/09\/GLS_1s1.jpg?fit=1200%2C445&ssl=1&resize=700%2C400 2x, https:\/\/i0.wp.com\/historiografija.hr\/wp-content\/uploads\/2026\/09\/GLS_1s1.jpg?fit=1200%2C445&ssl=1&resize=1050%2C600 3x"},"classes":[]},{"id":55191,"url":"https:\/\/historiografija.hr\/?p=55191","url_meta":{"origin":36604,"position":2},"title":"Znanstveno-stru\u010dni skup \u201cKosinjska dolina \u2013 \u0161kolstvo, jezik, ba\u0161tina\u201d","author":"Branimir Jankovi\u0107","date":"3. rujna 2026.","format":false,"excerpt":"U suorganizaciji Hrvatskog instituta za povijest, Instituta za hrvatski jezik, Instituta dru\u0161tvenih znanosti Ivo Pilar,\u00a0 Filozofskog fakulteta Sveu\u010dili\u0161ta u Zagrebu, Sveu\u010dili\u0161ta u Zadru i Znanstvenog i kulturnog dru\u0161tva Kosinj u petak 4. rujna 2026. u osnovnoj \u0161koli An\u017e Frankopan u Gornjem Kosinju odr\u017eava se znanstveno-stru\u010dni skup \u201cKosinjska dolina \u2013 \u0161kolstvo,\u2026","rel":"","context":"U &quot;Novosti&quot;","block_context":{"text":"Novosti","link":"https:\/\/historiografija.hr\/?cat=3"},"img":{"alt_text":"","src":"https:\/\/i0.wp.com\/historiografija.hr\/wp-content\/uploads\/2026\/09\/Kosinj.png?fit=580%2C805&ssl=1&resize=350%2C200","width":350,"height":200,"srcset":"https:\/\/i0.wp.com\/historiografija.hr\/wp-content\/uploads\/2026\/09\/Kosinj.png?fit=580%2C805&ssl=1&resize=350%2C200 1x, https:\/\/i0.wp.com\/historiografija.hr\/wp-content\/uploads\/2026\/09\/Kosinj.png?fit=580%2C805&ssl=1&resize=525%2C300 1.5x"},"classes":[]},{"id":55035,"url":"https:\/\/historiografija.hr\/?p=55035","url_meta":{"origin":36604,"position":3},"title":"12. Doktorska radionica: Socijalizam i more","author":"Branimir Jankovi\u0107","date":"20. kolovoza 2026.","format":false,"excerpt":"Na Sveu\u010dili\u0161tu Jurja Dobrile u Puli od 26. do 29. kolovoza 2026. odr\u017eat \u0107e se 12. Doktorska radionica \"Socijalizam i more \/ Socialism and the Sea\". Program i dodatne obavijesti: https:\/\/www.unipu.hr\/ckpis\/doktorska_radionica\/2026 https:\/\/www.unipu.hr\/ckpis\/en\/doctoral_workshop\/2026","rel":"","context":"U &quot;Novosti&quot;","block_context":{"text":"Novosti","link":"https:\/\/historiografija.hr\/?cat=3"},"img":{"alt_text":"","src":"https:\/\/i0.wp.com\/historiografija.hr\/wp-content\/uploads\/2026\/08\/radionica26.png?fit=1200%2C675&ssl=1&resize=350%2C200","width":350,"height":200,"srcset":"https:\/\/i0.wp.com\/historiografija.hr\/wp-content\/uploads\/2026\/08\/radionica26.png?fit=1200%2C675&ssl=1&resize=350%2C200 1x, https:\/\/i0.wp.com\/historiografija.hr\/wp-content\/uploads\/2026\/08\/radionica26.png?fit=1200%2C675&ssl=1&resize=525%2C300 1.5x, https:\/\/i0.wp.com\/historiografija.hr\/wp-content\/uploads\/2026\/08\/radionica26.png?fit=1200%2C675&ssl=1&resize=700%2C400 2x, https:\/\/i0.wp.com\/historiografija.hr\/wp-content\/uploads\/2026\/08\/radionica26.png?fit=1200%2C675&ssl=1&resize=1050%2C600 3x"},"classes":[]},{"id":53745,"url":"https:\/\/historiografija.hr\/?p=53745","url_meta":{"origin":36604,"position":4},"title":"U HAZU znanstveno-stru\u010dni skup Hrvatska moderna arhitektura \u2013 problemi vrednovanja, za\u0161tite i obnove","author":"Branimir Jankovi\u0107","date":"26. svibnja 2026.","format":false,"excerpt":"Znanstveno vije\u0107e za arhitekturu, urbanizam i ure\u0111enje prostora Hrvatske akademije znanosti i umjetnosti\u00a0organizira znanstveno-stru\u010dni skup\u00a0Hrvatska moderna arhitektura \u2013\u00a0problemi vrednovanja, za\u0161tite i obnove\u00a0koji \u0107e se odr\u017eati u Knji\u017enici HAZU, Strossmayerov trg 14 u Zagrebu,\u00a0u dvije sesije:\u00a0u ponedjeljak 1. lipnja 2026. od 10 do 14 sati i\u00a0u utorak 16. lipnja 2026. od\u2026","rel":"","context":"U &quot;Novosti&quot;","block_context":{"text":"Novosti","link":"https:\/\/historiografija.hr\/?cat=3"},"img":{"alt_text":"","src":"https:\/\/i0.wp.com\/historiografija.hr\/wp-content\/uploads\/2017\/05\/hazu_zgrada_knjiznice.jpg?fit=640%2C479&ssl=1&resize=350%2C200","width":350,"height":200,"srcset":"https:\/\/i0.wp.com\/historiografija.hr\/wp-content\/uploads\/2017\/05\/hazu_zgrada_knjiznice.jpg?fit=640%2C479&ssl=1&resize=350%2C200 1x, https:\/\/i0.wp.com\/historiografija.hr\/wp-content\/uploads\/2017\/05\/hazu_zgrada_knjiznice.jpg?fit=640%2C479&ssl=1&resize=525%2C300 1.5x"},"classes":[]},{"id":54081,"url":"https:\/\/historiografija.hr\/?p=54081","url_meta":{"origin":36604,"position":5},"title":"Promocija knjige Ankice \u010cakardi\u0107 &#8220;Dionizijski socijalizam Praksis \u0161kole&#8221;","author":"Branimir Jankovi\u0107","date":"15. lipnja 2026.","format":false,"excerpt":"Utorak, 16. lipnja 2026. u 19:00 sati Knji\u017eara Fraktura (Ulica kneza Mislava 17, Zagreb) Sudjeluju: Ankica \u010cakardi\u0107, Nade\u017eda \u010ca\u010dinovi\u010d, Ana Maskalan Moderira: Roman Simi\u0107 Studija Dionizijski socijalizam Praksis \u0161kole Ankice \u010cakardi\u0107 po mnogo\u010demu je pionirski pothvat \u2013 prva detaljna rekonstrukcija jednoga od najuzbudljivijih poglavlja intelektualne povijesti socijalizma. No istinski novum\u2026","rel":"","context":"U &quot;Novosti&quot;","block_context":{"text":"Novosti","link":"https:\/\/historiografija.hr\/?cat=3"},"img":{"alt_text":"","src":"https:\/\/i0.wp.com\/historiografija.hr\/wp-content\/uploads\/2026\/06\/dionizijski-socijalizam-praksis-skole-ankica-cakardic.jpg?fit=768%2C662&ssl=1&resize=350%2C200","width":350,"height":200,"srcset":"https:\/\/i0.wp.com\/historiografija.hr\/wp-content\/uploads\/2026\/06\/dionizijski-socijalizam-praksis-skole-ankica-cakardic.jpg?fit=768%2C662&ssl=1&resize=350%2C200 1x, https:\/\/i0.wp.com\/historiografija.hr\/wp-content\/uploads\/2026\/06\/dionizijski-socijalizam-praksis-skole-ankica-cakardic.jpg?fit=768%2C662&ssl=1&resize=525%2C300 1.5x, https:\/\/i0.wp.com\/historiografija.hr\/wp-content\/uploads\/2026\/06\/dionizijski-socijalizam-praksis-skole-ankica-cakardic.jpg?fit=768%2C662&ssl=1&resize=700%2C400 2x"},"classes":[]}],"_links":{"self":[{"href":"https:\/\/historiografija.hr\/index.php?rest_route=\/wp\/v2\/posts\/36604","targetHints":{"allow":["GET"]}}],"collection":[{"href":"https:\/\/historiografija.hr\/index.php?rest_route=\/wp\/v2\/posts"}],"about":[{"href":"https:\/\/historiografija.hr\/index.php?rest_route=\/wp\/v2\/types\/post"}],"author":[{"embeddable":true,"href":"https:\/\/historiografija.hr\/index.php?rest_route=\/wp\/v2\/users\/2"}],"replies":[{"embeddable":true,"href":"https:\/\/historiografija.hr\/index.php?rest_route=%2Fwp%2Fv2%2Fcomments&post=36604"}],"version-history":[{"count":2,"href":"https:\/\/historiografija.hr\/index.php?rest_route=\/wp\/v2\/posts\/36604\/revisions"}],"predecessor-version":[{"id":36606,"href":"https:\/\/historiografija.hr\/index.php?rest_route=\/wp\/v2\/posts\/36604\/revisions\/36606"}],"wp:featuredmedia":[{"embeddable":true,"href":"https:\/\/historiografija.hr\/index.php?rest_route=\/wp\/v2\/media\/33959"}],"wp:attachment":[{"href":"https:\/\/historiografija.hr\/index.php?rest_route=%2Fwp%2Fv2%2Fmedia&parent=36604"}],"wp:term":[{"taxonomy":"category","embeddable":true,"href":"https:\/\/historiografija.hr\/index.php?rest_route=%2Fwp%2Fv2%2Fcategories&post=36604"},{"taxonomy":"post_tag","embeddable":true,"href":"https:\/\/historiografija.hr\/index.php?rest_route=%2Fwp%2Fv2%2Ftags&post=36604"}],"curies":[{"name":"wp","href":"https:\/\/api.w.org\/{rel}","templated":true}]}}