{"id":36596,"date":"2023-07-20T12:25:01","date_gmt":"2023-07-20T12:25:01","guid":{"rendered":"http:\/\/historiografija.hr\/?p=36596"},"modified":"2023-07-20T12:26:24","modified_gmt":"2023-07-20T12:26:24","slug":"ksawery-pruszynski-u-crvenoj-spanjolskoj","status":"publish","type":"post","link":"https:\/\/historiografija.hr\/?p=36596","title":{"rendered":"Ksawery Pruszy\u0144ski, \u201eU crvenoj \u0160panjolskoj\u201c"},"content":{"rendered":"\n<p>S poljskoga preveo Adrian Cvitanovi\u0107<\/p>\n\n\n\n<hr class=\"wp-block-separator\"\/>\n\n\n\n<p>Djelo <em>U crvenoj \u0160panjolskoj<\/em> (1937) <strong>Ksaweryja Pruszy\u0144skog<\/strong>, \u010duvenog reportera poljskog me\u0111uratnog \u010dasopisa <em>Wiadomo\u015bci Literackie<\/em>, jedna je od prvih knjiga u svijetu o \u0160panjolskom gra\u0111anskom ratu. Autor je pre\u0161ao Pireneje u rujnu 1936. i gotovo godinu dana obilazio gradove i fronte republikanske zone: od anarhisti\u010dke Barcelone do Bilbaa, prolaze\u0107i kroz Valenciju i Andaluziju, a ponajvi\u0161e je izvje\u0161tavao iz Madrida (gdje opisuje <em>in situ<\/em> obranu prijestolnice i borbe u <em>sierri<\/em>). Kao jedan od malobrojnih inozemnih novinara nije se libio odlaska na boji\u0161nicu, ali je i pozorno promatrao \u0161to se doga\u0111a u pozadini. Intervjuirao je relevantne aktere rata, ali je svoj glas \u010desto posu\u0111ivao i obi\u010dnim ljudima \u2013 u\u010diteljima, lije\u010dnicima, prostitutkama, drugim novinarima \u2013 uronjenima u ratnu dezorijentiranost. Borave\u0107i na strani republikanskih trupa, s vremenom je uvidio da su pogonsko gorivo revolucije vjekovne dru\u0161tvene nepravde te napola robovski polo\u017eaj \u0161panjolskih seljaka, kojima je revolucija ponudila slobodu i dostojanstvo. U jednom trenutku uvi\u0111a \u201cda u ovoj borbi prestaje biti neutralan, da u neku ruku postaje drug po oru\u017eju\u201d, ali njegova kultura i prodornost novinarskog uvida poma\u017eu mu u povijesnoj analizi koju \u2013 iako pod topovskom paljbom \u2013 izvodi sa strogo\u0161\u0107u i \u0161irokom perspektivom. Po\u010detno divljenje koje je osje\u0107ao prema republikanskoj stvari sve su vi\u0161e zamu\u0107ivali sukobi izme\u0111u ljevi\u010darskih, centristi\u010dkih, anarhisti\u010dkih i komunisti\u010dkih struja, a jo\u0161 vi\u0161e okrutnosti revolucije kojima je gotovo svakodnevno svjedo\u010dio. Upravo je taj raskorak izme\u0111u uzvi\u0161enih ciljeva revolucije i sumorne prakse sredi\u0161nja tema ovih reporta\u017enih izvje\u0161\u0107a koja svojom va\u017eno\u0161\u0107u stoje uz bok Orwellovim zapa\u017eanjima iz njegove legendarne knjige <em>Kataloniji u \u010dast<\/em>.<\/p>\n\n\n\n<hr class=\"wp-block-separator\"\/>\n\n\n\n<p>Godina izdanja: 2023<\/p>\n\n\n\n<p>Broj stranica: 296<\/p>\n\n\n\n<hr class=\"wp-block-separator\"\/>\n\n\n\n<p>Prelistaj po\u010detak knjige:<\/p>\n\n\n\n<p><a href=\"https:\/\/disput.hr\/shop\/u-crvenoj-spanjolskoj\/\">https:\/\/disput.hr\/shop\/u-crvenoj-spanjolskoj\/<\/a><\/p>\n\n\n\n<hr class=\"wp-block-separator\"\/>\n","protected":false},"excerpt":{"rendered":"","protected":false},"author":2,"featured_media":36599,"comment_status":"open","ping_status":"open","sticky":false,"template":"","format":"standard","meta":{"_acf_changed":false,"jetpack_post_was_ever_published":false,"_jetpack_newsletter_access":"","_jetpack_dont_email_post_to_subs":false,"_jetpack_newsletter_tier_id":0,"_jetpack_memberships_contains_paywalled_content":false,"_jetpack_memberships_contains_paid_content":false,"footnotes":"","jetpack_publicize_message":"","jetpack_publicize_feature_enabled":true,"jetpack_social_post_already_shared":true,"jetpack_social_options":{"image_generator_settings":{"template":"highway","default_image_id":0,"font":"","enabled":false},"version":2}},"categories":[8,3],"tags":[],"class_list":["post-36596","post","type-post","status-publish","format-standard","has-post-thumbnail","hentry","category-knjige","category-novosti"],"acf":{"facebook_opis":""},"jetpack_publicize_connections":[],"jetpack_featured_media_url":"https:\/\/i0.wp.com\/historiografija.hr\/wp-content\/uploads\/2023\/07\/U-crvenoj-Spanjolskoj-naslovnica.jpg?fit=1058%2C777&ssl=1","jetpack_sharing_enabled":true,"jetpack-related-posts":[],"_links":{"self":[{"href":"https:\/\/historiografija.hr\/index.php?rest_route=\/wp\/v2\/posts\/36596","targetHints":{"allow":["GET"]}}],"collection":[{"href":"https:\/\/historiografija.hr\/index.php?rest_route=\/wp\/v2\/posts"}],"about":[{"href":"https:\/\/historiografija.hr\/index.php?rest_route=\/wp\/v2\/types\/post"}],"author":[{"embeddable":true,"href":"https:\/\/historiografija.hr\/index.php?rest_route=\/wp\/v2\/users\/2"}],"replies":[{"embeddable":true,"href":"https:\/\/historiografija.hr\/index.php?rest_route=%2Fwp%2Fv2%2Fcomments&post=36596"}],"version-history":[{"count":1,"href":"https:\/\/historiografija.hr\/index.php?rest_route=\/wp\/v2\/posts\/36596\/revisions"}],"predecessor-version":[{"id":36598,"href":"https:\/\/historiografija.hr\/index.php?rest_route=\/wp\/v2\/posts\/36596\/revisions\/36598"}],"wp:featuredmedia":[{"embeddable":true,"href":"https:\/\/historiografija.hr\/index.php?rest_route=\/wp\/v2\/media\/36599"}],"wp:attachment":[{"href":"https:\/\/historiografija.hr\/index.php?rest_route=%2Fwp%2Fv2%2Fmedia&parent=36596"}],"wp:term":[{"taxonomy":"category","embeddable":true,"href":"https:\/\/historiografija.hr\/index.php?rest_route=%2Fwp%2Fv2%2Fcategories&post=36596"},{"taxonomy":"post_tag","embeddable":true,"href":"https:\/\/historiografija.hr\/index.php?rest_route=%2Fwp%2Fv2%2Ftags&post=36596"}],"curies":[{"name":"wp","href":"https:\/\/api.w.org\/{rel}","templated":true}]}}