{"id":36590,"date":"2023-07-19T15:02:48","date_gmt":"2023-07-19T15:02:48","guid":{"rendered":"http:\/\/historiografija.hr\/?p=36590"},"modified":"2023-07-19T15:02:48","modified_gmt":"2023-07-19T15:02:48","slug":"natalia-ginzburg-obiteljski-rjecnik","status":"publish","type":"post","link":"https:\/\/historiografija.hr\/?p=36590","title":{"rendered":"Natalia Ginzburg, \u201eObiteljski rje\u010dnik\u201c"},"content":{"rendered":"\n<p>Mnogo je Natalij\u0101 Ginzburg koje treba otkriti:\u00a0strogu urednicu, prevoditeljicu malih knji\u017eevnih dragulja, ironi\u010dnu i pronicljivu novinsku komentatoricu dru\u0161tvenih kretanja,\u00a0naoko drsku dramaturginju: toliko \u017eivot\u0101 u samo jednom\u00a0\u017eivotu. No, s koje god je strane odlu\u010dimo upoznati, ne mo\u017eemo presko\u010diti Obiteljski rje\u010dnik. Jedan od razloga \u0161to se\u00a0afirmirala upravo tom knjigom, \u0161to je zbog nje zasjala, \u010dinjenica je da je njome mnogobrojnim \u010ditateljima otkrila\u00a0kako pisac mo\u017ee govoriti o sebi pretvaraju\u0107i privatno u politi\u010dko, bez anga\u017eiranja, gotovo isklju\u010divo poetski esencijalno. Natalia Ginzburg spada me\u0111u velike europske\u00a0autorice \u2013 od Simone de Beauvoir do Annie Ernaux \u2013 koje\u00a0su obilje\u017eile \u017eanr autobiografije. I ona je, poput njih, stvorila ja toliko duboko i vrtoglavo da se pretvara u mi, i ona je\u00a0osobnu pri\u010du pretvorila u anatomiju jednog doba i jedne\u00a0zemlje. Na stranicama <em>Obiteljskog rje\u010dnika<\/em> privatni se \u017eivot\u00a0sastoji od fa\u0161izma, rasnih progona, ali i potrebe da se nakon rata krene iznova. Ali tu je i univerzalna tema koja se\u00a0ti\u010de svih nas u svim epohama: na\u010din na koji se mijenja na\u0161a\u00a0privr\u017eenost, kako odre\u0111ena prijateljstva, odre\u0111ene sklonosti postupno zamjenjuju obitelj iz koje potje\u010demo i postaju\u00a0na\u0161a nova obitelj. Za rje\u010dnikom obitelji Levi u ovom veli\u010danstvenom romanu slijede i drugi: rje\u010dnik Giulija Einaudija i Cesarea Pavesea, koji tu izlaze iz svoje dimenzije\u00a0legendarnih, gotovo svetih intelektualaca i postaju ljudski\u00a0likovi, istodobno krhki i sna\u017eni. \u2014\u00a0Nadia Terranova\u00a0<\/p>\n\n\n\n<hr class=\"wp-block-separator\"\/>\n\n\n\n<p>Jezik izvornika: talijanski<\/p>\n\n\n\n<p>Prijevod: Ana Badurina<\/p>\n\n\n\n<p>Broj stranica: 272<\/p>\n\n\n\n<p>Datum izdanja: travanj 2023.<\/p>\n\n\n\n<p>Naslov izvornika: Lessico Faligliare<\/p>\n\n\n\n<hr class=\"wp-block-separator\"\/>\n\n\n\n<p>Izvor:<\/p>\n\n\n\n<p><a href=\"https:\/\/fraktura.hr\/obiteljski-rjecnik.html\">https:\/\/fraktura.hr\/obiteljski-rjecnik.html<\/a><\/p>\n\n\n\n<hr class=\"wp-block-separator\"\/>\n","protected":false},"excerpt":{"rendered":"","protected":false},"author":2,"featured_media":36591,"comment_status":"open","ping_status":"open","sticky":false,"template":"","format":"standard","meta":{"_acf_changed":false,"jetpack_post_was_ever_published":false,"_jetpack_newsletter_access":"","_jetpack_dont_email_post_to_subs":false,"_jetpack_newsletter_tier_id":0,"_jetpack_memberships_contains_paywalled_content":false,"_jetpack_memberships_contains_paid_content":false,"footnotes":"","jetpack_publicize_message":"","jetpack_publicize_feature_enabled":true,"jetpack_social_post_already_shared":true,"jetpack_social_options":{"image_generator_settings":{"template":"highway","default_image_id":0,"font":"","enabled":false},"version":2}},"categories":[8,3,12],"tags":[],"class_list":["post-36590","post","type-post","status-publish","format-standard","has-post-thumbnail","hentry","category-knjige","category-novosti","category-knjizevnost"],"acf":{"facebook_opis":""},"jetpack_publicize_connections":[],"jetpack_featured_media_url":"https:\/\/i0.wp.com\/historiografija.hr\/wp-content\/uploads\/2023\/07\/obiteljski_rjecnik.jpg?fit=395%2C610&ssl=1","jetpack_sharing_enabled":true,"jetpack-related-posts":[],"_links":{"self":[{"href":"https:\/\/historiografija.hr\/index.php?rest_route=\/wp\/v2\/posts\/36590","targetHints":{"allow":["GET"]}}],"collection":[{"href":"https:\/\/historiografija.hr\/index.php?rest_route=\/wp\/v2\/posts"}],"about":[{"href":"https:\/\/historiografija.hr\/index.php?rest_route=\/wp\/v2\/types\/post"}],"author":[{"embeddable":true,"href":"https:\/\/historiografija.hr\/index.php?rest_route=\/wp\/v2\/users\/2"}],"replies":[{"embeddable":true,"href":"https:\/\/historiografija.hr\/index.php?rest_route=%2Fwp%2Fv2%2Fcomments&post=36590"}],"version-history":[{"count":1,"href":"https:\/\/historiografija.hr\/index.php?rest_route=\/wp\/v2\/posts\/36590\/revisions"}],"predecessor-version":[{"id":36592,"href":"https:\/\/historiografija.hr\/index.php?rest_route=\/wp\/v2\/posts\/36590\/revisions\/36592"}],"wp:featuredmedia":[{"embeddable":true,"href":"https:\/\/historiografija.hr\/index.php?rest_route=\/wp\/v2\/media\/36591"}],"wp:attachment":[{"href":"https:\/\/historiografija.hr\/index.php?rest_route=%2Fwp%2Fv2%2Fmedia&parent=36590"}],"wp:term":[{"taxonomy":"category","embeddable":true,"href":"https:\/\/historiografija.hr\/index.php?rest_route=%2Fwp%2Fv2%2Fcategories&post=36590"},{"taxonomy":"post_tag","embeddable":true,"href":"https:\/\/historiografija.hr\/index.php?rest_route=%2Fwp%2Fv2%2Ftags&post=36590"}],"curies":[{"name":"wp","href":"https:\/\/api.w.org\/{rel}","templated":true}]}}