{"id":36574,"date":"2023-07-18T15:28:22","date_gmt":"2023-07-18T15:28:22","guid":{"rendered":"http:\/\/historiografija.hr\/?p=36574"},"modified":"2023-07-18T15:31:11","modified_gmt":"2023-07-18T15:31:11","slug":"jasenovac-concentration-camp-an-unfinished-past-edited-by-andriana-kuznar-stipe-odak-danijela-lucic","status":"publish","type":"post","link":"https:\/\/historiografija.hr\/?p=36574","title":{"rendered":"Jasenovac Concentration Camp: An Unfinished Past. Edited by Andriana Ben\u010di\u0107 Ku\u017enar, Danijela Luci\u0107 and Stipe Odak"},"content":{"rendered":"\n<p>Nakon objave 2018. godine zbornika \u201eJasenovac \u2013 manipulacije, kontroverze i povijesni revizionizam\u201c, objavljeno je 2023. godine i njegovo izdanje na engleskom jeziku.<\/p>\n\n\n\n<hr class=\"wp-block-separator\"\/>\n\n\n\n<p>This book presents state-of-the-art discussions around the concentration camp Jasenovac. Initially one of the largest camps of the Second World War, Jasenovac became a symbol of supra-national unity during the Yugoslav period and in the 1990s re-emerged as a contested symbol of narrational victimhood. By analyzing some of the most controversial topics related to the Second World War in south-eastern Europe \u2013 the Holocaust, the genocide of Serbs and Roma, the issues of political prisoners and state-sponsored crimes, censorship during Communist Yugoslavia, the use of memory in war propaganda, and representation of tragedies in museums and art \u2013 the book allows for a greater understanding of the development of intergroup violence in the former Yugoslavia. It will be of interest to scholars and students of history, genocide studies, memory studies, and sociology as well as professionals working in the field of conflict resolution and reconciliation.<\/p>\n\n\n\n<hr class=\"wp-block-separator\"\/>\n\n\n\n<p><strong>Table of Contents<\/strong><\/p>\n\n\n\n<p><strong>Part I: Naming<\/strong><\/p>\n\n\n\n<p>&nbsp;1. Jasenovac Uses and Misuses of the Past: Manipulations and Historical Revisionism Surrounding the Biggest WWII Camp in the Balkans&nbsp;<br><em>Stipe ODAK, Andriana BEN\u010cI\u0106 KU\u017dNAR, and Danijela LUCI\u0106<\/em><\/p>\n\n\n\n<p>2.The Road to \u2018Serbian Yad Vashem\u2019: Manipulations of the History of the Sajmi\u0161te and Jasenovac Camps&nbsp;<br><em>Jovan BYFORD<\/em><\/p>\n\n\n\n<p>3. Racial Laws in the Independent State of Croatia: Social and Legal Aspects&nbsp;<br><em>Nata\u0161a MATAU\u0160I\u0106<\/em><\/p>\n\n\n\n<p>4. Crime and Punishment, or \u2013 What is the Connection between Jasenovac and Bleiburg? Biographical Excerpts on War Criminals from the Jasenovac Camp<em><br>Ivo GOLDSTEIN<\/em><\/p>\n\n\n\n<p><strong>Part II: Counting<\/strong><\/p>\n\n\n\n<p>5. Jasenovac and Bleiburg between Facts and Manipulations&nbsp;<br><em>Vladimir GEIGER and Martina GRAHEK RAVAN\u010cI\u0106<\/em><\/p>\n\n\n\n<p>6. Jasenovac Concentration Camp and Its Role in the Destruction of the NDH People: Calculation of the Possible Number of Victims Based on the Partially Revised 1964 Census&nbsp;<br><em>Dragan CVETKOVI\u0106<\/em><\/p>\n\n\n\n<p>7. Forgotten Victims of World War II:&nbsp;The Suffering of Roma in the Independent State of Croatia, 1941 \u2013 1945&nbsp;<br><em>Danijel VOJAK<\/em><\/p>\n\n\n\n<p><strong>Part&nbsp;III: Describing<\/strong><\/p>\n\n\n\n<p>8. Contested Cultural Memory in Jasenovac: A Post\u2013Communist\/Post\u2013Socialist Memorial Museum in an Era of Historical Revisionism&nbsp;<br><em>Vjeran PAVLAKOVI\u0106<\/em><\/p>\n\n\n\n<p>9.Jasenovac on Film: Manipulations of Identities and the Performance of Memory&nbsp;<br><em>Ana KR\u0160INI\u0106\u2013LOZICA<\/em><\/p>\n\n\n\n<p>10. The International Committee of the Red Cross and Camps on the Territory of the Independent State of Croatia with Special Review\u00a0of the Jasenovac Concentration Camp<br><em>Mario KEVO<\/em><\/p>\n\n\n\n<hr class=\"wp-block-separator\"\/>\n\n\n\n<p><strong>Editor(s)<\/strong><\/p>\n\n\n\n<p><strong>Biography<\/strong><\/p>\n\n\n\n<p><strong>Andriana Ben\u010di\u0107 Ku\u017enar <\/strong>is an assistant professor of Military Sociology at the Faculty of Humanities and Social Sciences, University of Zagreb (Croatia). She published the book Memory of the Croatian War of Independence in 2020. Her research interest lies in the intersection of nationhood and identity with collective memories of war and political uses of the past.<\/p>\n\n\n\n<p><strong>Danijela Luci\u0107 <\/strong>is an assistant professor of Military Sociology at the Faculty of Humanities and Social Sciences, University of Zagreb (Croatia). She published the book State Terrorism in 2019, and three co- authored books in the fields of war studies, security studies, and qualitative and quantitative research.<\/p>\n\n\n\n<p><strong>Stipe Odak <\/strong>is a researcher and lecturer at the Universit\u00e9 catholique de Louvain (Belgium). He received his PhD in Political and Social Sciences from UC Louvain and a doctorate in Theology from KU Leuven (Belgium). His research focuses on the intersections of memory, religion, and conflicts.<\/p>\n\n\n\n<hr class=\"wp-block-separator\"\/>\n\n\n\n<p><a href=\"https:\/\/www.routledge.com\/Jasenovac-Concentration-Camp-An-Unfinished-Past\/Kuznar-Odak-Lucic\/p\/book\/9781032353791\">https:\/\/www.routledge.com\/Jasenovac-Concentration-Camp-An-Unfinished-Past\/Kuznar-Odak-Lucic\/p\/book\/9781032353791<\/a><\/p>\n\n\n\n<hr class=\"wp-block-separator\"\/>\n\n\n\n<figure class=\"wp-block-embed-wordpress wp-block-embed is-type-wp-embed is-provider-historiografija-hr\"><div class=\"wp-block-embed__wrapper\">\n<blockquote class=\"wp-embedded-content\" data-secret=\"J0SX35NZFK\"><a href=\"https:\/\/historiografija.hr\/?p=9797\">Razgovor s Andrianom Ben\u010di\u0107 i Stipom Odakom o zborniku \u201eJasenovac \u2013 manipulacije, kontroverze i povijesni revizionizam\u201c<\/a><\/blockquote><iframe loading=\"lazy\" class=\"wp-embedded-content\" sandbox=\"allow-scripts\" security=\"restricted\" style=\"position: absolute; clip: rect(1px, 1px, 1px, 1px);\" title=\"&#8220;Razgovor s Andrianom Ben\u010di\u0107 i Stipom Odakom o zborniku \u201eJasenovac \u2013 manipulacije, kontroverze i povijesni revizionizam\u201c&#8221; &#8212; Historiografija.hr\" src=\"https:\/\/historiografija.hr\/?p=9797&#038;embed=true#?secret=J0SX35NZFK\" data-secret=\"J0SX35NZFK\" width=\"600\" height=\"338\" frameborder=\"0\" marginwidth=\"0\" marginheight=\"0\" scrolling=\"no\"><\/iframe>\n<\/div><\/figure>\n\n\n\n<hr class=\"wp-block-separator\"\/>\n","protected":false},"excerpt":{"rendered":"","protected":false},"author":2,"featured_media":36575,"comment_status":"open","ping_status":"open","sticky":false,"template":"","format":"standard","meta":{"_acf_changed":false,"jetpack_post_was_ever_published":false,"_jetpack_newsletter_access":"","_jetpack_dont_email_post_to_subs":false,"_jetpack_newsletter_tier_id":0,"_jetpack_memberships_contains_paywalled_content":false,"_jetpack_memberships_contains_paid_content":false,"footnotes":"","jetpack_publicize_message":"","jetpack_publicize_feature_enabled":true,"jetpack_social_post_already_shared":true,"jetpack_social_options":{"image_generator_settings":{"template":"highway","default_image_id":0,"font":"","enabled":false},"version":2}},"categories":[8,3],"tags":[],"class_list":["post-36574","post","type-post","status-publish","format-standard","has-post-thumbnail","hentry","category-knjige","category-novosti"],"acf":{"facebook_opis":""},"jetpack_publicize_connections":[],"jetpack_featured_media_url":"https:\/\/i0.wp.com\/historiografija.hr\/wp-content\/uploads\/2023\/07\/Jasenovac_book.png?fit=600%2C350&ssl=1","jetpack_sharing_enabled":true,"jetpack-related-posts":[],"_links":{"self":[{"href":"https:\/\/historiografija.hr\/index.php?rest_route=\/wp\/v2\/posts\/36574","targetHints":{"allow":["GET"]}}],"collection":[{"href":"https:\/\/historiografija.hr\/index.php?rest_route=\/wp\/v2\/posts"}],"about":[{"href":"https:\/\/historiografija.hr\/index.php?rest_route=\/wp\/v2\/types\/post"}],"author":[{"embeddable":true,"href":"https:\/\/historiografija.hr\/index.php?rest_route=\/wp\/v2\/users\/2"}],"replies":[{"embeddable":true,"href":"https:\/\/historiografija.hr\/index.php?rest_route=%2Fwp%2Fv2%2Fcomments&post=36574"}],"version-history":[{"count":4,"href":"https:\/\/historiografija.hr\/index.php?rest_route=\/wp\/v2\/posts\/36574\/revisions"}],"predecessor-version":[{"id":36579,"href":"https:\/\/historiografija.hr\/index.php?rest_route=\/wp\/v2\/posts\/36574\/revisions\/36579"}],"wp:featuredmedia":[{"embeddable":true,"href":"https:\/\/historiografija.hr\/index.php?rest_route=\/wp\/v2\/media\/36575"}],"wp:attachment":[{"href":"https:\/\/historiografija.hr\/index.php?rest_route=%2Fwp%2Fv2%2Fmedia&parent=36574"}],"wp:term":[{"taxonomy":"category","embeddable":true,"href":"https:\/\/historiografija.hr\/index.php?rest_route=%2Fwp%2Fv2%2Fcategories&post=36574"},{"taxonomy":"post_tag","embeddable":true,"href":"https:\/\/historiografija.hr\/index.php?rest_route=%2Fwp%2Fv2%2Ftags&post=36574"}],"curies":[{"name":"wp","href":"https:\/\/api.w.org\/{rel}","templated":true}]}}