{"id":36555,"date":"2023-07-17T21:12:36","date_gmt":"2023-07-17T21:12:36","guid":{"rendered":"http:\/\/historiografija.hr\/?p=36555"},"modified":"2023-07-17T21:12:36","modified_gmt":"2023-07-17T21:12:36","slug":"aleksandar-kluge-ko-izusti-utesnu-rec-izdajnik-je","status":"publish","type":"post","link":"https:\/\/historiografija.hr\/?p=36555","title":{"rendered":"Aleksandar Kluge, \u201eKo izusti ute\u0161nu re\u010d, izdajnik je\u201c"},"content":{"rendered":"\n<p>Pri\u010de u zbirci&nbsp;<em>\u201eKo izusti ute\u0161nu re\u010d, izdajnik je\u201c<\/em>&nbsp;posve\u0107ene su Fricu Baueru, nema\u010dkom Jevrejinu, progonjenom i mu\u010denom u koncentraci\u00adonom logoru za vreme nacisti\u010dkog re\u017eima, koji je nakon osloba\u0111anja proveo egzil u Danskoj, da bi kasnije kao tu\u017eilac u\u010destvovao u Frankfurt-Au\u0161vic sudskim procesima 1963. godine. Tragi\u010dno je okon\u010dao \u017eivot samoubistvom. Aleksander Kluge&nbsp;\u017eeli da sa\u010duva uspomenu na Bauerovo neumorno zalaganje za pravdu, posve\u0107eni rad, naglasiv\u0161i da je li\u010dnost koju \u201eniko od podmlatka ove zemlje nije zamenio\u201c.<\/p>\n\n\n\n<p>Knjiga se sastoji od 48 kratkih pri\u010da koje govore o nacisti\u010dkim zlo\u010di\u00adnima, antisemitizmu, kao i razli\u010ditim poku\u0161ajima da se zlo\u010dinima utekne. Pri\u010de su pisane iz raznovrsnih perspektiva koje uklju\u010duju zlo\u010dince, \u017ertve, posmatra\u010de, egzekutore i njihove saradnike, \u010dime se \u010ditaocu omo\u00adgu\u0107ava da sveobuhvatno razume anatomiju i strukturu zlo\u010dina, ali se ujedno stavlja u situaciju da oseti empatiju sa svim akterima bez obzira na njihovu poziciju.<\/p>\n\n\n\n<p>Nacisti\u010dka istorija o kojoj Aleksander Kluge govori, svedo\u010danstvo je, posmatrano iz Agambenove perspektive, svo\u0111enja \u010doveka na goli \u017eivot, na <em>homo sacer<\/em>-a<em>.<\/em>&nbsp;Ta brutalnost koja svodi ljudsko postojanje isklju\u010divo na telesnu egzistenciju, li\u0161enu politi\u010dke i dru\u0161tvene agesnosti, svodi tako\u0111e i smrt na jedan nedostojanstven \u010din, pri \u010demu se ne degradira \u017eivot ve\u0107 i sama smrt. Zato je danas, kad su masovna ubistva prestala (da li su?), va\u017eno \u010ditala\u010dkoj zajednici otkriti Aleksandera Klugea. Klugeovo delo poziva nas da promi\u0161ljamo ne samo pro\u0161lost ve\u0107 i sada\u0161njost, ne samo istoriju, ve\u0107 i prirodu zlo\u010dina, da identifikuju\u0107i se i sa zlo\u010dincima i sa \u017ertvama razumemo da mo\u017eemo biti i jedno i drugo.<\/p>\n\n\n\n<p>Jelena Vuki\u0107evi\u0107<\/p>\n\n\n\n<hr class=\"wp-block-separator\"\/>\n\n\n\n<p>Izvor:<\/p>\n\n\n\n<figure class=\"wp-block-embed-wordpress wp-block-embed is-type-wp-embed is-provider-polja\"><div class=\"wp-block-embed__wrapper\">\n<blockquote class=\"wp-embedded-content\" data-secret=\"BtjJrzxayE\"><a href=\"https:\/\/polja.rs\/proizvod\/ko-izusti-utesnu-rec-izdajnik-je\/\">\u201e\u041a\u043e \u0438\u0437\u0443\u0441\u0442\u0438 \u0443\u0442\u0435\u0448\u043d\u0443 \u0440\u0435\u0447, \u0438\u0437\u0434\u0430\u0458\u043d\u0438\u043a \u0458\u0435\u201c<\/a><\/blockquote><iframe loading=\"lazy\" class=\"wp-embedded-content\" sandbox=\"allow-scripts\" security=\"restricted\" style=\"position: absolute; clip: rect(1px, 1px, 1px, 1px);\" title=\"&#132;\u201e\u041a\u043e \u0438\u0437\u0443\u0441\u0442\u0438 \u0443\u0442\u0435\u0448\u043d\u0443 \u0440\u0435\u0447, \u0438\u0437\u0434\u0430\u0458\u043d\u0438\u043a \u0458\u0435\u201c&#147; &#8212; Polja\" src=\"https:\/\/polja.rs\/proizvod\/ko-izusti-utesnu-rec-izdajnik-je\/embed\/#?secret=5Mz2WFhYEX#?secret=BtjJrzxayE\" data-secret=\"BtjJrzxayE\" width=\"600\" height=\"338\" frameborder=\"0\" marginwidth=\"0\" marginheight=\"0\" scrolling=\"no\"><\/iframe>\n<\/div><\/figure>\n\n\n\n<hr class=\"wp-block-separator\"\/>\n","protected":false},"excerpt":{"rendered":"","protected":false},"author":2,"featured_media":36556,"comment_status":"open","ping_status":"open","sticky":false,"template":"","format":"standard","meta":{"_acf_changed":false,"jetpack_post_was_ever_published":false,"_jetpack_newsletter_access":"","_jetpack_dont_email_post_to_subs":false,"_jetpack_newsletter_tier_id":0,"_jetpack_memberships_contains_paywalled_content":false,"_jetpack_memberships_contains_paid_content":false,"footnotes":"","jetpack_publicize_message":"","jetpack_publicize_feature_enabled":true,"jetpack_social_post_already_shared":true,"jetpack_social_options":{"image_generator_settings":{"template":"highway","default_image_id":0,"font":"","enabled":false},"version":2}},"categories":[3,12],"tags":[],"class_list":["post-36555","post","type-post","status-publish","format-standard","has-post-thumbnail","hentry","category-novosti","category-knjizevnost"],"acf":{"facebook_opis":""},"jetpack_publicize_connections":[],"jetpack_featured_media_url":"https:\/\/i0.wp.com\/historiografija.hr\/wp-content\/uploads\/2023\/07\/Kluge.jpg?fit=812%2C1324&ssl=1","jetpack_sharing_enabled":true,"jetpack-related-posts":[],"_links":{"self":[{"href":"https:\/\/historiografija.hr\/index.php?rest_route=\/wp\/v2\/posts\/36555","targetHints":{"allow":["GET"]}}],"collection":[{"href":"https:\/\/historiografija.hr\/index.php?rest_route=\/wp\/v2\/posts"}],"about":[{"href":"https:\/\/historiografija.hr\/index.php?rest_route=\/wp\/v2\/types\/post"}],"author":[{"embeddable":true,"href":"https:\/\/historiografija.hr\/index.php?rest_route=\/wp\/v2\/users\/2"}],"replies":[{"embeddable":true,"href":"https:\/\/historiografija.hr\/index.php?rest_route=%2Fwp%2Fv2%2Fcomments&post=36555"}],"version-history":[{"count":1,"href":"https:\/\/historiografija.hr\/index.php?rest_route=\/wp\/v2\/posts\/36555\/revisions"}],"predecessor-version":[{"id":36557,"href":"https:\/\/historiografija.hr\/index.php?rest_route=\/wp\/v2\/posts\/36555\/revisions\/36557"}],"wp:featuredmedia":[{"embeddable":true,"href":"https:\/\/historiografija.hr\/index.php?rest_route=\/wp\/v2\/media\/36556"}],"wp:attachment":[{"href":"https:\/\/historiografija.hr\/index.php?rest_route=%2Fwp%2Fv2%2Fmedia&parent=36555"}],"wp:term":[{"taxonomy":"category","embeddable":true,"href":"https:\/\/historiografija.hr\/index.php?rest_route=%2Fwp%2Fv2%2Fcategories&post=36555"},{"taxonomy":"post_tag","embeddable":true,"href":"https:\/\/historiografija.hr\/index.php?rest_route=%2Fwp%2Fv2%2Ftags&post=36555"}],"curies":[{"name":"wp","href":"https:\/\/api.w.org\/{rel}","templated":true}]}}