{"id":36548,"date":"2023-07-14T17:11:45","date_gmt":"2023-07-14T17:11:45","guid":{"rendered":"http:\/\/historiografija.hr\/?p=36548"},"modified":"2023-07-14T17:12:32","modified_gmt":"2023-07-14T17:12:32","slug":"lecture-noah-shenker-beyond-the-era-of-the-witness-the-digital-afterlives-of-holocaust-testimony","status":"publish","type":"post","link":"https:\/\/historiografija.hr\/?p=36548","title":{"rendered":"Lecture: Noah Shenker &#8211; Beyond the Era of the Witness: The Digital Afterlives of Holocaust Testimony"},"content":{"rendered":"\n<p>Monday, July 17, 2023, 5:30 pm \u2013 7:30 pm<\/p>\n\n\n\n<hr class=\"wp-block-separator\"\/>\n\n\n\n<p>Speaker<\/p>\n\n\n\n<p><a href=\"https:\/\/research.monash.edu\/en\/persons\/noah-shenker\">Noah Shenker<\/a><\/p>\n\n\n\n<hr class=\"wp-block-separator\"\/>\n\n\n\n<p>As part of the<\/p>\n\n\n\n<p><strong>CEU Summer University Holocaust Testimonies and Their Afterlives Public Lecture Series (July 10 \u201317, 2023 2023)<\/strong><\/p>\n\n\n\n<p><strong>Noah Shenker <\/strong>(Monash University)<br><strong>Beyond the Era of the Witness: The Digital Afterlives of <\/strong>&nbsp;<strong>Holocaust Testimony<\/strong><\/p>\n\n\n\n<p>July 17, 5:30 pm Quantum Room (N15\/101), Budapest Site, Nador u. 13<\/p>\n\n\n\n<p>Noah Sheker is the N. Milgrom and 6a Foundation Senior Lecturer in Holocaust and Genocide Studies at Monash University\u2019s Australian Centre for Jewish Civilisation. His research and teaching traverse Jewish Studies, Holocaust and Genocide Studies, Cultural Studies, and Cinema and Media Studies. That interdisciplinary approach was at the center of his first book, <em>Reframing Holocaust Testimony, <\/em>published in 2015 by Indiana University Press as part of its Modern Jewish Experience series.<\/p>\n\n\n\n<p><strong>Abstract<\/strong><\/p>\n\n\n\n<p>The \u201cera of the witness\u201d marked by the consolidation of survivor memory through film, testimonies, and other media, is transitioning to a period in which witnesses will no longer be present to anchor those representations with their living, moral authority. It is a moment that has been anticipated for some time, contributing to scholarly examinations of \u201cpostmemory\u201d and the ways in which representations of the Holocaust might forge affective links to the past once survivors are gone. Museums find this new transition especially consequential, as they have relied on survivor docents to guide patrons through their halls, to lead public commemoration ceremonies, and to conduct community and student outreach. In the face of the looming aftermath of the aftermath\u2014one thrown into even starker relief in light of the health threats posed by COVID-19 to communities of survivors\u2014 institutions are grappling with ways to preserve the afterlives of Holocaust witnesses. This talk considers this critical juncture in Holocaust memory by examining various attempts to create digital afterlives of that event. The research upon which this talk is based aims to provide scholars, archivists, curators, and others, a new lens for interpreting and applying the DiT and other digital media representations of the Holocaust.<\/p>\n\n\n\n<hr class=\"wp-block-separator\"\/>\n\n\n\n<p><a href=\"https:\/\/events.ceu.edu\/2023-07-17\/noah-shenker-beyond-era-witness-digital-afterlives-holocaust-testimony\">https:\/\/events.ceu.edu\/2023-07-17\/noah-shenker-beyond-era-witness-digital-afterlives-holocaust-testimony<\/a><\/p>\n\n\n\n<hr class=\"wp-block-separator\"\/>\n","protected":false},"excerpt":{"rendered":"","protected":false},"author":2,"featured_media":36549,"comment_status":"open","ping_status":"open","sticky":false,"template":"","format":"standard","meta":{"_acf_changed":false,"_jetpack_newsletter_access":"","_jetpack_dont_email_post_to_subs":false,"_jetpack_newsletter_tier_id":0,"_jetpack_memberships_contains_paywalled_content":false,"_jetpack_memberships_contains_paid_content":false,"footnotes":"","jetpack_publicize_message":"","jetpack_publicize_feature_enabled":true,"jetpack_social_post_already_shared":true,"jetpack_social_options":{"image_generator_settings":{"template":"highway","default_image_id":0,"font":"","enabled":false},"version":2},"jetpack_post_was_ever_published":false},"categories":[3],"tags":[],"class_list":["post-36548","post","type-post","status-publish","format-standard","has-post-thumbnail","hentry","category-novosti"],"acf":{"facebook_opis":""},"jetpack_publicize_connections":[],"jetpack_featured_media_url":"https:\/\/i0.wp.com\/historiografija.hr\/wp-content\/uploads\/2023\/07\/shenker_s_web.jpg?fit=825%2C550&ssl=1","jetpack_sharing_enabled":true,"jetpack-related-posts":[{"id":39844,"url":"https:\/\/historiografija.hr\/?p=39844","url_meta":{"origin":36548,"position":0},"title":"Tanja Petrovi\u0107, \u201cUtopia of the Uniform: Affective Afterlives of the Yugoslav People&#8217;s Army\u201c","author":"Branimir Jankovi\u0107","date":"27. velja\u010de 2024.","format":false,"excerpt":"The compulsory service for young men in the Yugoslav People\u2019s Army (JNA) created bonds across ethnic, religious, and social lines. These bonds persisted even after the horrific violence of the 1990s, in which many of these men found themselves on opposite sides of the front lines. In Utopia of the\u2026","rel":"","context":"U &quot;Knjige&quot;","block_context":{"text":"Knjige","link":"https:\/\/historiografija.hr\/?cat=8"},"img":{"alt_text":"","src":"https:\/\/i0.wp.com\/historiografija.hr\/wp-content\/uploads\/2024\/02\/petrovic-tanja-utopia-of-the-uniform.jpg?fit=450%2C675&ssl=1&resize=350%2C200","width":350,"height":200},"classes":[]},{"id":54031,"url":"https:\/\/historiografija.hr\/?p=54031","url_meta":{"origin":36548,"position":1},"title":"Call for Book Chapters: Alternatives to the Nation-State: Federalism, Autonomy, and Post-Imperial Imaginaries in the Mediterranean Long Nineteenth Century","author":"Branimir Jankovi\u0107","date":"11. lipnja 2026.","format":false,"excerpt":"Workshop Date: September 24, 2026 - September 25, 2026 Location: Greece Subject Fields: Intellectual History, Modern European History \/ Studies \u00a0 \u00a0 \u00a0 \u00a0 \u00a0 \u00a0 \u00a0 \u00a0 \u00a0 \u00a0 \u00a0 \u00a0 \u00a0 \u00a0 \u00a0 \u00a0 \u00a0 \u00a0 \u00a0 \u00a0 \u00a0 \u00a0 \u00a0 \u00a0 \u00a0 \u00a0 \u00a0 \u00a0 \u00a0 \u00a0\u2026","rel":"","context":"U &quot;Novosti&quot;","block_context":{"text":"Novosti","link":"https:\/\/historiografija.hr\/?cat=3"},"img":{"alt_text":"","src":"https:\/\/i0.wp.com\/historiografija.hr\/wp-content\/uploads\/2026\/06\/HNet_Logo_with_tag.png?fit=1200%2C424&ssl=1&resize=350%2C200","width":350,"height":200,"srcset":"https:\/\/i0.wp.com\/historiografija.hr\/wp-content\/uploads\/2026\/06\/HNet_Logo_with_tag.png?fit=1200%2C424&ssl=1&resize=350%2C200 1x, https:\/\/i0.wp.com\/historiografija.hr\/wp-content\/uploads\/2026\/06\/HNet_Logo_with_tag.png?fit=1200%2C424&ssl=1&resize=525%2C300 1.5x, https:\/\/i0.wp.com\/historiografija.hr\/wp-content\/uploads\/2026\/06\/HNet_Logo_with_tag.png?fit=1200%2C424&ssl=1&resize=700%2C400 2x, https:\/\/i0.wp.com\/historiografija.hr\/wp-content\/uploads\/2026\/06\/HNet_Logo_with_tag.png?fit=1200%2C424&ssl=1&resize=1050%2C600 3x"},"classes":[]},{"id":55072,"url":"https:\/\/historiografija.hr\/?p=55072","url_meta":{"origin":36548,"position":2},"title":"Victoria Khiterer, \u201eBitter War of Memory: The Babyn Yar Massacre, Aftermath, and Commemoration\u201c","author":"Branimir Jankovi\u0107","date":"25. kolovoza 2026.","format":false,"excerpt":"Bitter War of Memory: The Babyn Yar Massacre, Aftermath, and Commemoration\u00a0discusses the Holocaust in Kyiv and the efforts to memorialize the Babyn Yar massacre. Babyn Yar is one of the largest Holocaust sites in the Soviet Union and modern Ukraine, where the Nazis and their collaborators killed virtually all the\u2026","rel":"","context":"U &quot;Knjige&quot;","block_context":{"text":"Knjige","link":"https:\/\/historiografija.hr\/?cat=8"},"img":{"alt_text":"","src":"https:\/\/i0.wp.com\/historiografija.hr\/wp-content\/uploads\/2026\/08\/Bitter-War-of-Memory-2.jpg?fit=596%2C466&ssl=1&resize=350%2C200","width":350,"height":200,"srcset":"https:\/\/i0.wp.com\/historiografija.hr\/wp-content\/uploads\/2026\/08\/Bitter-War-of-Memory-2.jpg?fit=596%2C466&ssl=1&resize=350%2C200 1x, https:\/\/i0.wp.com\/historiografija.hr\/wp-content\/uploads\/2026\/08\/Bitter-War-of-Memory-2.jpg?fit=596%2C466&ssl=1&resize=525%2C300 1.5x"},"classes":[]},{"id":52516,"url":"https:\/\/historiografija.hr\/?p=52516","url_meta":{"origin":36548,"position":3},"title":"Marko Grde\u0161i\u0107, Mislav \u017ditko, \u201eSocialist Economics in Yugoslavia: A Critical History\u201c","author":"Branimir Jankovi\u0107","date":"17. travnja 2026.","format":false,"excerpt":"This book presents a critical history of Yugoslav socialist economics, from its inception in the late 1940s to its dissolution in the late 1980s. After the dramatic break with the Soviet Union in 1948, Yugoslavia found itself in urgent need of a third way: A socialist trajectory which would not\u2026","rel":"","context":"U &quot;Knjige&quot;","block_context":{"text":"Knjige","link":"https:\/\/historiografija.hr\/?cat=8"},"img":{"alt_text":"","src":"https:\/\/i0.wp.com\/historiografija.hr\/wp-content\/uploads\/2026\/04\/Zitko_Grdesic.jpg?fit=350%2C535&ssl=1&resize=350%2C200","width":350,"height":200},"classes":[]},{"id":55016,"url":"https:\/\/historiografija.hr\/?p=55016","url_meta":{"origin":36548,"position":4},"title":"S\u00e9bastien Ledoux, \u201eThe Duty of Memory: Changing Language in the Era of Memory, 1970 \u2013 2010\u201c","author":"Branimir Jankovi\u0107","date":"19. kolovoza 2026.","format":false,"excerpt":"Within France, the expression \u201cduty of memory\u201d (devoir de m\u00e9moire)\u00a0speaks to a complex and ever-evolving relationship with the past. Emerging in the 1970s, this term raised questions about memorialization which dominated public debates in the 1990s, highlighting France\u2019s entanglements with colonialism and the Holocaust. Drawing on a variety of interviews,\u2026","rel":"","context":"U &quot;Knjige&quot;","block_context":{"text":"Knjige","link":"https:\/\/historiografija.hr\/?cat=8"},"img":{"alt_text":"","src":"https:\/\/i0.wp.com\/historiografija.hr\/wp-content\/uploads\/2026\/08\/The-Duty-of-Memory.jpg?fit=400%2C598&ssl=1&resize=350%2C200","width":350,"height":200},"classes":[]},{"id":52625,"url":"https:\/\/historiografija.hr\/?p=52625","url_meta":{"origin":36548,"position":5},"title":"Omer Bartov, \u201eIsrael: What Went Wrong?\u201c","author":"Branimir Jankovi\u0107","date":"23. travnja 2026.","format":false,"excerpt":"Professor Omer Bartov was born on a kibbutz, grew up in Tel Aviv and served in the Israel Defence Forces during the Yom Kippur War. He went on to become an expert on the German army and the Holocaust, before turning his attention to his native country.In Israel: What Went\u2026","rel":"","context":"U &quot;Knjige&quot;","block_context":{"text":"Knjige","link":"https:\/\/historiografija.hr\/?cat=8"},"img":{"alt_text":"","src":"https:\/\/i0.wp.com\/historiografija.hr\/wp-content\/uploads\/2026\/04\/Bartov.jpeg?fit=320%2C500&ssl=1&resize=350%2C200","width":350,"height":200},"classes":[]}],"_links":{"self":[{"href":"https:\/\/historiografija.hr\/index.php?rest_route=\/wp\/v2\/posts\/36548","targetHints":{"allow":["GET"]}}],"collection":[{"href":"https:\/\/historiografija.hr\/index.php?rest_route=\/wp\/v2\/posts"}],"about":[{"href":"https:\/\/historiografija.hr\/index.php?rest_route=\/wp\/v2\/types\/post"}],"author":[{"embeddable":true,"href":"https:\/\/historiografija.hr\/index.php?rest_route=\/wp\/v2\/users\/2"}],"replies":[{"embeddable":true,"href":"https:\/\/historiografija.hr\/index.php?rest_route=%2Fwp%2Fv2%2Fcomments&post=36548"}],"version-history":[{"count":2,"href":"https:\/\/historiografija.hr\/index.php?rest_route=\/wp\/v2\/posts\/36548\/revisions"}],"predecessor-version":[{"id":36551,"href":"https:\/\/historiografija.hr\/index.php?rest_route=\/wp\/v2\/posts\/36548\/revisions\/36551"}],"wp:featuredmedia":[{"embeddable":true,"href":"https:\/\/historiografija.hr\/index.php?rest_route=\/wp\/v2\/media\/36549"}],"wp:attachment":[{"href":"https:\/\/historiografija.hr\/index.php?rest_route=%2Fwp%2Fv2%2Fmedia&parent=36548"}],"wp:term":[{"taxonomy":"category","embeddable":true,"href":"https:\/\/historiografija.hr\/index.php?rest_route=%2Fwp%2Fv2%2Fcategories&post=36548"},{"taxonomy":"post_tag","embeddable":true,"href":"https:\/\/historiografija.hr\/index.php?rest_route=%2Fwp%2Fv2%2Ftags&post=36548"}],"curies":[{"name":"wp","href":"https:\/\/api.w.org\/{rel}","templated":true}]}}