{"id":36543,"date":"2023-07-14T17:01:46","date_gmt":"2023-07-14T17:01:46","guid":{"rendered":"http:\/\/historiografija.hr\/?p=36543"},"modified":"2023-07-14T17:06:42","modified_gmt":"2023-07-14T17:06:42","slug":"ausstellung-vuk-und-die-deutschen-der-serbische-pionier-der-sprachforschung-als-bruckenbauer-zwischen-den-kulturen","status":"publish","type":"post","link":"https:\/\/historiografija.hr\/?p=36543","title":{"rendered":"Ausstellung \u201eVuk und die Deutschen \u2013 Der serbische Pionier der Sprachforschung als Br\u00fcckenbauer zwischen den Kulturen\u201c"},"content":{"rendered":"\n<p>U Dr\u017eavnoj biblioteci u Berlinu otvorena je od 23. lipnja do 13. kolovoza 2023. izlo\u017eba &#8220;Vuk i Nijemci&#8221;.<\/p>\n\n\n\n<hr class=\"wp-block-separator\"\/>\n\n\n\n<p>Vom 23. Juni bis zum 13. August 2023 zeigt die Vuk Karad\u017ei\u0107-Stiftung in Zusammenarbeit mit der Botschaft der Republik Serbien und der Staatsbibliothek zu Berlin die Ausstellung&nbsp; \u201eVuk und die Deutschen\u201c im Osteuropa-Lesesaal. Auf 33 Tafeln widmet sich die Pr\u00e4sentation dem Deutschlandaufenthalt des renommierten serbischen Philologen Vuk Stefanovi\u0107 Karad\u017ei\u0107 (1787\u20131864) vor fast 200 Jahren. Karad\u017ei\u0107s bedeutende Arbeiten zur serbischen Sprache und Grammatik sowie seine Sammlung serbischer Volkslieder fanden bei Zeitgenossen wie Johann Wolfgang von Goethe und den Gebr\u00fcdern Grimm h\u00f6chste Wertsch\u00e4tzung, wie auch ihre Unterst\u00fctzung bei der \u00dcbersetzung ins Deutsche zeigt. W\u00e4hrend seiner Reise durch verschiedene deutsche St\u00e4dte wie Leipzig, Halle, Jena, Weimar, Kassel und G\u00f6ttingen in den Jahren 1823\/24 traf Vuk weitere bedeutende Gelehrte und Schriftsteller, die seinen Arbeiten h\u00f6chste Anerkennung zollten. Das zeigen nicht nur seine pers\u00f6nlichen Kontakte zu Goethe, Johann Gottfried Herder und Leopold von Ranke, sondern auch seine Mitgliedschaft in der Preu\u00dfischen Akademie der Wissenschaften.<\/p>\n\n\n\n<p>Die Staatsbibliothek zu Berlin digitalisiert aktuell im Rahmen des Fachinformationsdienstes Slawistik Vuks serbisch-deutsch-lateinisches W\u00f6rterbuch \u201e<a href=\"https:\/\/lbssbb.gbv.de\/DB=1\/XMLPRS=N\/PPN?PPN=42743842X\" target=\"_blank\" rel=\"noreferrer noopener\">Srpski rje\u010dnik<\/a>\u201c in der Ausgabe von 1898, sowie die \u201e<a href=\"https:\/\/lbssbb.gbv.de\/DB=1\/SET=3\/TTL=1\/CMD?ACT=SRCHM&amp;MATCFILTER=Y&amp;MATCSET=Y&amp;NOSCAN=Y&amp;PARSE_MNEMONICS=N&amp;PARSE_OPWORDS=N&amp;PARSE_OLDSETS=N&amp;ACT0=SRCH&amp;IKT0=5041&amp;TRM0=&amp;ACT1=*&amp;IKT1=4&amp;TRM1=&amp;ACT2=*&amp;IKT2=1&amp;TRM2=&amp;ACT3=*&amp;IKT3=2140&amp;TRM3=msslavwuk*&amp;SRT=YOP&amp;ADI_JVU=&amp;ADI_TAA=&amp;ADI_LND=&amp;ADI_MAT=O\" target=\"_blank\" rel=\"noreferrer noopener\">Sammlung Wuk<\/a>\u201c, bestehend aus 49 mittelalterlichen serbischen Handschriften, die 1856 von der Familie Karad\u017ei\u0107 erworben wurde. Die Handschriften aus dem 14. bis 17. Jahrhundert werden dabei im Rahmen eines Kooperationsprojektes mit der Serbischen Nationalbibliothek wissenschaftlich erschlossen und im Open-Access verf\u00fcgbar gemacht.<\/p>\n\n\n\n<p>Die Ausstellung wird durch einige Exponate aus dem Bestand der Staatsbibliothek zu Berlin abgerundet, darunter das Faksimile eines Briefes von Vuk Karad\u017ei\u0107 an Jacob Grimm, aktuell erworbene Forschungsliteratur und anschauliches Bildmaterial aus den beiden Digitalisierungsprojekten.<\/p>\n\n\n\n<p>Die Ausstellung wird <a rel=\"noreferrer noopener\" href=\"https:\/\/blog.sbb.berlin\/termin\/ausstellung-vuk-und-die-deutschen-der-serbische-pionier-der-sprachforschung-als-brueckenbauer-zwischen-den-kulturen\/\" target=\"_blank\">vom 23. Juni bis zum 13. August 2023 im Osteuropa-Lesesaal im Haus Potsdamer Stra\u00dfe<\/a> pr\u00e4sentiert.<\/p>\n\n\n\n<hr class=\"wp-block-separator\"\/>\n\n\n\n<figure class=\"wp-block-embed-wordpress wp-block-embed is-type-wp-embed is-provider-sbb-aktuell\"><div class=\"wp-block-embed__wrapper\">\n<blockquote class=\"wp-embedded-content\" data-secret=\"4tB18t1Q6j\"><a href=\"https:\/\/blog.sbb.berlin\/termin\/ausstellung-vuk-und-die-deutschen-der-serbische-pionier-der-sprachforschung-als-brueckenbauer-zwischen-den-kulturen\/\">Ausstellung: Vuk und die Deutschen &#8211; Der serbische Pionier der Sprachforschung als Br\u00fcckenbauer zwischen den Kulturen<\/a><\/blockquote><iframe loading=\"lazy\" class=\"wp-embedded-content\" sandbox=\"allow-scripts\" security=\"restricted\" style=\"position: absolute; clip: rect(1px, 1px, 1px, 1px);\" title=\"&#8222;Ausstellung: Vuk und die Deutschen &#8211; Der serbische Pionier der Sprachforschung als Br\u00fcckenbauer zwischen den Kulturen&#8220; &#8212; SBB aktuell\" src=\"https:\/\/blog.sbb.berlin\/termin\/ausstellung-vuk-und-die-deutschen-der-serbische-pionier-der-sprachforschung-als-brueckenbauer-zwischen-den-kulturen\/embed\/#?secret=aMuGHPotr3#?secret=4tB18t1Q6j\" data-secret=\"4tB18t1Q6j\" width=\"600\" height=\"338\" frameborder=\"0\" marginwidth=\"0\" marginheight=\"0\" scrolling=\"no\"><\/iframe>\n<\/div><\/figure>\n\n\n\n<hr class=\"wp-block-separator\"\/>\n","protected":false},"excerpt":{"rendered":"","protected":false},"author":2,"featured_media":36544,"comment_status":"open","ping_status":"open","sticky":false,"template":"","format":"standard","meta":{"_acf_changed":false,"jetpack_post_was_ever_published":false,"_jetpack_newsletter_access":"","_jetpack_dont_email_post_to_subs":false,"_jetpack_newsletter_tier_id":0,"_jetpack_memberships_contains_paywalled_content":false,"_jetpack_memberships_contains_paid_content":false,"footnotes":"","jetpack_publicize_message":"","jetpack_publicize_feature_enabled":true,"jetpack_social_post_already_shared":true,"jetpack_social_options":{"image_generator_settings":{"template":"highway","default_image_id":0,"font":"","enabled":false},"version":2}},"categories":[10,3],"tags":[],"class_list":["post-36543","post","type-post","status-publish","format-standard","has-post-thumbnail","hentry","category-izlozbe","category-novosti"],"acf":{"facebook_opis":""},"jetpack_publicize_connections":[],"jetpack_featured_media_url":"https:\/\/i0.wp.com\/historiografija.hr\/wp-content\/uploads\/2023\/07\/Pavel_Djurkovic_Mladi_Vuk_Karadzic_1816.jpg?fit=1280%2C720&ssl=1","jetpack_sharing_enabled":true,"jetpack-related-posts":[],"_links":{"self":[{"href":"https:\/\/historiografija.hr\/index.php?rest_route=\/wp\/v2\/posts\/36543","targetHints":{"allow":["GET"]}}],"collection":[{"href":"https:\/\/historiografija.hr\/index.php?rest_route=\/wp\/v2\/posts"}],"about":[{"href":"https:\/\/historiografija.hr\/index.php?rest_route=\/wp\/v2\/types\/post"}],"author":[{"embeddable":true,"href":"https:\/\/historiografija.hr\/index.php?rest_route=\/wp\/v2\/users\/2"}],"replies":[{"embeddable":true,"href":"https:\/\/historiografija.hr\/index.php?rest_route=%2Fwp%2Fv2%2Fcomments&post=36543"}],"version-history":[{"count":3,"href":"https:\/\/historiografija.hr\/index.php?rest_route=\/wp\/v2\/posts\/36543\/revisions"}],"predecessor-version":[{"id":36547,"href":"https:\/\/historiografija.hr\/index.php?rest_route=\/wp\/v2\/posts\/36543\/revisions\/36547"}],"wp:featuredmedia":[{"embeddable":true,"href":"https:\/\/historiografija.hr\/index.php?rest_route=\/wp\/v2\/media\/36544"}],"wp:attachment":[{"href":"https:\/\/historiografija.hr\/index.php?rest_route=%2Fwp%2Fv2%2Fmedia&parent=36543"}],"wp:term":[{"taxonomy":"category","embeddable":true,"href":"https:\/\/historiografija.hr\/index.php?rest_route=%2Fwp%2Fv2%2Fcategories&post=36543"},{"taxonomy":"post_tag","embeddable":true,"href":"https:\/\/historiografija.hr\/index.php?rest_route=%2Fwp%2Fv2%2Ftags&post=36543"}],"curies":[{"name":"wp","href":"https:\/\/api.w.org\/{rel}","templated":true}]}}