{"id":36536,"date":"2023-07-14T16:22:17","date_gmt":"2023-07-14T16:22:17","guid":{"rendered":"http:\/\/historiografija.hr\/?p=36536"},"modified":"2023-07-14T16:23:44","modified_gmt":"2023-07-14T16:23:44","slug":"damir-odak-40-izgubljenih-godina-hrvatskoga-gospodarstva","status":"publish","type":"post","link":"https:\/\/historiografija.hr\/?p=36536","title":{"rendered":"Damir Odak, \u201c40 izgubljenih godina hrvatskoga gospodarstva\u201d"},"content":{"rendered":"\n<p>Hrvatsko je gospodarstvo stolje\u0107ima dijelilo sudbinu hrvatskog naroda, uklopljeno u ve\u0107a gospodarstva kojima hrvatski razvoj nije bio najva\u017eniji. Ometano svojim polo\u017eajem na granicama carstava, ratovima i promjenama dr\u017eavnog ustroja, raslo je sporije i nestalnije od gospodarstva razvijenih europskih dr\u017eava.<br>Po\u010dev\u0161i od ranih 50-ih, pa do kraja 70-ih godina pro\u0161log stolje\u0107a doga\u0111a se iznimka od tog pravila i hrvatski rast naglo ubrzava pribli\u017eavaju\u0107i razinu razvoja Hrvatske razvijenim europskim dr\u017eavama. Na\u017ealost, ono \u0161to je slijedilo pokazuje da je iznimka ipak bila samo iznimka. Nakon 1980. hrvatski rast staje i po\u010dinje razdoblje \u201epulsiraju\u0107e stagnacije\u201d koje traje ve\u0107 \u010detiri desetlje\u0107a.<br>Ova knjiga poku\u0161ava prona\u0107i odgovore za\u0161to se to doga\u0111a, i to upravo sada kada hrvatski narod prvi put u povijesti samostalno i svojom voljom upravlja svojom sudbinom. Namjerno ka\u017eemo odgovore, jer autor ne nudi jedan sveobuhvatan odgovor.<br>U opisima demografske implozije, \u0161irenja uloge dr\u017eave i radikalno monokulturnog restrukturiranja gospodarstva knjiga velikim brojem pokazatelja op\u0161irno dokumentira i opisuje tih 40 turbulentnih godina. Iako opis tog razdoblja, gledano u cjelini, ne budi optimizam, uo\u010dena su i zbivanja koja za njega daju osnove. U razdobljima rasta, hrvatsko gospodarstvo raste br\u017ee od prosjeka svijeta. Me\u0111utim, problem je u strukturnim slabostima koje je svaki put tijekom rasta stvaralo, uzrokuju\u0107i volatilnost rasta i osjetljivost gospodarstva na \u0161okove.<br><br><br>O AUTORU:<br>Damir Odak ro\u0111en je u Splitu 1964., diplomirao je 1987. na Ekonomskom fakultetu u Zagrebu, a ubrzo nakon toga postao je jedan od najmla\u0111ih upravlja\u010da koji su vodili tranziciju financijskog sektora Hrvatske 90-ih godina 20. stolje\u0107a. Svoju bogatu i vrlo dinami\u010dnu karijeru u bankarstvu po\u010deo je ve\u0107 s 26 godina kada je organizirao osnivanje Trgova\u010dke banke d. d., kojoj je na \u010delu bio do 1997. Tada prelazi u Zagreba\u010dku banku u kojoj rukovodi poslovanjem s poduze\u0107ima do 2003. Posebni izazovi u tom razdoblju bili su mu ra\u0161\u010di\u0161\u0107avanje posljedica gospodarske krize iz 1999. te aktivno sudjelovanje u pozicioniranju Zagreba\u010dke banke na tr\u017ei\u0161tu Bosne i Hercegovine te u pregovorima kad je strana grupacija UniCredito Italiano preuzela banku.<br>Godine 2003. preuzima vodstvo Nove banke d. d., u kojoj provodi integraciju i reorganizaciju, vodi spajanje te banke s Dubrova\u010dkom bankom d. d. i nakon toga sudjeluje u procesu pronala\u017eenja novog vlasnika banke \u2013 OTP-a te joj ostaje na \u010delu do 2011.<br>\u010clanom tima guvernera Borisa Vuj\u010di\u0107a bio je od 2012. do 2018. kada je kao viceguverner Hrvatske narodne banke bio zadu\u017een za nadzor banaka. U tom se razdoblju suo\u010dava s problemima koje je bankarskom sustavu stvorio visoki udjel neprihoduju\u0107ih kredita, a poslije i sa zbivanjima vezanima za restrukturiranje Agrokora.<br>Godine 2021. odlukom Upravnog vije\u0107a Europske sredi\u0161nje banke imenovan je za \u010dlana Administrative Board of Review, radnog tijela Europske sredi\u0161nje banke.<br>Na osnovi iskustava koja je stekao kao bankar i nadzornik banaka, 2020. objavljuje knjigu A Political Economy of Banking Supervision (Politi\u010dka ekonomija nadzora banaka) u izdanju \u0161vicarskog nakladnika Springer Nature. Svojom sljede\u0107om knjigom, ovom koju dr\u017eite u ruci, poku\u0161avaju\u0107i prepoznati uzroke dugoro\u010dnog zastoja hrvatskoga gospodarskog rasta, vra\u0107a se po\u010detcima svoje karijere kad je bio asistent profesoru Branku Horvatu na Ekonomskom fakultetu i znanstveni novak na Ekonomskom institutu.<br><br><br>RECENZIJE:<br>\u201eU ovom stru\u010dnom i produhovljenom publicisti\u010dkom \u0161tivu autor suvereno i realisti\u010dno vodi \u010ditatelje kroz kompleksne me\u0111uodnose brojnih ekonomskih varijabli i precizno secira uzroke izgubljenih desetlje\u0107a i zaostajanja Hrvatske u odnosu na svijet, s posebnim osvrtima na institucionalne, politi\u010dke, vanjske, ali i psiholo\u0161ke \u010dimbenike koji su tome pridonijeli. Iako \u0107e ova knjiga ponajprije probuditi interes makroekonomista, politologa i sociologa, ona se izravno ti\u010de svih gra\u0111ana Lijepe Na\u0161e, kao i onih koji su iz nje oti\u0161li ili o tome razmi\u0161ljaju pa bi trebala biti dio svake ku\u0107ne biblioteke \u2013 kao podsjetnik za\u0161to smo uistinu tu gdje jesmo i kao ideja kakvi bismo trebali postati i kakav pristup od ljudi koji vode zemlju bismo trebali zahtijevati ako uistinu \u017eelimo promjene.\u201d<br>&#8211; prof. dr. sc. Ksenija Dumi\u010di\u0107<br><br>\u201eRazmjerno kompleksnu stru\u010dnu tematiku nije uvijek jednostavno prikazati na jednostavan i prosje\u010dnom \u010ditatelju razumljiv na\u010din. Knjiga je tour de force raznih kvantifikacija, veli\u010dina i omjera prikazanih u brojnim tablicama i grafikonima. Autor ih iznosi i obja\u0161njava s mnogo upornosti i strpljenja. Ipak, nikad ne dopu\u0161ta da brojke, tablice i grafovi preuzmu primat nad pri\u010dom. Autor tako (makro)ekonomskoj povijesti Hrvatske prilazi na publicisti\u010dki na\u010din, opisuju\u0107i gospodarske trendove i okolnosti u kojima su se odvijala gospodarska zbivanja na vrlo popularan, nerijetko i duhovit na\u010din. Pri\u010da o hrvatskom gospodarstvu gradi se vrlo jezgrovito, iznimno britkim stilom i povremeno za\u010dinjena obilnim dozama humora koji ponekad grani\u010di s ironijom ili \u010dak satirom, stvaraju\u0107i dobrodo\u0161lu protute\u017eu ozbiljnoj materiji. Uz kronologiju gospodarskih uspona i padova, autora posebno raduje razbijanje raznih popularnih mitova koji su se u pojedinim trenutcima \u010dvrsto ukorijenili u javnoj svijesti. A takvih mitova u Hrvatskoj doista ne nedostaje.\u201d<br>&#8211; mr. sc. Vedran \u0160o\u0161i\u0107<\/p>\n\n\n\n<hr class=\"wp-block-separator\"\/>\n\n\n\n<p>Izdava\u010d: \u0160kolska knjiga<\/p>\n\n\n\n<p>Broj stranica: 288<\/p>\n\n\n\n<p>Godina izdanja: 2022<\/p>\n\n\n\n<hr class=\"wp-block-separator\"\/>\n\n\n\n<p>Prelistaj izdanje:<\/p>\n\n\n\n<p><a href=\"https:\/\/shop.skolskaknjiga.hr\/40-izgubljenih-godina-hrvatskoga-gospodarstva.html\">https:\/\/shop.skolskaknjiga.hr\/40-izgubljenih-godina-hrvatskoga-gospodarstva.html<\/a><\/p>\n\n\n\n<hr class=\"wp-block-separator\"\/>\n","protected":false},"excerpt":{"rendered":"","protected":false},"author":2,"featured_media":36537,"comment_status":"open","ping_status":"open","sticky":false,"template":"","format":"standard","meta":{"_acf_changed":false,"jetpack_post_was_ever_published":false,"_jetpack_newsletter_access":"","_jetpack_dont_email_post_to_subs":false,"_jetpack_newsletter_tier_id":0,"_jetpack_memberships_contains_paywalled_content":false,"_jetpack_memberships_contains_paid_content":false,"footnotes":"","jetpack_publicize_message":"","jetpack_publicize_feature_enabled":true,"jetpack_social_post_already_shared":true,"jetpack_social_options":{"image_generator_settings":{"template":"highway","default_image_id":0,"font":"","enabled":false},"version":2}},"categories":[8,3],"tags":[],"class_list":["post-36536","post","type-post","status-publish","format-standard","has-post-thumbnail","hentry","category-knjige","category-novosti"],"acf":{"facebook_opis":""},"jetpack_publicize_connections":[],"jetpack_featured_media_url":"https:\/\/i0.wp.com\/historiografija.hr\/wp-content\/uploads\/2023\/07\/40-godina.jpg?fit=734%2C1000&ssl=1","jetpack_sharing_enabled":true,"jetpack-related-posts":[{"id":52607,"url":"https:\/\/historiografija.hr\/?p=52607","url_meta":{"origin":36536,"position":0},"title":"No\u0107 knjige: Kako je prije 410 godina smr\u0107u Shakespearea i Cervantesa zavr\u0161ilo razdoblje renesanse u knji\u017eevnosti","author":"Branimir Jankovi\u0107","date":"22. travnja 2026.","format":false,"excerpt":"\u010cetvrtak, 23. travnja 2026. u 18:00 sati, Knji\u017eara Matice hrvatske, Ulica Matice hrvatske 2, Zagreb Uvodna rije\u010d: dr. sc.\u00a0Dubravka Brezak Stama\u0107, pro\u010delnica Odjela za knji\u017eevnost Matice hrvatske Prof. dr. sc. Ivan Lupi\u0107, redoviti profesor u Odsjeku za anglistiku i Odsjeku za kroatistiku Sveu\u010dili\u0161ta u RijeciShakespeare, kazali\u0161te, glazbaKada se susre\u0107emo sa\u2026","rel":"","context":"U &quot;Novosti&quot;","block_context":{"text":"Novosti","link":"https:\/\/historiografija.hr\/?cat=3"},"img":{"alt_text":"","src":"https:\/\/i0.wp.com\/historiografija.hr\/wp-content\/uploads\/2026\/04\/noc_knjige_2026.jpg?fit=680%2C276&ssl=1&resize=350%2C200","width":350,"height":200,"srcset":"https:\/\/i0.wp.com\/historiografija.hr\/wp-content\/uploads\/2026\/04\/noc_knjige_2026.jpg?fit=680%2C276&ssl=1&resize=350%2C200 1x, https:\/\/i0.wp.com\/historiografija.hr\/wp-content\/uploads\/2026\/04\/noc_knjige_2026.jpg?fit=680%2C276&ssl=1&resize=525%2C300 1.5x"},"classes":[]},{"id":52631,"url":"https:\/\/historiografija.hr\/?p=52631","url_meta":{"origin":36536,"position":1},"title":"Predavanje Ivana Tepe\u0161a: Djelovanje hrvatske politi\u010dke emigracije","author":"Branimir Jankovi\u0107","date":"23. travnja 2026.","format":false,"excerpt":"Odjel za me\u0111unarodnu suradnju i iseljeni\u0161tvo Matice hrvatske Predavanje Ivana Tepe\u0161a: Djelovanje hrvatske politi\u010dke emigracije Utorak, 28. travnja 2026. u 18:00 sati, Dvorana Ljudevita Jonkea (Mala dvorana MH), Strossmayerov trg 4, Zagreb dr. sc. Ivan Tepe\u0161, Institut za istra\u017eivanje migracija Hrvatska politi\u010dka emigracija obilje\u017eila je polustoljetnu hrvatsku povijest u drugoj\u2026","rel":"","context":"U &quot;Novosti&quot;","block_context":{"text":"Novosti","link":"https:\/\/historiografija.hr\/?cat=3"},"img":{"alt_text":"","src":"","width":0,"height":0},"classes":[]},{"id":52499,"url":"https:\/\/historiografija.hr\/?p=52499","url_meta":{"origin":36536,"position":2},"title":"POTPISAN UGOVOR O ZNANSTVENO-ISTRA\u017dIVA\u010cKOJ SURADNJI: PROJEKT \u201eTEMELJI HRVATSKE SAMOSTALNOSTI\u201d","author":"Branimir Jankovi\u0107","date":"17. travnja 2026.","format":false,"excerpt":"Hrvatski institut za povijest, Sveu\u010dili\u0161te obrane i sigurnosti \u201eDr. Franjo Tu\u0111man\u201d, Institut dru\u0161tvenih znanosti Ivo Pilar i Hrvatski dr\u017eavni arhiv\u00a0potpisali su 23. o\u017eujka 2026.\u00a0Ugovor o znanstveno-istra\u017eiva\u010dkoj suradnji s ciljem provedbe projekta \u201eTemelji hrvatske samostalnosti\u201d. Tim projektom obuhva\u0107a se istra\u017eivanje arhivskoga gradiva, priprema znanstvenih publikacija, digitalizacija i javna prezentacija rezultata istra\u017eivanja\u2026","rel":"","context":"U &quot;Novosti&quot;","block_context":{"text":"Novosti","link":"https:\/\/historiografija.hr\/?cat=3"},"img":{"alt_text":"","src":"https:\/\/i0.wp.com\/historiografija.hr\/wp-content\/uploads\/2026\/04\/THS_sporazum.jpg?fit=1200%2C583&ssl=1&resize=350%2C200","width":350,"height":200,"srcset":"https:\/\/i0.wp.com\/historiografija.hr\/wp-content\/uploads\/2026\/04\/THS_sporazum.jpg?fit=1200%2C583&ssl=1&resize=350%2C200 1x, https:\/\/i0.wp.com\/historiografija.hr\/wp-content\/uploads\/2026\/04\/THS_sporazum.jpg?fit=1200%2C583&ssl=1&resize=525%2C300 1.5x, https:\/\/i0.wp.com\/historiografija.hr\/wp-content\/uploads\/2026\/04\/THS_sporazum.jpg?fit=1200%2C583&ssl=1&resize=700%2C400 2x, https:\/\/i0.wp.com\/historiografija.hr\/wp-content\/uploads\/2026\/04\/THS_sporazum.jpg?fit=1200%2C583&ssl=1&resize=1050%2C600 3x"},"classes":[]},{"id":52502,"url":"https:\/\/historiografija.hr\/?p=52502","url_meta":{"origin":36536,"position":3},"title":"Novi znanstveni projekt Hrvatskog instituta za povijest: \u201c\u017drtve ratova i dr\u017eavnog\/politi\u010dkog nasilja u hrvatskoj povijesti 20. stolje\u0107a\u201d","author":"Branimir Jankovi\u0107","date":"17. travnja 2026.","format":false,"excerpt":"Na redovitoj sjednici Vlade RH, 16. travnja 2026., donijet je Zaklju\u010dak kojim se pokre\u0107e znanstveni projekt \u201c\u017drtve ratova i dr\u017eavnog\/politi\u010dkog nasilja u hrvatskoj povijesti 20. stolje\u0107a\u201d. Projekt \u0107e provoditi i koordinirati Hrvatski institut za povijest u razdoblju trajanja projekta od pet godina. Zakljucak Vlade RH Iz teksta projektnog prijedloga: Problematika\u2026","rel":"","context":"U &quot;Novosti&quot;","block_context":{"text":"Novosti","link":"https:\/\/historiografija.hr\/?cat=3"},"img":{"alt_text":"","src":"https:\/\/i0.wp.com\/historiografija.hr\/wp-content\/uploads\/2026\/04\/Vlada-RH.jpg?fit=1200%2C557&ssl=1&resize=350%2C200","width":350,"height":200,"srcset":"https:\/\/i0.wp.com\/historiografija.hr\/wp-content\/uploads\/2026\/04\/Vlada-RH.jpg?fit=1200%2C557&ssl=1&resize=350%2C200 1x, https:\/\/i0.wp.com\/historiografija.hr\/wp-content\/uploads\/2026\/04\/Vlada-RH.jpg?fit=1200%2C557&ssl=1&resize=525%2C300 1.5x, https:\/\/i0.wp.com\/historiografija.hr\/wp-content\/uploads\/2026\/04\/Vlada-RH.jpg?fit=1200%2C557&ssl=1&resize=700%2C400 2x, https:\/\/i0.wp.com\/historiografija.hr\/wp-content\/uploads\/2026\/04\/Vlada-RH.jpg?fit=1200%2C557&ssl=1&resize=1050%2C600 3x"},"classes":[]},{"id":52559,"url":"https:\/\/historiografija.hr\/?p=52559","url_meta":{"origin":36536,"position":4},"title":"Dobitnici dr\u017eavne nagrade za znanost za 2024. godinu","author":"Branimir Jankovi\u0107","date":"20. travnja 2026.","format":false,"excerpt":"Na sjednici Odbora za podjelu dr\u017eavnih nagrada za znanost odr\u017eanoj 16. travnja 2026. godine donesena je Odluka o dodjeli dr\u017eavnih nagrada za znanost za 2024. godinu. Godi\u0161njom nagradom za popularizaciju i promid\u017ebu znanosti nagra\u0111eni su u podru\u010dju humanisti\u010dkih znanosti znanstveni suradnici dr. sc. Josip Mihaljevi\u0107 i dr. sc. Gordan Ravan\u010di\u0107,\u2026","rel":"","context":"U &quot;Novosti&quot;","block_context":{"text":"Novosti","link":"https:\/\/historiografija.hr\/?cat=3"},"img":{"alt_text":"","src":"https:\/\/i0.wp.com\/historiografija.hr\/wp-content\/uploads\/2021\/12\/povijesne-kontroverze.jpg?fit=1200%2C675&ssl=1&resize=350%2C200","width":350,"height":200,"srcset":"https:\/\/i0.wp.com\/historiografija.hr\/wp-content\/uploads\/2021\/12\/povijesne-kontroverze.jpg?fit=1200%2C675&ssl=1&resize=350%2C200 1x, https:\/\/i0.wp.com\/historiografija.hr\/wp-content\/uploads\/2021\/12\/povijesne-kontroverze.jpg?fit=1200%2C675&ssl=1&resize=525%2C300 1.5x, https:\/\/i0.wp.com\/historiografija.hr\/wp-content\/uploads\/2021\/12\/povijesne-kontroverze.jpg?fit=1200%2C675&ssl=1&resize=700%2C400 2x, https:\/\/i0.wp.com\/historiografija.hr\/wp-content\/uploads\/2021\/12\/povijesne-kontroverze.jpg?fit=1200%2C675&ssl=1&resize=1050%2C600 3x"},"classes":[]},{"id":52666,"url":"https:\/\/historiografija.hr\/?p=52666","url_meta":{"origin":36536,"position":5},"title":"Najava programa Festivala povijesti Kliofest (5-8. V. 2026)","author":"Branimir Jankovi\u0107","date":"24. travnja 2026.","format":false,"excerpt":"Po trinaesti put odr\u017eava se Festival povijesti Kliofest! Do petka \u0107emo odr\u017eati osam okruglih stolova i dva kolokvija te niz predstavljanja knjiga i projekata razli\u010dite tematike, od antike do suvremenosti. Bit \u0107e predstavljeno i nekoliko izlo\u017ebi te odr\u017ean jedan povijesni kviz. Prikazat \u0107emo i jedan film \u2013 o generalu Boroevi\u0107u.\u2026","rel":"","context":"U &quot;Novosti&quot;","block_context":{"text":"Novosti","link":"https:\/\/historiografija.hr\/?cat=3"},"img":{"alt_text":"","src":"https:\/\/i0.wp.com\/historiografija.hr\/wp-content\/uploads\/2026\/04\/Kliofest-2026.jpg?fit=526%2C526&ssl=1&resize=350%2C200","width":350,"height":200,"srcset":"https:\/\/i0.wp.com\/historiografija.hr\/wp-content\/uploads\/2026\/04\/Kliofest-2026.jpg?fit=526%2C526&ssl=1&resize=350%2C200 1x, https:\/\/i0.wp.com\/historiografija.hr\/wp-content\/uploads\/2026\/04\/Kliofest-2026.jpg?fit=526%2C526&ssl=1&resize=525%2C300 1.5x"},"classes":[]}],"_links":{"self":[{"href":"https:\/\/historiografija.hr\/index.php?rest_route=\/wp\/v2\/posts\/36536","targetHints":{"allow":["GET"]}}],"collection":[{"href":"https:\/\/historiografija.hr\/index.php?rest_route=\/wp\/v2\/posts"}],"about":[{"href":"https:\/\/historiografija.hr\/index.php?rest_route=\/wp\/v2\/types\/post"}],"author":[{"embeddable":true,"href":"https:\/\/historiografija.hr\/index.php?rest_route=\/wp\/v2\/users\/2"}],"replies":[{"embeddable":true,"href":"https:\/\/historiografija.hr\/index.php?rest_route=%2Fwp%2Fv2%2Fcomments&post=36536"}],"version-history":[{"count":2,"href":"https:\/\/historiografija.hr\/index.php?rest_route=\/wp\/v2\/posts\/36536\/revisions"}],"predecessor-version":[{"id":36539,"href":"https:\/\/historiografija.hr\/index.php?rest_route=\/wp\/v2\/posts\/36536\/revisions\/36539"}],"wp:featuredmedia":[{"embeddable":true,"href":"https:\/\/historiografija.hr\/index.php?rest_route=\/wp\/v2\/media\/36537"}],"wp:attachment":[{"href":"https:\/\/historiografija.hr\/index.php?rest_route=%2Fwp%2Fv2%2Fmedia&parent=36536"}],"wp:term":[{"taxonomy":"category","embeddable":true,"href":"https:\/\/historiografija.hr\/index.php?rest_route=%2Fwp%2Fv2%2Fcategories&post=36536"},{"taxonomy":"post_tag","embeddable":true,"href":"https:\/\/historiografija.hr\/index.php?rest_route=%2Fwp%2Fv2%2Ftags&post=36536"}],"curies":[{"name":"wp","href":"https:\/\/api.w.org\/{rel}","templated":true}]}}