{"id":36514,"date":"2023-07-13T15:23:03","date_gmt":"2023-07-13T15:23:03","guid":{"rendered":"http:\/\/historiografija.hr\/?p=36514"},"modified":"2023-07-13T15:54:35","modified_gmt":"2023-07-13T15:54:35","slug":"ulrike-jureit-erinnern-als-uberschritt-reinhart-kosellecks-geschichtspolitische-interventionen","status":"publish","type":"post","link":"https:\/\/historiografija.hr\/?p=36514","title":{"rendered":"Ulrike Jureit, \u201eErinnern als \u00dcberschritt. Reinhart Kosellecks geschichtspolitische Interventionen\u201c"},"content":{"rendered":"\n<p>Povodom stote godi\u0161njice ro\u0111enja teoreti\u010dara povijesti Reinharta Kosellecka (1923-2006) objavljeni su tijekom 2023. godine mnogi prilozi u njema\u010dkim medijima, prire\u0111ena je knjiga Koselleckovih tekstova o politi\u010dkom kultu mrtvih i sje\u0107anju <a href=\"https:\/\/www.suhrkamp.de\/buch\/reinhart-koselleck-geronnene-lava-t-9783518587966\">Geronnene Lava. Texte zu politischem Totenkult und Erinnerung<\/a>, a Ulrike Jureit izdala je knjigu o Koselleckovim povijesnopoliti\u010dkim intervencijama.<\/p>\n\n\n\n<hr class=\"wp-block-separator\"\/>\n\n\n\n<p>Ulrike Jureit<\/p>\n\n\n\n<p><strong>Erinnern als \u00dcberschritt. Reinhart Kosellecks geschichtspolitische Interventionen<\/strong><\/p>\n\n\n\n<p>192 S.<\/p>\n\n\n\n<p>April 2023<\/p>\n\n\n\n<p>Historiker Koselleck als geschichtspolitischer Akteur und streitbarer Intellektueller.<\/p>\n\n\n\n<p>Im Jahr 1993 stie\u00dfen die Pl\u00e4ne der Bundesregierung zur Neugestaltung der Neuen Wache in Berlin auf erheblichen Widerspruch. Zu den sch\u00e4rfsten Kritikern dieser vor allem vom damaligen Bundeskanzler Helmut Kohl forcierten Umwidmung geh\u00f6rte Reinhart Koselleck, der wiederholt und f\u00fcr seine Verh\u00e4ltnisse ungew\u00f6hnlich lautstark Stellung bezog. R\u00fcckblickend erweist sich diese Kontroverse als der Beginn eines \u00f6ffentlichen Engagements, das man zuvor von dem Bielefelder Historiker nicht kannte. Ob Neue Wache oder Holocaust-Mahnmal \u2013 Koselleck \u00e4u\u00dferte sich fortan ebenso deutlich wie zunehmend polemisch zu den im vereinigten Deutschland verhandelten erinnerungskulturellen Gro\u00dfprojekten. Das Buch setzt Kosellecks geschichtspolitische Interventionen zu seiner Verzeitlichungstheorie der Moderne in Beziehung, reflektiert sie biographisch und geht zudem seiner Verh\u00e4ltnisbestimmung von Erfahrung und Erinnerung nach. Das Nachleben vergangener Ereignisse im Modus des Erinnerns verstand Koselleck als ein Transformationsgeschehen, das er in Anlehnung an Martin Heidegger als \u00dcberschritt begrifflich zu fassen versuchte.<\/p>\n\n\n\n<p><strong>Ulrike Jureit<\/strong> ist Historikerin und wissenschaftliche Mitarbeiterin der Hamburger Stiftung zur F\u00f6rderung von Wissenschaft und Kultur. Sie forscht und publiziert zur Sozial- und Kulturgeschichte des 19. und 20. Jahrhunderts.Ver\u00f6ffentlichungen u. a.: Denken im Raum. Friedrich Ratzel als Schl\u00fcsselfigur geopolitischer Theoriebildung (Mithg., 2021).<\/p>\n\n\n\n<hr class=\"wp-block-separator\"\/>\n\n\n\n<p><a href=\"https:\/\/www.wallstein-verlag.de\/9783835354357-erinnern-als-ueberschritt.html\">https:\/\/www.wallstein-verlag.de\/9783835354357-erinnern-als-ueberschritt.html<\/a><\/p>\n\n\n\n<hr class=\"wp-block-separator\"\/>\n","protected":false},"excerpt":{"rendered":"","protected":false},"author":2,"featured_media":36515,"comment_status":"open","ping_status":"open","sticky":false,"template":"","format":"standard","meta":{"_acf_changed":false,"jetpack_post_was_ever_published":false,"_jetpack_newsletter_access":"","_jetpack_dont_email_post_to_subs":false,"_jetpack_newsletter_tier_id":0,"_jetpack_memberships_contains_paywalled_content":false,"_jetpack_memberships_contains_paid_content":false,"footnotes":"","jetpack_publicize_message":"","jetpack_publicize_feature_enabled":true,"jetpack_social_post_already_shared":true,"jetpack_social_options":{"image_generator_settings":{"template":"highway","default_image_id":0,"font":"","enabled":false},"version":2}},"categories":[8,3],"tags":[],"class_list":["post-36514","post","type-post","status-publish","format-standard","has-post-thumbnail","hentry","category-knjige","category-novosti"],"acf":{"facebook_opis":""},"jetpack_publicize_connections":[],"jetpack_featured_media_url":"https:\/\/i0.wp.com\/historiografija.hr\/wp-content\/uploads\/2023\/07\/U_Jureit.png?fit=350%2C552&ssl=1","jetpack_sharing_enabled":true,"jetpack-related-posts":[],"_links":{"self":[{"href":"https:\/\/historiografija.hr\/index.php?rest_route=\/wp\/v2\/posts\/36514","targetHints":{"allow":["GET"]}}],"collection":[{"href":"https:\/\/historiografija.hr\/index.php?rest_route=\/wp\/v2\/posts"}],"about":[{"href":"https:\/\/historiografija.hr\/index.php?rest_route=\/wp\/v2\/types\/post"}],"author":[{"embeddable":true,"href":"https:\/\/historiografija.hr\/index.php?rest_route=\/wp\/v2\/users\/2"}],"replies":[{"embeddable":true,"href":"https:\/\/historiografija.hr\/index.php?rest_route=%2Fwp%2Fv2%2Fcomments&post=36514"}],"version-history":[{"count":4,"href":"https:\/\/historiografija.hr\/index.php?rest_route=\/wp\/v2\/posts\/36514\/revisions"}],"predecessor-version":[{"id":36522,"href":"https:\/\/historiografija.hr\/index.php?rest_route=\/wp\/v2\/posts\/36514\/revisions\/36522"}],"wp:featuredmedia":[{"embeddable":true,"href":"https:\/\/historiografija.hr\/index.php?rest_route=\/wp\/v2\/media\/36515"}],"wp:attachment":[{"href":"https:\/\/historiografija.hr\/index.php?rest_route=%2Fwp%2Fv2%2Fmedia&parent=36514"}],"wp:term":[{"taxonomy":"category","embeddable":true,"href":"https:\/\/historiografija.hr\/index.php?rest_route=%2Fwp%2Fv2%2Fcategories&post=36514"},{"taxonomy":"post_tag","embeddable":true,"href":"https:\/\/historiografija.hr\/index.php?rest_route=%2Fwp%2Fv2%2Ftags&post=36514"}],"curies":[{"name":"wp","href":"https:\/\/api.w.org\/{rel}","templated":true}]}}