{"id":36511,"date":"2023-07-13T14:46:14","date_gmt":"2023-07-13T14:46:14","guid":{"rendered":"http:\/\/historiografija.hr\/?p=36511"},"modified":"2023-07-13T14:46:14","modified_gmt":"2023-07-13T14:46:14","slug":"konferenz-gebrauchsweisen-und-aktualitat-des-werks-von-reinhart-koselleck","status":"publish","type":"post","link":"https:\/\/historiografija.hr\/?p=36511","title":{"rendered":"Konferenz \u201eGebrauchsweisen und Aktualit\u00e4t des Werks von Reinhart Koselleck\u201c"},"content":{"rendered":"\n<p>13 Jul 2023 \u2013 14 Jul 2023<\/p>\n\n\n\n<p><strong>Venue:<\/strong> Deutsches Literaturarchiv Marbach, Schillerh\u00f6he 8\u201310, 71672 Marbach am Neckar, Tagungsraum 2\u20133<\/p>\n\n\n\n<p><strong>Organized by<\/strong> Lucila Svampa (Universidad de Buenos Aires)<\/p>\n\n\n\n<p><strong>Research project(s):<\/strong> <a href=\"https:\/\/www.zfl-berlin.org\/project\/the-20th-century-in-basic-concepts.html\">The 20th Century in Basic Concepts<\/a><\/p>\n\n\n\n<p>It is without a doubt that the works of Reinhart Koselleck bear the great potential to enable a critical discussion of social and political issues across many different disciplines. But how are his concepts and approaches appropriated and developed further and how do they influence current research\u2014from historiography to sociology, the philosophy of history, or political theory? How can Koselleck\u2019s approaches and ideas be rendered productive for current debates? In honor of his one-hundreth birthday, this international conference on the actuality of Reinhart Koselleck\u2019s work will address these and other questions.<\/p>\n\n\n\n<p>The conference takes place in German and English.<\/p>\n\n\n\n<p>This event takes place at the Deutsches Literaturarchiv Marbach in collaboration with the Universidad de Buenos Aires and the ZfL. It is sponsored by the Fritz Thyssen Foundation and supported by the Alexander von Humboldt Foundation.<\/p>\n\n\n\n<p><strong>Program<\/strong><\/p>\n\n\n\n<p><strong>Thursday, 13 Jul 2023<\/strong><\/p>\n\n\n\n<p><strong>9.00 am<\/strong><\/p>\n\n\n\n<ul class=\"wp-block-list\"><li>Madeleine Brook (Deutsches Literaturarchiv Marbach)\/Lucila Svampa (Universidad de Buenos Aires): Greeting and introduction into the topic<\/li><li>Dorit Krusche (Deutsches Literaturarchiv Marbach): Der Nachlass von Reinhart Koselleck im DLA Marbach<\/li><\/ul>\n\n\n\n<p><strong>Panel 1:<br>Kosellecks Werk \u2013 Reflexionen in zeitgen\u00f6ssischen Kontexten (part I)<\/strong><br>Moderation: Falko Schmieder (ZfL)<\/p>\n\n\n\n<p><strong>10.00 am<\/strong><\/p>\n\n\n\n<ul class=\"wp-block-list\"><li>Gennaro Imbriano (Universit\u00e0 di Bologna): Krieg und Frieden. Reinhart Koselleck und die aktuelle Krisenlage<\/li><li>Sandro Chignola (Universit\u00e0 degli Studi di Padova): Koselleck and political philosophy (ONLINE)<\/li><\/ul>\n\n\n\n<p><strong>Kosellecks Werk und dessen Brisanz (part II)<\/strong><br>Moderation: Falko Schmieder (ZfL)<\/p>\n\n\n\n<p><strong>11.30 am<\/strong><\/p>\n\n\n\n<ul class=\"wp-block-list\"><li>Antonio G\u00f3mez Ramos (Universidad Carlos III de Madrid): Historische Zeit und tiefe Zeit: Koselleck und die Zeitschichten der \u00f6kologischen Krise<\/li><li>B\u00e9n\u00e9dicte Vauthier\/Rebeca Rodriguez Hoz (University of Bern): Warum die spanische Literaturgeschichte lesen angesichts des Werks Kosellecks?<\/li><\/ul>\n\n\n\n<p><strong>Panel 2:<\/strong><br><strong>Zusammenh\u00e4nge zwischen Bild und Zeit<\/strong><br>Moderation: Lucila Svampa (Universidad de Buenos Aires)<\/p>\n\n\n\n<p><strong>2.15 pm<\/strong><\/p>\n\n\n\n<ul class=\"wp-block-list\"><li>Bettina Brandt (Bielefeld University): Nicht repr\u00e4sentational, sondern reflexiv: Reinhart Kosellecks Bildverst\u00e4ndnis als methodische Anregung f\u00fcr die Geschichtswissenschaft<\/li><li>Jeffrey Andrew Barash (Paris): The Contemporaneity of the Noncontemporaneous: Images as many-layered traces of historical time, considered from the perspective of Reinhart Koselleck<\/li><li>Adriana Markantonatos (Ludwig-Maximilians-Universit\u00e4t M\u00fcnchen): Warum es (k)eine Wissen(schaft)sgeschichte der Koselleckschen Begriffsgeschichte braucht<\/li><\/ul>\n\n\n\n<p><strong>4.30 pm<\/strong><\/p>\n\n\n\n<p>Lorenz Wesemann (Deutsches Literaturarchiv Marbach): Guided tour of the Reinhart Koselleck author library at the DLA<strong>6.00 pm<\/strong><\/p>\n\n\n\n<ul class=\"wp-block-list\"><li>Book presentation: Der Riss in der Zeit. Kosellecks ungeschriebene Historik<br>Stefan Ludwig Hoffmann (University of California, Berkeley) in conversation with Dorit Krusche (Deutsches Literaturarchiv Marbach); moderation: Falko Schmieder (ZfL)<\/li><\/ul>\n\n\n\n<p><strong>Friday, 14 Jul 2023<\/strong><\/p>\n\n\n\n<p><strong>Panel 3:<\/strong><br><strong>Begriffsgeschichte und Theorie der Geschichte<\/strong><br>Moderation: Antonio G\u00f3mez Ramos (Universidad Carlos III de Madrid)<\/p>\n\n\n\n<p><strong>9.00 am<\/strong><\/p>\n\n\n\n<ul class=\"wp-block-list\"><li>Faustino Oncina Coves (Universitat de Val\u00e8ncia): Kosellecks Begriffsgeschichte und Kritik der Moderne<\/li><li>Manuel Orozco P\u00e9rez (Universidad de M\u00e1laga\/Madrid): Kosellecks Raumbegriff. Versuch einer Ann\u00e4herung.<\/li><li>Servanne Jollivet (\u00c9cole normale superieure, Paris): History as Combinatorics: Scale Games and Perspectives. Event and Structure Rethought by Koselleck<\/li><\/ul>\n\n\n\n<p><strong>Panel 4:<\/strong><br><strong>Ged\u00e4chtnis, Geschichtliche Ereignisse und Sprachhandlungen<\/strong><br>Moderation: Stefan Ludwig Hoffmann (University of California, Berkeley)<\/p>\n\n\n\n<p><strong>11.15 am<\/strong><\/p>\n\n\n\n<ul class=\"wp-block-list\"><li>Lucila Svampa (Universidad de Buenos Aires): Rationality, dreams and history. Reinhart Koselleck\u2019s perspective<\/li><li>Ulrike Jureit (Hamburg Institute for Social Research): Auf der Suche nach dem negativen Ged\u00e4chtnis: Zur Verh\u00e4ltnisbestimmung von Erfahren und Erinnern bei Reinhart Koselleck<\/li><li>El\u00edas Palti (Universidad de Buenos Aires): How to say things with actions. The Koselleck-Gadamer debate and the relationship between social and conceptual history (ONLINE)<\/li><\/ul>\n\n\n\n<p><strong>1.15 pm<\/strong><\/p>\n\n\n\n<ul class=\"wp-block-list\"><li>Closing discussion and end of conference<\/li><\/ul>\n\n\n\n<hr class=\"wp-block-separator\"\/>\n\n\n\n<p><a href=\"https:\/\/www.zfl-berlin.org\/event\/gebrauchsweisen-und-aktualitaet-des-werks-von-reinhart-koselleck.html\">https:\/\/www.zfl-berlin.org\/event\/gebrauchsweisen-und-aktualitaet-des-werks-von-reinhart-koselleck.html<\/a><\/p>\n\n\n\n<hr class=\"wp-block-separator\"\/>\n","protected":false},"excerpt":{"rendered":"","protected":false},"author":2,"featured_media":36512,"comment_status":"open","ping_status":"open","sticky":false,"template":"","format":"standard","meta":{"_acf_changed":false,"jetpack_post_was_ever_published":false,"_jetpack_newsletter_access":"","_jetpack_dont_email_post_to_subs":false,"_jetpack_newsletter_tier_id":0,"_jetpack_memberships_contains_paywalled_content":false,"_jetpack_memberships_contains_paid_content":false,"footnotes":"","jetpack_publicize_message":"","jetpack_publicize_feature_enabled":true,"jetpack_social_post_already_shared":true,"jetpack_social_options":{"image_generator_settings":{"template":"highway","default_image_id":0,"font":"","enabled":false},"version":2}},"categories":[3,9],"tags":[],"class_list":["post-36511","post","type-post","status-publish","format-standard","has-post-thumbnail","hentry","category-novosti","category-skupovi"],"acf":{"facebook_opis":""},"jetpack_publicize_connections":[],"jetpack_featured_media_url":"https:\/\/i0.wp.com\/historiografija.hr\/wp-content\/uploads\/2023\/07\/Koselleck_2023_Programm.jpg?fit=707%2C393&ssl=1","jetpack_sharing_enabled":true,"jetpack-related-posts":[],"_links":{"self":[{"href":"https:\/\/historiografija.hr\/index.php?rest_route=\/wp\/v2\/posts\/36511","targetHints":{"allow":["GET"]}}],"collection":[{"href":"https:\/\/historiografija.hr\/index.php?rest_route=\/wp\/v2\/posts"}],"about":[{"href":"https:\/\/historiografija.hr\/index.php?rest_route=\/wp\/v2\/types\/post"}],"author":[{"embeddable":true,"href":"https:\/\/historiografija.hr\/index.php?rest_route=\/wp\/v2\/users\/2"}],"replies":[{"embeddable":true,"href":"https:\/\/historiografija.hr\/index.php?rest_route=%2Fwp%2Fv2%2Fcomments&post=36511"}],"version-history":[{"count":1,"href":"https:\/\/historiografija.hr\/index.php?rest_route=\/wp\/v2\/posts\/36511\/revisions"}],"predecessor-version":[{"id":36513,"href":"https:\/\/historiografija.hr\/index.php?rest_route=\/wp\/v2\/posts\/36511\/revisions\/36513"}],"wp:featuredmedia":[{"embeddable":true,"href":"https:\/\/historiografija.hr\/index.php?rest_route=\/wp\/v2\/media\/36512"}],"wp:attachment":[{"href":"https:\/\/historiografija.hr\/index.php?rest_route=%2Fwp%2Fv2%2Fmedia&parent=36511"}],"wp:term":[{"taxonomy":"category","embeddable":true,"href":"https:\/\/historiografija.hr\/index.php?rest_route=%2Fwp%2Fv2%2Fcategories&post=36511"},{"taxonomy":"post_tag","embeddable":true,"href":"https:\/\/historiografija.hr\/index.php?rest_route=%2Fwp%2Fv2%2Ftags&post=36511"}],"curies":[{"name":"wp","href":"https:\/\/api.w.org\/{rel}","templated":true}]}}