{"id":36508,"date":"2023-07-13T14:34:33","date_gmt":"2023-07-13T14:34:33","guid":{"rendered":"http:\/\/historiografija.hr\/?p=36508"},"modified":"2023-07-13T14:34:33","modified_gmt":"2023-07-13T14:34:33","slug":"izlozba-neumorni-istrazivac-radivoj-simonovic-1858-1950-u-obrovcu","status":"publish","type":"post","link":"https:\/\/historiografija.hr\/?p=36508","title":{"rendered":"Izlo\u017eba \u201eNeumorni istra\u017eiva\u010d Radivoj Simonovi\u0107 (1858. &#8211; 1950.)\u201c u Obrovcu"},"content":{"rendered":"\n<p>Zavi\u010dajni muzej Obrovac i Samoborski muzej imaju \u010dast pozvati Vas na otvorenje izlo\u017ebe \u201eNeumorni istra\u017eiva\u010d Radivoj Simonovi\u0107 (1858. &#8211; 1950.)\u201c koje \u0107e se, u sklopu obilje\u017eavanja 40. godi\u0161njice postavljanja i otvaranja za javnost stalnog postava Etnografske zbirke ZM Obrovac, odr\u017eati u petak 14. srpnja 2023. godine u 11,00 sati u Zavi\u010dajnom muzeju Obrovac.<\/p>\n\n\n\n<p>Izlo\u017eba je posve\u0107ena Radivoju Simonovi\u0107u (1858. &#8211; 1950.), lije\u010dniku po struci, ali i strastvenom planinaru, fotografu amateru i istra\u017eiva\u010du kr\u0161kih fenomena koji od 1903. godine u vi\u0161e navrata posje\u0107uje Obrovac i Velebit. Jedan od njegovih prvih nosa\u010da na Velebit bio je Marko Ani\u0107 iz Kru\u0161eva, sela u neposrednoj okolici Obrovca. Simonovi\u0107 Velebit neumorno obilazi i istra\u017euje do 1938. godine. U tom je razdoblju snimio nekoliko tisu\u0107a fotografija koje objavljuje u \u010dasopisu \u201eHrvatski planinar\u201c. Dio navedene bogate fotografske gra\u0111e, me\u0111u kojima su panorame Obrovca, portreti Bukov\u010dana i Bukov\u010danki, stanovi bukova\u010dkih sto\u010dara na Velebitu i dr., 1958. godine posredstvom Hrvatskog planinarskog saveza, koji ju prethodno otkupljuje od Sofije Hirtz, dolazi u posjed Samoborskog muzeja.<\/p>\n\n\n\n<p>Autorice izlo\u017ebe su Zrinka Ku\u0161er i Ivana Pavlovi\u0107.<\/p>\n\n\n\n<p>Kustosica izlo\u017ebe je dr. sc. Marina Jurjevi\u0107.<\/p>\n\n\n\n<hr class=\"wp-block-separator\"\/>\n\n\n\n<p>Izvori:<\/p>\n\n\n\n<p><a href=\"https:\/\/mdc.hr\/\">https:\/\/mdc.hr\/<\/a><\/p>\n\n\n\n<p><a href=\"https:\/\/www.facebook.com\/profile.php?id=100065240060526\">https:\/\/www.facebook.com\/profile.php?id=100065240060526<\/a><\/p>\n\n\n\n<hr class=\"wp-block-separator\"\/>\n","protected":false},"excerpt":{"rendered":"","protected":false},"author":2,"featured_media":36509,"comment_status":"open","ping_status":"open","sticky":false,"template":"","format":"standard","meta":{"_acf_changed":false,"jetpack_post_was_ever_published":false,"_jetpack_newsletter_access":"","_jetpack_dont_email_post_to_subs":false,"_jetpack_newsletter_tier_id":0,"_jetpack_memberships_contains_paywalled_content":false,"_jetpack_memberships_contains_paid_content":false,"footnotes":"","jetpack_publicize_message":"","jetpack_publicize_feature_enabled":true,"jetpack_social_post_already_shared":true,"jetpack_social_options":{"image_generator_settings":{"template":"highway","default_image_id":0,"font":"","enabled":false},"version":2}},"categories":[10,3],"tags":[],"class_list":["post-36508","post","type-post","status-publish","format-standard","has-post-thumbnail","hentry","category-izlozbe","category-novosti"],"acf":{"facebook_opis":""},"jetpack_publicize_connections":[],"jetpack_featured_media_url":"https:\/\/i0.wp.com\/historiografija.hr\/wp-content\/uploads\/2023\/07\/Simonovic.jpg?fit=700%2C350&ssl=1","jetpack_sharing_enabled":true,"jetpack-related-posts":[],"_links":{"self":[{"href":"https:\/\/historiografija.hr\/index.php?rest_route=\/wp\/v2\/posts\/36508","targetHints":{"allow":["GET"]}}],"collection":[{"href":"https:\/\/historiografija.hr\/index.php?rest_route=\/wp\/v2\/posts"}],"about":[{"href":"https:\/\/historiografija.hr\/index.php?rest_route=\/wp\/v2\/types\/post"}],"author":[{"embeddable":true,"href":"https:\/\/historiografija.hr\/index.php?rest_route=\/wp\/v2\/users\/2"}],"replies":[{"embeddable":true,"href":"https:\/\/historiografija.hr\/index.php?rest_route=%2Fwp%2Fv2%2Fcomments&post=36508"}],"version-history":[{"count":1,"href":"https:\/\/historiografija.hr\/index.php?rest_route=\/wp\/v2\/posts\/36508\/revisions"}],"predecessor-version":[{"id":36510,"href":"https:\/\/historiografija.hr\/index.php?rest_route=\/wp\/v2\/posts\/36508\/revisions\/36510"}],"wp:featuredmedia":[{"embeddable":true,"href":"https:\/\/historiografija.hr\/index.php?rest_route=\/wp\/v2\/media\/36509"}],"wp:attachment":[{"href":"https:\/\/historiografija.hr\/index.php?rest_route=%2Fwp%2Fv2%2Fmedia&parent=36508"}],"wp:term":[{"taxonomy":"category","embeddable":true,"href":"https:\/\/historiografija.hr\/index.php?rest_route=%2Fwp%2Fv2%2Fcategories&post=36508"},{"taxonomy":"post_tag","embeddable":true,"href":"https:\/\/historiografija.hr\/index.php?rest_route=%2Fwp%2Fv2%2Ftags&post=36508"}],"curies":[{"name":"wp","href":"https:\/\/api.w.org\/{rel}","templated":true}]}}